{"id":20352,"date":"2016-11-17T22:49:51","date_gmt":"2016-11-17T19:49:51","guid":{"rendered":"http:\/\/www.bbyhaber.com\/bby\/?p=20352"},"modified":"2016-11-17T22:55:05","modified_gmt":"2016-11-17T19:55:05","slug":"gorme-engelliler-kitaplara-mobil-ortamda-ulasacak","status":"publish","type":"post","link":"https:\/\/www.bbyhaber.com\/bby\/2016\/11\/17\/gorme-engelliler-kitaplara-mobil-ortamda-ulasacak","title":{"rendered":"G\u00f6rme engelliler kitaplara mobil ortamda ula\u015facak"},"content":{"rendered":"<div id=\"skip-link\">\u00a0G\u00f6rme Engelliler Bilgi Merkezi Proje Tan\u0131t\u0131m\u0131<\/div>\n<div class=\"subContent fs24\">\n<div class=\"padd\">\n<p><video poster=\"https:\/\/seslikutuphane.ibb.gov.tr\/img\/1538131762016__4370080829.jpg\" controls=\"controls\" width=\"100%\" height=\"499\"><source src=\"https:\/\/seslikutuphane.ibb.gov.tr\/img\/1532531762016__8873407244.mp4\" type=\"video\/mp4\" \/><\/video><\/p>\n<div class=\"addthis_sharing_toolbox\" data-url=\"https:\/\/seslikutuphane.ibb.gov.tr\/tr\/videolarimiz\/7\/gorme-engelliler-bilgi-merkezi-proje-tanitimi.html\" data-title=\"G\u00f6rme Engelliler Bilgi Merkezi Proje Tan\u0131t\u0131m\u0131 - Videolar\u0131m\u0131z - \u0130stanbul B\u00fcy\u00fck\u015fehir Belediyesi Sesli Kitap Portal\u0131 | \u0130BB Sesli K\u00fct\u00fcphane\"><\/div>\n<div class=\"clearfix\"><\/div>\n<\/div>\n<div class=\"clearfix\"><\/div>\n<\/div>\n<p>&nbsp;<\/p>\n<p><img loading=\"lazy\" decoding=\"async\" class=\"size-medium wp-image-20353 alignleft\" src=\"http:\/\/www.bbyhaber.com\/bby\/wp-content\/uploads\/2016\/11\/istgorme-300x169.jpg\" alt=\"istgorme\" width=\"300\" height=\"169\" srcset=\"https:\/\/www.bbyhaber.com\/bby\/wp-content\/uploads\/2016\/11\/istgorme-300x169.jpg 300w, https:\/\/www.bbyhaber.com\/bby\/wp-content\/uploads\/2016\/11\/istgorme-768x432.jpg 768w, https:\/\/www.bbyhaber.com\/bby\/wp-content\/uploads\/2016\/11\/istgorme.jpg 864w\" sizes=\"(max-width: 300px) 100vw, 300px\" \/>\u0130stanbul B\u00fcy\u00fck\u015fehir Belediyesi (\u0130BB) taraf\u0131ndan \u0130stanbul G\u00f6rme Engelliler Bilgi Merkezi Projesi kapsam\u0131nda g\u00f6rme engelli vatanda\u015flar\u0131n daha rahat kitap indirip dinleyebilmesi i\u00e7in yeni bir uygulama ba\u015flat\u0131ld\u0131. G\u00f6rme engelli vatanda\u015flar, web ve mobil uygulama \u00fczerinden 7\/24 istedi\u011fi kitab\u0131 indirip dinleme yapabiliyor.<\/p>\n<p>\u0130BB K\u00fct\u00fcphane ve M\u00fczeler M\u00fcd\u00fcr\u00fc Ramazan Minder, AA muhabirine yapt\u0131\u011f\u0131 a\u00e7\u0131klamada, T\u00fcrkiye&#8217;de yakla\u015f\u0131k 250 bin g\u00f6rme engelli vatanda\u015f oldu\u011funu belirtti.<\/p>\n<p>G\u00f6rme engellilerin kitaplara ula\u015fmas\u0131 i\u00e7in proje ba\u015flatt\u0131klar\u0131n\u0131 ifade eden Minder, &#8220;Onlara ki\u015filer kitap okumak zorunda ya da seslendirilmi\u015f kitaplar\u0131n okunmas\u0131 gerekiyor. \u0130BB olarak g\u00f6rme engelli vatanda\u015flar\u0131m\u0131za sesli kitap \u00fcretmeyi, daha da geli\u015ftirmeyi ama\u00e7lad\u0131k. Burada g\u00f6n\u00fcll\u00fc okuyucular\u0131m\u0131z vas\u0131tas\u0131yla kitaplar seslendiriyoruz. 8 st\u00fcdyomuz var.&#8221;<\/p>\n<p>&#8221;Daha \u00e7ok okuyucuya ula\u015fmak istiyoruz&#8221;<br \/>\nMinder, uygulamay\u0131 g\u00f6rme engelli vatanda\u015flar\u0131n daha rahat kitap dinleyebilmesi i\u00e7in kurduklar\u0131n\u0131 belirterek, \u015funlar\u0131 kaydetti:<\/p>\n<p>&#8221;Bu uygulamay\u0131 mobil telefonlara ve di\u011fer elektronik cihazlara indirerek g\u00f6rme engelli vatanda\u015f\u0131m\u0131z kitaplara daha rahat ula\u015facak. Sistemde 4 bin kitab\u0131m\u0131z mevcut. Bunlar\u0131 T\u00fcrkiye&#8217;den veya d\u00fcnyan\u0131n herhangi bir yerinden indirip dinleyebilmelerini m\u00fcmk\u00fcn hale getirdik. Sadece bir y\u0131l i\u00e7erisinde 580 \u00e7eviri yapt\u0131k. Ama bundan sonraki s\u00fcre\u00e7te biz sistemin alt yap\u0131s\u0131n\u0131 kurdu\u011fumuz i\u00e7in, bunu h\u0131zl\u0131 \u015fekilde \u00e7o\u011faltmay\u0131 hedefliyoruz. Okuyucular\u0131m\u0131z insan sesini tercih etti\u011fi i\u00e7in, sesli kitaplar\u0131n g\u00f6n\u00fcll\u00fc okuyucular\u0131m\u0131z vas\u0131tas\u0131yla seslendirilmesini yap\u0131yoruz. Toplamda m\u00fcracaat eden 5 bine yak\u0131n g\u00f6n\u00fcll\u00fcm\u00fcz var. Biz bu projeyle yeni bir basamak koyduk. Web sayfam\u0131z ve mobil uygulamalarda 200&#8217;\u00fcn \u00fczerinde g\u00f6rme engelli vatanda\u015f\u0131m\u0131z sistemi kullanmaya ba\u015flad\u0131. Biz daha \u00e7ok okuyucuya ula\u015fmak istiyoruz. Bize g\u00f6rme engelli belgesini ula\u015ft\u0131ranlar\u0131 sisteme kaydediyoruz.&#8221;<\/p>\n<p>&#8220;Uygulama \u00e7ok faydal\u0131&#8221;<br \/>\nG\u00f6rme engelli Sinan Yurttav ise yeni uygulaman\u0131n \u00e7ok faydal\u0131 ve kitaplara ula\u015fmak i\u00e7in kolay bir y\u00f6ntem oldu\u011funu belirtti.<\/p>\n<p>Daha \u00f6nce kitap okuyabilmek i\u00e7in sesli k\u00fct\u00fcphane olan yerlere gitti\u011fini s\u00f6yleyen Yurttav, &#8221;K\u00fct\u00fcphaneden CD ve flash ile kopyalay\u0131p evde laptopda dinliyordum. Ama bu uygulamayla internet ba\u011flant\u0131s\u0131 olan her yerde kitaplara ula\u015fabiliyorum. \u015eu anda 4 kitap indirdim ve onlar\u0131 dinliyorum. Bu engelli i\u00e7in ger\u00e7ekten \u00e7ok g\u00fczel bir \u015fey. &#8221; ifadelerini kulland\u0131.<\/p>\n<p>&nbsp;<\/p>\n<p>Kaynak: <em><a href=\"http:\/\/aa.com.tr\/tr\/yasam\/gorme-engelliler-kitaplara-mobil-ortamda-ulasacak\/685774\">G\u00f6rme engelliler kitaplara mobil ortamda ula\u015facak<\/a><\/em><\/p>\n","protected":false},"excerpt":{"rendered":"<p>\u00a0G\u00f6rme Engelliler Bilgi Merkezi Proje Tan\u0131t\u0131m\u0131 &nbsp; \u0130stanbul B\u00fcy\u00fck\u015fehir Belediyesi (\u0130BB) taraf\u0131ndan \u0130stanbul G\u00f6rme Engelliler Bilgi Merkezi Projesi kapsam\u0131nda g\u00f6rme engelli vatanda\u015flar\u0131n daha rahat kitap indirip dinleyebilmesi i\u00e7in yeni bir uygulama ba\u015flat\u0131ld\u0131. G\u00f6rme engelli vatanda\u015flar, web ve mobil uygulama \u00fczerinden 7\/24 istedi\u011fi kitab\u0131 indirip dinleme yapabiliyor. \u0130BB K\u00fct\u00fcphane ve M\u00fczeler M\u00fcd\u00fcr\u00fc Ramazan Minder, AA muhabirine [&hellip;]<\/p>\n","protected":false},"author":129,"featured_media":20353,"comment_status":"open","ping_status":"open","sticky":false,"template":"","format":"standard","meta":{"footnotes":""},"categories":[],"tags":[904,1436,1443],"class_list":["post-20352","post","type-post","status-publish","format-standard","has-post-thumbnail","hentry","tag-istanbul-gorme-engelliler-bilgi-merkezi","tag-kutuphaneler","tag-sesli-kutuphaneler"],"_links":{"self":[{"href":"https:\/\/www.bbyhaber.com\/bby\/wp-json\/wp\/v2\/posts\/20352"}],"collection":[{"href":"https:\/\/www.bbyhaber.com\/bby\/wp-json\/wp\/v2\/posts"}],"about":[{"href":"https:\/\/www.bbyhaber.com\/bby\/wp-json\/wp\/v2\/types\/post"}],"author":[{"embeddable":true,"href":"https:\/\/www.bbyhaber.com\/bby\/wp-json\/wp\/v2\/users\/129"}],"replies":[{"embeddable":true,"href":"https:\/\/www.bbyhaber.com\/bby\/wp-json\/wp\/v2\/comments?post=20352"}],"version-history":[{"count":0,"href":"https:\/\/www.bbyhaber.com\/bby\/wp-json\/wp\/v2\/posts\/20352\/revisions"}],"wp:featuredmedia":[{"embeddable":true,"href":"https:\/\/www.bbyhaber.com\/bby\/wp-json\/"}],"wp:attachment":[{"href":"https:\/\/www.bbyhaber.com\/bby\/wp-json\/wp\/v2\/media?parent=20352"}],"wp:term":[{"taxonomy":"category","embeddable":true,"href":"https:\/\/www.bbyhaber.com\/bby\/wp-json\/wp\/v2\/categories?post=20352"},{"taxonomy":"post_tag","embeddable":true,"href":"https:\/\/www.bbyhaber.com\/bby\/wp-json\/wp\/v2\/tags?post=20352"}],"curies":[{"name":"wp","href":"https:\/\/api.w.org\/{rel}","templated":true}]}}