{"id":2035,"date":"2012-01-04T12:33:52","date_gmt":"2012-01-04T12:33:52","guid":{"rendered":"http:\/\/www.bbyhaber.com\/bby\/?p=2035"},"modified":"2012-07-01T19:16:08","modified_gmt":"2012-07-01T19:16:08","slug":"bilgiye-erisimde-engelli-degilsiniz-erzinca","status":"publish","type":"post","link":"https:\/\/www.bbyhaber.com\/bby\/2012\/01\/04\/bilgiye-erisimde-engelli-degilsiniz-erzinca","title":{"rendered":"Bilgiye Eri\u015fimde Engelli De\u011filsiniz Projesi-Erzincan"},"content":{"rendered":"<p style=\"text-align: justify;\">K\u00fct\u00fcphaneye al\u0131nan 4 yeni cihazla, g\u00f6rme engelli vatanda\u015flar bilgiye eri\u015fimde sorun ya\u015fam\u0131yor. Al\u0131nan cihazlar ile g\u00f6rme engeli d\u00fc\u015f\u00fck olanlar gazete okuyabilirken, engeli ileri seviyede olanlar ise sesli komutlar ile bilgisayar kullanarak seslendirilen kitaplar\u0131 dinliyor. K\u00fct\u00fcphaneler ve Yay\u0131mlar Genel M\u00fcd\u00fcrl\u00fc\u011f\u00fc taraf\u0131ndan, ge\u00e7ti\u011fimiz y\u0131l sonunda ba\u015flat\u0131lan \u2018Bilgiye Eri\u015fimde Engelli De\u011filsiniz\u2019 slogan\u0131yla y\u00fcr\u00fct\u00fclen<!--more--> B\u0130LED projesi kapsam\u0131nda, g\u00f6rme \u00f6z\u00fcrl\u00fc veya az g\u00f6ren vatanda\u015flar\u0131n k\u00fct\u00fcphaneden yararlanabilmesi amac\u0131yla, Erzincan \u0130l Halk K\u00fct\u00fcphanesi`ne yaz\u0131l\u0131m ve donan\u0131m malzemeleri al\u0131nd\u0131. K\u00fct\u00fcphane b\u00fcnyesinde g\u00f6rme engelli vatanda\u015flar i\u00e7in yap\u0131m\u0131 tamamlanan ekipmanlar, g\u00f6rme engeli olan vatanda\u015flar taraf\u0131ndan kullan\u0131l\u0131yor. Cihazlar sayesinde, gazete sayfalar\u0131 b\u00fcy\u00fct\u00fclerek okuma imkan\u0131 sa\u011flan\u0131yor. Di\u011fer bir cihazda ise g\u00f6rme engeli ileri seviyede bulunan bir engelli, bilgisayar yard\u0131m\u0131yla ald\u0131\u011f\u0131 ses komutlar\u0131 ile istedi\u011fi kitaba ula\u015farak, onu sesli olarak dinliyor.<\/p>\n<p style=\"text-align: justify;\">&#8220;B\u0130LG\u0130YE ER\u0130\u015e\u0130MDE ENGELLER\u0130 ORTADAN KALDIRDIK&#8221;<br \/>\n\u0130l Halk K\u00fct\u00fcphanesi M\u00fcdiresi Ebru Yald\u0131z, a\u00e7\u0131klamas\u0131nda, g\u00f6rme engelli vatanda\u015flar\u0131n, mevcut teknolojik imk\u00e2nlar\u0131 kullanarak k\u00fct\u00fcphanelerden yararlanabilmesi i\u00e7in gerekli makine ve te\u00e7hizat\u0131n k\u00fct\u00fcphanede hizmet verdi\u011fini s\u00f6yledi. Yald\u0131z, \u201cBu ama\u00e7la; k\u00fct\u00fcphanemize sesli ekran okuma program\u0131, ekran b\u00fcy\u00fctme program\u0131, masa\u00fcst\u00fc b\u00fcy\u00fcte\u00e7 sistemi ve kitap okuma makinesi al\u0131narak, kullan\u0131c\u0131lar\u0131n hizmetine sunulmu\u015ftur. Ekran okuma yaz\u0131l\u0131m\u0131 ile ekrandaki g\u00f6r\u00fcnt\u00fc sese d\u00f6n\u00fc\u015fmektedir. Ekran b\u00fcy\u00fctme program\u0131 ile az g\u00f6ren ki\u015filer istedikleri boyutta ve renkte materyali g\u00f6r\u00fcnt\u00fcleyebilecek, arka plan ve \u00f6nplan renkleri kendilerine g\u00f6re ayarlayabileceklerdir. Cihazlar\u0131n kullan\u0131m\u0131 \u00fccretsizdir. Bilgiye eri\u015fimde engellerin kalkt\u0131\u011f\u0131 k\u00fct\u00fcphanemizde, bu teknolojiye ihtiya\u00e7 duyan vatanda\u015flar\u0131m\u0131za yararl\u0131 olmas\u0131n\u0131 diliyoruz. Bu sayede g\u00f6rme \u00f6z\u00fcrl\u00fc vatanda\u015flar\u0131m\u0131z\u0131n, evlerinde hapis olmaktan kurtar\u0131l\u0131p topluma kazand\u0131r\u0131lmas\u0131 ama\u00e7lanmaktad\u0131r. Dilerim, genel m\u00fcd\u00fcrl\u00fc\u011f\u00fcm\u00fcz\u00fcn bu hizmetleri di\u011fer engelli arkada\u015flar\u0131m\u0131za da ula\u015f\u0131r.\u201d \u015feklinde ifade etti.<\/p>\n<p style=\"text-align: justify;\">&#8220;\u0130STED\u0130\u011e\u0130M\u0130Z K\u0130TABA ULA\u015eAB\u0130LECE\u011e\u0130Z&#8221;<br \/>\nK\u00fct\u00fcphaneye al\u0131nan cihazlar\u0131 kullanan, y\u00fczde 71 oran\u0131nda g\u00f6rme engeli bulunan 30 ya\u015f\u0131ndaki \u0130lknur Macit, g\u00f6rme engellilerin kullan\u0131m\u0131 i\u00e7in k\u00fct\u00fcphanede a\u00e7\u0131lan b\u00f6l\u00fcmden dolay\u0131 yetkililere te\u015fekk\u00fcr etti. Macit, \u015f\u00f6yle dedi: \u201cBu cihazlar\u0131 kuran herkese te\u015fekk\u00fcr ederim. Benim y\u00fczde 71 g\u00f6rme oran\u0131m kay\u0131p. Di\u011fer g\u00f6ren insanlarla ayn\u0131 ortam\u0131 payla\u015fmak, ayn\u0131 eri\u015fim noktalar\u0131na ula\u015fmak beni de mutlu ediyor. Burada gazete okuyabiliyorum, kitap okuyabiliyorum. Engelsiz insanlar ile ayn\u0131 ortam\u0131 payla\u015fmak bana mutluluk veriyor.\u201d dedi.<\/p>\n<p style=\"text-align: justify;\">\u0130lker Macit (28) de k\u00fct\u00fcphaneye al\u0131nan cihazlar yard\u0131m\u0131yla gazete okumaya ba\u015flad\u0131. Kendilerine sunulan imkandan memnun oldu\u011funu belirten Macit, \u201cBiz g\u00f6rme engelliler de art\u0131k k\u00fct\u00fcphanelerden istifade edece\u011fiz. G\u00f6rme \u00f6z\u00fcrl\u00fc arkada\u015flara buray\u0131 tavsiye ederim. G\u00fcnl\u00fck hayatta okumak daha zor. Burada sistem yard\u0131m\u0131 ile okumak daha da kolayla\u015ft\u0131r\u0131l\u0131yor. Bu sistemde yaz\u0131lar\u0131 yak\u0131nla\u015ft\u0131rma imkan\u0131 da verilmi\u015f. Eme\u011fi ge\u00e7enlere te\u015fekk\u00fcr ediyorum.\u201d dedi.<\/p>\n<p style=\"text-align: justify;\">Kaynak: http:\/\/www.dikkathaber.com\/haber\/<\/p>\n","protected":false},"excerpt":{"rendered":"<p>K\u00fct\u00fcphaneye al\u0131nan 4 yeni cihazla, g\u00f6rme engelli vatanda\u015flar bilgiye eri\u015fimde sorun ya\u015fam\u0131yor. Al\u0131nan cihazlar ile g\u00f6rme engeli d\u00fc\u015f\u00fck olanlar gazete okuyabilirken, engeli ileri seviyede olanlar ise sesli komutlar ile bilgisayar kullanarak seslendirilen kitaplar\u0131 dinliyor. K\u00fct\u00fcphaneler ve Yay\u0131mlar Genel M\u00fcd\u00fcrl\u00fc\u011f\u00fc taraf\u0131ndan, ge\u00e7ti\u011fimiz y\u0131l sonunda ba\u015flat\u0131lan \u2018Bilgiye Eri\u015fimde Engelli De\u011filsiniz\u2019 slogan\u0131yla y\u00fcr\u00fct\u00fclen<\/p>\n","protected":false},"author":1,"featured_media":0,"comment_status":"open","ping_status":"open","sticky":false,"template":"","format":"standard","meta":{"footnotes":""},"categories":[1,1487,1503],"tags":[204],"class_list":["post-2035","post","type-post","status-publish","format-standard","hentry","category-genel","category-gorme-engelli-kutuphane","category-sesli-kutuphane","tag-bilgiye-erisimde-engelli-degilsiniz-projesi"],"_links":{"self":[{"href":"https:\/\/www.bbyhaber.com\/bby\/wp-json\/wp\/v2\/posts\/2035"}],"collection":[{"href":"https:\/\/www.bbyhaber.com\/bby\/wp-json\/wp\/v2\/posts"}],"about":[{"href":"https:\/\/www.bbyhaber.com\/bby\/wp-json\/wp\/v2\/types\/post"}],"author":[{"embeddable":true,"href":"https:\/\/www.bbyhaber.com\/bby\/wp-json\/wp\/v2\/users\/1"}],"replies":[{"embeddable":true,"href":"https:\/\/www.bbyhaber.com\/bby\/wp-json\/wp\/v2\/comments?post=2035"}],"version-history":[{"count":0,"href":"https:\/\/www.bbyhaber.com\/bby\/wp-json\/wp\/v2\/posts\/2035\/revisions"}],"wp:attachment":[{"href":"https:\/\/www.bbyhaber.com\/bby\/wp-json\/wp\/v2\/media?parent=2035"}],"wp:term":[{"taxonomy":"category","embeddable":true,"href":"https:\/\/www.bbyhaber.com\/bby\/wp-json\/wp\/v2\/categories?post=2035"},{"taxonomy":"post_tag","embeddable":true,"href":"https:\/\/www.bbyhaber.com\/bby\/wp-json\/wp\/v2\/tags?post=2035"}],"curies":[{"name":"wp","href":"https:\/\/api.w.org\/{rel}","templated":true}]}}