{"id":20326,"date":"2016-11-06T00:09:30","date_gmt":"2016-11-05T21:09:30","guid":{"rendered":"http:\/\/www.bbyhaber.com\/bby\/?p=20326"},"modified":"2016-11-17T17:30:46","modified_gmt":"2016-11-17T14:30:46","slug":"xi-arsivcilik-gunu-etkinligi-17-kasim-2016-persembe-istanbul","status":"publish","type":"post","link":"https:\/\/www.bbyhaber.com\/bby\/2016\/11\/06\/xi-arsivcilik-gunu-etkinligi-17-kasim-2016-persembe-istanbul","title":{"rendered":"XI. Ar\u015fivcilik G\u00fcn\u00fc Etkinli\u011fi-17 Kas\u0131m 2016 Per\u015fembe, \u0130stanbul"},"content":{"rendered":"<p style=\"text-align: justify;\"><strong><img loading=\"lazy\" decoding=\"async\" class=\"alignleft size-medium wp-image-20327\" src=\"http:\/\/www.bbyhaber.com\/bby\/wp-content\/uploads\/2016\/11\/11.arsivciler-gunu-300x173.jpg\" alt=\"11-arsivciler-gunu\" width=\"300\" height=\"173\" srcset=\"https:\/\/www.bbyhaber.com\/bby\/wp-content\/uploads\/2016\/11\/11.arsivciler-gunu-300x173.jpg 300w, https:\/\/www.bbyhaber.com\/bby\/wp-content\/uploads\/2016\/11\/11.arsivciler-gunu.jpg 553w\" sizes=\"(max-width: 300px) 100vw, 300px\" \/>Program<\/strong><\/p>\n<p style=\"text-align: justify;\"><strong> A\u00e7\u0131\u015f Konu\u015fmalar\u0131 (10:00 \u2013 10:30) <\/strong><\/p>\n<p style=\"text-align: justify;\"><strong>Sergi A\u00e7\u0131l\u0131\u015f\u0131 (10:30-11:00) <\/strong><\/p>\n<p style=\"text-align: justify;\"><strong>Sergi: Karun&#8217;un Hazinesi Diskette K\u00fcrat\u00f6r: Yrd.Do\u00e7.Dr. Mehmet Fahri FURAT <\/strong><\/p>\n<p style=\"text-align: justify;\"><strong>Sergi A\u00e7\u0131l\u0131\u015f Konu\u015fmac\u0131s\u0131: Prof.Dr. Mehmet \u0130P\u015e\u0130RL\u0130 <\/strong><\/p>\n<p style=\"text-align: justify;\"><strong>Kahve Molas\u0131<\/strong><!--more--><\/p>\n<p style=\"text-align: justify;\"><strong>1.Oturum\u00a0(11:00 \u2013 12:15)\u00a0<\/strong><br \/>\nOturum Ba\u015fkan\u0131: Nizamettin O\u011eUZ<\/p>\n<p style=\"text-align: justify;\">Yrd. Do\u00e7. Dr. Mehmet Fahri FURAT, Prof. Dr. \u0130shak KESK&#8211;&gt; <strong>Risk Alt\u0131ndaki Haf\u0131za: Ki\u015fisel \/ Aile Haf\u0131zam\u0131z\u0131\u00a0<\/strong><strong>Torunlar\u0131m\u0131za B\u0131rakabilecek miyiz?<\/strong><br \/>\nYakup YILDIRIM&#8211;&gt; <strong>Bilgi G\u00fcvenli\u011finin Tan\u0131m ve Kapsam\u0131<\/strong><br \/>\nDo\u011fukan G\u00dcRAN&#8211;&gt; <strong>Belge G\u00fcvenli\u011fi<\/strong><br \/>\nAbdullah Ra\u015fit G\u00dcLHAN &#8211;&gt; <strong>21. y\u00fczy\u0131lda Bilgi ve Belge\u00a0G\u00fcvenli\u011fi<\/strong><br \/>\nYrd. Do\u00e7. Dr. Erkan \u00d6ZHAN&#8211;&gt; <strong>Kurumsal Haf\u0131zan\u0131n Korunmas\u0131nda Sistemin \u00d6nemi<\/strong><\/p>\n<p style=\"text-align: justify;\"><strong>2.Oturum\u00a0(13:30-14:45)<\/strong><br \/>\nOturum Ba\u015fkan\u0131: Dr. Hidayet Yavuz Nuho\u011flu<br \/>\nProf. Dr. Hamza KANDUR&#8211;&gt; <strong>Elektronik Ar\u015fivlerde S\u00fcrd\u00fcr\u00fclebilirlik Stratejileri<\/strong><br \/>\nProf. Dr. \u00d6zg\u00fcr K\u00dcLC\u00dc&#8211;&gt; <strong>Elektronik Ortamda Belgelerin Uzun S\u00fcre Korunmas\u0131, G\u00fcvenli\u011fi ve Eri\u015fim Etkinli\u011finin Art\u0131r\u0131lmas\u0131nda \u00dcstveri Elemanlar\u0131n\u0131n \u00d6nemi; Sorunlar ve \u00c7\u00f6z\u00fcm Aray\u0131\u015flar\u0131<\/strong><br \/>\nDr. Bahattin YAL\u00c7INKAYA&#8211;&gt; <strong>End\u00fcstri 4.0 Ba\u011flam\u0131nda Siber G\u00fcvenlik ve Ar\u015fivcili\u011fe Yans\u0131malar\u0131<\/strong><br \/>\nYrd. Do\u00e7. Dr. T\u00fcrkay HENKO\u011eLU&#8211;&gt; <strong>Ki\u015fisel Verileriniz Ne Kadar G\u00fcvende? Bilgi G\u00fcvenli\u011fi Kapsam\u0131nda Bir De\u011ferlendirme<\/strong><br \/>\nAv. Ceyda AKAYDIN C\u0130M\u0130LL\u0130&#8211;&gt; <strong>Ki\u015fisel Verilerin Korunmas\u0131 \u0130\u00e7in Kurumlarda Al\u0131nmas\u0131 Gereken \u00d6nlemler ve D\u00fczenlemeler<\/strong><\/p>\n","protected":false},"excerpt":{"rendered":"<p>Program A\u00e7\u0131\u015f Konu\u015fmalar\u0131 (10:00 \u2013 10:30) Sergi A\u00e7\u0131l\u0131\u015f\u0131 (10:30-11:00) Sergi: Karun&#8217;un Hazinesi Diskette K\u00fcrat\u00f6r: Yrd.Do\u00e7.Dr. Mehmet Fahri FURAT Sergi A\u00e7\u0131l\u0131\u015f Konu\u015fmac\u0131s\u0131: Prof.Dr. Mehmet \u0130P\u015e\u0130RL\u0130 Kahve Molas\u0131<\/p>\n","protected":false},"author":1,"featured_media":20327,"comment_status":"open","ping_status":"open","sticky":false,"template":"","format":"standard","meta":{"footnotes":""},"categories":[],"tags":[1096,914,1395],"class_list":["post-20326","post","type-post","status-publish","format-standard","has-post-thumbnail","hentry","tag-arsivcilik","tag-arsivcilik-gunu","tag-bby-mesleki-etkinlikler-arsivi"],"_links":{"self":[{"href":"https:\/\/www.bbyhaber.com\/bby\/wp-json\/wp\/v2\/posts\/20326"}],"collection":[{"href":"https:\/\/www.bbyhaber.com\/bby\/wp-json\/wp\/v2\/posts"}],"about":[{"href":"https:\/\/www.bbyhaber.com\/bby\/wp-json\/wp\/v2\/types\/post"}],"author":[{"embeddable":true,"href":"https:\/\/www.bbyhaber.com\/bby\/wp-json\/wp\/v2\/users\/1"}],"replies":[{"embeddable":true,"href":"https:\/\/www.bbyhaber.com\/bby\/wp-json\/wp\/v2\/comments?post=20326"}],"version-history":[{"count":0,"href":"https:\/\/www.bbyhaber.com\/bby\/wp-json\/wp\/v2\/posts\/20326\/revisions"}],"wp:featuredmedia":[{"embeddable":true,"href":"https:\/\/www.bbyhaber.com\/bby\/wp-json\/"}],"wp:attachment":[{"href":"https:\/\/www.bbyhaber.com\/bby\/wp-json\/wp\/v2\/media?parent=20326"}],"wp:term":[{"taxonomy":"category","embeddable":true,"href":"https:\/\/www.bbyhaber.com\/bby\/wp-json\/wp\/v2\/categories?post=20326"},{"taxonomy":"post_tag","embeddable":true,"href":"https:\/\/www.bbyhaber.com\/bby\/wp-json\/wp\/v2\/tags?post=20326"}],"curies":[{"name":"wp","href":"https:\/\/api.w.org\/{rel}","templated":true}]}}