{"id":20323,"date":"2016-11-03T09:01:08","date_gmt":"2016-11-03T06:01:08","guid":{"rendered":"http:\/\/www.bbyhaber.com\/bby\/?p=20323"},"modified":"2016-11-03T09:04:35","modified_gmt":"2016-11-03T06:04:35","slug":"800-kisilik-kutuphane-aciliyor","status":"publish","type":"post","link":"https:\/\/www.bbyhaber.com\/bby\/2016\/11\/03\/800-kisilik-kutuphane-aciliyor","title":{"rendered":"800 ki\u015filik k\u00fct\u00fcphane a\u00e7\u0131l\u0131yor"},"content":{"rendered":"<p style=\"text-align: justify;\"><img loading=\"lazy\" decoding=\"async\" class=\"alignleft size-medium wp-image-20324\" src=\"http:\/\/www.bbyhaber.com\/bby\/wp-content\/uploads\/2016\/11\/800-ki\u015filik-k\u00fct\u00fcphane-a\u00e7\u0131l\u0131yor-300x210.jpg\" alt=\"800-kisilik-kutuphane-aciliyor\" width=\"300\" height=\"210\" \/>Bug\u00fcn saat 13.00&#8217;te yeni k\u00fct\u00fcphane i\u00e7in a\u00e7\u0131l\u0131\u015f t\u00f6reni yap\u0131lacak. Kayseri B\u00fcy\u00fck\u015fehir Belediyesi yan\u0131ndaki Eski Sinema Onay binas\u0131nda yap\u0131lan k\u00fct\u00fcphane hizmete haz\u0131r hale getirildi. Giri\u015finde B\u00fcy\u00fck\u015fehir Belediye Ba\u015fkan\u0131 Mustafa \u00c7elik&#8217;in &#8220;Okumak iyi bir gelecek i\u00e7in en g\u00fczel yat\u0131r\u0131md\u0131r&#8221; s\u00f6z\u00fcn\u00fcn yer ald\u0131\u011f\u0131 k\u00fct\u00fcphanede 15 bin bas\u0131l\u0131, 15 bin elektronik, 3 bin de sesli kitap bulunuyor. Ferah ders \u00e7al\u0131\u015fma \u00fcniteleri, kitap cafe, bilgisayar odas\u0131, \u015fifreli emanet dolaplar\u0131 ve masaj koltuklar\u0131n\u0131n da yer ald\u0131\u011f\u0131 k\u00fct\u00fcphanede 50 adet g\u00fcncel dergi ile gazeteler de yer alacak.<!--more--><\/p>\n<p style=\"text-align: justify;\">Toplam 1500 metrekare b\u00fcy\u00fckl\u00fc\u011f\u00fcnde olan ve \u00fc\u00e7 kattan olu\u015fan k\u00fct\u00fcphane, \u00fcyelik sistemi ve turnikeli ge\u00e7i\u015f sistemi ile hizmet verecek. Hem k\u00fct\u00fcphane hem de et\u00fct imkan\u0131n\u0131n bir arada sunulaca\u011f\u0131 k\u00fct\u00fcphane bug\u00fcn saat 13.00&#8217;de yap\u0131lacak t\u00f6renle hizmete a\u00e7\u0131lacak.<\/p>\n<p style=\"text-align: justify;\"><a href=\"http:\/\/www.anayurtgazetesi.com\" target=\"_blank\">Kaynak<\/a><\/p>\n","protected":false},"excerpt":{"rendered":"<p>Bug\u00fcn saat 13.00&#8217;te yeni k\u00fct\u00fcphane i\u00e7in a\u00e7\u0131l\u0131\u015f t\u00f6reni yap\u0131lacak. Kayseri B\u00fcy\u00fck\u015fehir Belediyesi yan\u0131ndaki Eski Sinema Onay binas\u0131nda yap\u0131lan k\u00fct\u00fcphane hizmete haz\u0131r hale getirildi. Giri\u015finde B\u00fcy\u00fck\u015fehir Belediye Ba\u015fkan\u0131 Mustafa \u00c7elik&#8217;in &#8220;Okumak iyi bir gelecek i\u00e7in en g\u00fczel yat\u0131r\u0131md\u0131r&#8221; s\u00f6z\u00fcn\u00fcn yer ald\u0131\u011f\u0131 k\u00fct\u00fcphanede 15 bin bas\u0131l\u0131, 15 bin elektronik, 3 bin de sesli kitap bulunuyor. Ferah ders [&hellip;]<\/p>\n","protected":false},"author":1,"featured_media":20324,"comment_status":"open","ping_status":"open","sticky":false,"template":"","format":"standard","meta":{"footnotes":""},"categories":[1],"tags":[],"class_list":["post-20323","post","type-post","status-publish","format-standard","has-post-thumbnail","hentry","category-genel"],"_links":{"self":[{"href":"https:\/\/www.bbyhaber.com\/bby\/wp-json\/wp\/v2\/posts\/20323"}],"collection":[{"href":"https:\/\/www.bbyhaber.com\/bby\/wp-json\/wp\/v2\/posts"}],"about":[{"href":"https:\/\/www.bbyhaber.com\/bby\/wp-json\/wp\/v2\/types\/post"}],"author":[{"embeddable":true,"href":"https:\/\/www.bbyhaber.com\/bby\/wp-json\/wp\/v2\/users\/1"}],"replies":[{"embeddable":true,"href":"https:\/\/www.bbyhaber.com\/bby\/wp-json\/wp\/v2\/comments?post=20323"}],"version-history":[{"count":0,"href":"https:\/\/www.bbyhaber.com\/bby\/wp-json\/wp\/v2\/posts\/20323\/revisions"}],"wp:featuredmedia":[{"embeddable":true,"href":"https:\/\/www.bbyhaber.com\/bby\/wp-json\/"}],"wp:attachment":[{"href":"https:\/\/www.bbyhaber.com\/bby\/wp-json\/wp\/v2\/media?parent=20323"}],"wp:term":[{"taxonomy":"category","embeddable":true,"href":"https:\/\/www.bbyhaber.com\/bby\/wp-json\/wp\/v2\/categories?post=20323"},{"taxonomy":"post_tag","embeddable":true,"href":"https:\/\/www.bbyhaber.com\/bby\/wp-json\/wp\/v2\/tags?post=20323"}],"curies":[{"name":"wp","href":"https:\/\/api.w.org\/{rel}","templated":true}]}}