{"id":20292,"date":"2016-10-27T10:05:17","date_gmt":"2016-10-27T07:05:17","guid":{"rendered":"http:\/\/www.bbyhaber.com\/bby\/?p=20292"},"modified":"2016-12-30T11:07:45","modified_gmt":"2016-12-30T08:07:45","slug":"ulakbimden-turkiye-akademik-acik-arsiv-sitesi","status":"publish","type":"post","link":"https:\/\/www.bbyhaber.com\/bby\/2016\/10\/27\/ulakbimden-turkiye-akademik-acik-arsiv-sitesi","title":{"rendered":"ULAKB\u0130M&#8217;den T\u00fcrkiye Akademik A\u00e7\u0131k Ar\u015fiv sitesi"},"content":{"rendered":"<p style=\"text-align: justify;\"><strong><img loading=\"lazy\" decoding=\"async\" class=\"alignleft size-medium wp-image-20734\" src=\"http:\/\/www.bbyhaber.com\/bby\/wp-content\/uploads\/2016\/10\/turkiye-akademik-arsivi-1-300x150.jpg\" alt=\"\" width=\"300\" height=\"150\" srcset=\"https:\/\/www.bbyhaber.com\/bby\/wp-content\/uploads\/2016\/10\/turkiye-akademik-arsivi-1-300x150.jpg 300w, https:\/\/www.bbyhaber.com\/bby\/wp-content\/uploads\/2016\/10\/turkiye-akademik-arsivi-1.jpg 660w\" sizes=\"(max-width: 300px) 100vw, 300px\" \/>5. Ulusal A\u00e7\u0131k Eri\u015fim Konferans\u0131&#8217;nda<\/strong>,\u00a0ULAKB\u0130M taraf\u0131ndan geli\u015ftirilen ve s\u00fcrpriz olarak ilk kez a\u00e7\u0131klanan &#8220;<strong>T\u00fcrkiye Akademik Ar\u015fiv<\/strong>&#8221; sitesi tan\u0131t\u0131ld\u0131. Siteyle ilgili detayl\u0131 bilgiler a\u015fa\u011f\u0131daki gibidir.<\/p>\n<p style=\"text-align: justify;\">Amac\u0131m\u0131z Nedir?<\/p>\n<p style=\"text-align: justify;\">T\u00fcrkiye&#8217;de par\u00e7al\u0131 durumda bulunan ve a\u00e7\u0131k eri\u015fime uygun bilimsel akademik i\u00e7eriklerin, tek merkezden ve yayg\u0131n olarak ula\u015f\u0131labilmesini sa\u011flamay\u0131 ama\u00e7l\u0131yoruz. Bu, i\u00e7eriklere hem \u00fclke i\u00e7inden hem de uluslararas\u0131 alanlardan daha kolay ve g\u00fcvenilir olarak ula\u015f\u0131labilmesini sa\u011flayacakt\u0131r.<!--more--> T\u00fcrkiye&#8217;de \u00e7al\u0131\u015fan akademisyen ve ara\u015ft\u0131rmac\u0131lar\u0131n, ayr\u0131 ayr\u0131 kurumlar\u0131n ar\u015fivlerine ula\u015fmalar\u0131 hem her zaman m\u00fcmk\u00fcn de\u011fil hem de k\u00fclfetli bir i\u015ftir. Bilgiye daha kolay ve istikrarl\u0131 ula\u015f\u0131labilmesini temin amac\u0131yla bu uygulamay\u0131 geli\u015ftirmeye karar verdik.<\/p>\n<p style=\"text-align: justify;\">A\u00e7\u0131k Eri\u015fim Nedir?<\/p>\n<p style=\"text-align: justify;\">A\u00e7\u0131k eri\u015fim, ara\u015ft\u0131rma \u00e7\u0131kt\u0131lar\u0131n\u0131n, yay\u0131nc\u0131 telif hakk\u0131 anla\u015fmalar\u0131 taraf\u0131ndan dayat\u0131lan k\u0131s\u0131tlamalar olmadan, yayg\u0131n, online ve \u00fccretsiz olarak hemen kullan\u0131ma sunulabilmesidir. A\u00e7\u0131k eri\u015fim, akademisyenler taraf\u0131ndan \u00fcretilen ve \u00fccretsiz yay\u0131n i\u00e7in verdi\u011fi \u00e7\u0131kt\u0131lar\u0131, ayr\u0131ca hakemli dergi makaleleri, bildiriler ve di\u011fer yay\u0131nlar\u0131 i\u00e7erir.<\/p>\n<p style=\"text-align: justify;\">Neden A\u00e7\u0131k Eri\u015fim?<\/p>\n<p style=\"text-align: justify;\">A\u00e7\u0131k eri\u015fim avantajlar\u0131ndan baz\u0131lar\u0131 \u015funlard\u0131r:<\/p>\n<p style=\"text-align: justify;\">Eri\u015fimin b\u00fcy\u00fck oranda geli\u015fimi<\/p>\n<p style=\"text-align: justify;\">Bilgiye eri\u015fim, y\u00fcksek \u00f6\u011frenim ve ara\u015ft\u0131rma i\u00e7in hatta daha genel olarak toplumun ve \u00fclkenin s\u00fcrekli ilerlemesi i\u00e7in esast\u0131r. Bilgiye ula\u015f\u0131m\u0131n geli\u015fmesi, bilgi aktar\u0131m\u0131 (\u00f6\u011fretim), bilgi \u00fcretimi (ara\u015ft\u0131rma) ve bilgiyi de\u011ferlendirme (sivil toplum) i\u015flerinin temelidir.<\/p>\n<p style=\"text-align: justify;\">G\u00f6r\u00fcn\u00fcrl\u00fc\u011f\u00fcn artmas\u0131 ve y\u00fcksek at\u0131f oranlar\u0131<\/p>\n<p style=\"text-align: justify;\">A\u00e7\u0131k eri\u015fim makaleler, internette serbest olarak ula\u015f\u0131lamayan makalelere g\u00f6re \u00e7ok daha yayg\u0131n olarak okunabilmektedir. \u0130nternet \u00e7ap\u0131nda eri\u015filebilirlik kullan\u0131m\u0131 art\u0131r\u0131r, at\u0131f oranlar\u0131n\u0131 y\u00fckseltir ve deneysel \u00e7al\u0131\u015fmalar\u0131n \u00f6n\u00fcn\u00fc a\u00e7ar. Alana ba\u011fl\u0131 olarak, a\u00e7\u0131k eri\u015fim materyalleri hem daha \u00e7abuk ula\u015f\u0131labilir hem de \u00fc\u00e7 kata kadar daha fazla al\u0131nt\u0131 yap\u0131lmas\u0131n\u0131 sa\u011flar.<\/p>\n<p style=\"text-align: justify;\">Bilgiye serbest eri\u015fim<\/p>\n<p style=\"text-align: justify;\">A\u00e7\u0131k eri\u015fim i\u00e7eri\u011fi d\u00fcnya \u00e7ap\u0131nda ula\u015f\u0131labilr durumdad\u0131r. B\u00f6ylece yoksul \u00fclkelerde ya\u015fayan insanlar, di\u011fer yollarla eri\u015femeyecekleri akademik ve bilimsel verilere rahatl\u0131kla ula\u015fabilmektedirler.<\/p>\n<p style=\"text-align: justify;\"><a href=\"http:\/\/arsiv.ulakbim.gov.tr\/\" target=\"_blank\"><strong>ULAKB\u0130M T\u00fcrkiye Akademik Ar\u015fiv sitesine girmek i\u00e7in t\u0131klay\u0131n\u0131z<\/strong><\/a><\/p>\n","protected":false},"excerpt":{"rendered":"<p>5. Ulusal A\u00e7\u0131k Eri\u015fim Konferans\u0131&#8217;nda,\u00a0ULAKB\u0130M taraf\u0131ndan geli\u015ftirilen ve s\u00fcrpriz olarak ilk kez a\u00e7\u0131klanan &#8220;T\u00fcrkiye Akademik Ar\u015fiv&#8221; sitesi tan\u0131t\u0131ld\u0131. Siteyle ilgili detayl\u0131 bilgiler a\u015fa\u011f\u0131daki gibidir. Amac\u0131m\u0131z Nedir? T\u00fcrkiye&#8217;de par\u00e7al\u0131 durumda bulunan ve a\u00e7\u0131k eri\u015fime uygun bilimsel akademik i\u00e7eriklerin, tek merkezden ve yayg\u0131n olarak ula\u015f\u0131labilmesini sa\u011flamay\u0131 ama\u00e7l\u0131yoruz. Bu, i\u00e7eriklere hem \u00fclke i\u00e7inden hem de uluslararas\u0131 alanlardan daha [&hellip;]<\/p>\n","protected":false},"author":1,"featured_media":20734,"comment_status":"open","ping_status":"open","sticky":false,"template":"","format":"standard","meta":{"footnotes":""},"categories":[1472,1473,1,1501],"tags":[],"class_list":["post-20292","post","type-post","status-publish","format-standard","has-post-thumbnail","hentry","category-acik-arsiv","category-acik-erisim","category-genel","category-open-access"],"_links":{"self":[{"href":"https:\/\/www.bbyhaber.com\/bby\/wp-json\/wp\/v2\/posts\/20292"}],"collection":[{"href":"https:\/\/www.bbyhaber.com\/bby\/wp-json\/wp\/v2\/posts"}],"about":[{"href":"https:\/\/www.bbyhaber.com\/bby\/wp-json\/wp\/v2\/types\/post"}],"author":[{"embeddable":true,"href":"https:\/\/www.bbyhaber.com\/bby\/wp-json\/wp\/v2\/users\/1"}],"replies":[{"embeddable":true,"href":"https:\/\/www.bbyhaber.com\/bby\/wp-json\/wp\/v2\/comments?post=20292"}],"version-history":[{"count":4,"href":"https:\/\/www.bbyhaber.com\/bby\/wp-json\/wp\/v2\/posts\/20292\/revisions"}],"predecessor-version":[{"id":20735,"href":"https:\/\/www.bbyhaber.com\/bby\/wp-json\/wp\/v2\/posts\/20292\/revisions\/20735"}],"wp:featuredmedia":[{"embeddable":true,"href":"https:\/\/www.bbyhaber.com\/bby\/wp-json\/wp\/v2\/media\/20734"}],"wp:attachment":[{"href":"https:\/\/www.bbyhaber.com\/bby\/wp-json\/wp\/v2\/media?parent=20292"}],"wp:term":[{"taxonomy":"category","embeddable":true,"href":"https:\/\/www.bbyhaber.com\/bby\/wp-json\/wp\/v2\/categories?post=20292"},{"taxonomy":"post_tag","embeddable":true,"href":"https:\/\/www.bbyhaber.com\/bby\/wp-json\/wp\/v2\/tags?post=20292"}],"curies":[{"name":"wp","href":"https:\/\/api.w.org\/{rel}","templated":true}]}}