{"id":20287,"date":"2016-10-26T09:32:33","date_gmt":"2016-10-26T06:32:33","guid":{"rendered":"http:\/\/www.bbyhaber.com\/bby\/?p=20287"},"modified":"2016-10-26T09:36:34","modified_gmt":"2016-10-26T06:36:34","slug":"tkdnin-27-olagan-genel-kurul-sonuclari-aciklandi","status":"publish","type":"post","link":"https:\/\/www.bbyhaber.com\/bby\/2016\/10\/26\/tkdnin-27-olagan-genel-kurul-sonuclari-aciklandi","title":{"rendered":"TKD&#8217;nin 27. Ola\u011fan Genel Kurul sonu\u00e7lar\u0131 a\u00e7\u0131kland\u0131"},"content":{"rendered":"<p style=\"text-align: justify;\"><img loading=\"lazy\" decoding=\"async\" class=\"alignleft size-medium wp-image-20288\" src=\"http:\/\/www.bbyhaber.com\/bby\/wp-content\/uploads\/2016\/10\/alifuatkartal-300x300.jpg\" alt=\"alifuatkartal\" width=\"300\" height=\"300\" srcset=\"https:\/\/www.bbyhaber.com\/bby\/wp-content\/uploads\/2016\/10\/alifuatkartal-300x300.jpg 300w, https:\/\/www.bbyhaber.com\/bby\/wp-content\/uploads\/2016\/10\/alifuatkartal-150x150.jpg 150w, https:\/\/www.bbyhaber.com\/bby\/wp-content\/uploads\/2016\/10\/alifuatkartal.jpg 678w\" sizes=\"(max-width: 300px) 100vw, 300px\" \/>1949 y\u0131l\u0131nda kurulan ve 1975 y\u0131l\u0131ndan itibaren Bakanlar Kurulu Karar\u0131 ile Kamu Yarar\u0131na \u00c7al\u0131\u015fan Dernek Stat\u00fcs\u00fcnde faaliyet g\u00f6steren, T\u00fcrkiye&#8217;nin en eski ve k\u00f6kl\u00fc sivil toplum kurulu\u015flar\u0131 aras\u0131nda yer alan T\u00fcrk K\u00fct\u00fcphaneciler Derne\u011fi&#8217;nin 27. Ola\u011fan Genel Kurulu yap\u0131ld\u0131.<!--more--> TKD&#8217;den yap\u0131lan a\u00e7\u0131klamaya g\u00f6re Ali Fuat KARTAL tekrardan ba\u015fkan olarak se\u00e7ildi. Yeni y\u00f6netim kurulu \u00fcyeleri \u015f\u00f6yledir;\u00a0Ali Fuat Kartal ba\u015fkanl\u0131\u011f\u0131nda; Ayd\u0131n \u0130leri, Erol G\u00f6kduman, Emre Hasan Akbayrak, Erhan Erkan, G\u00fclsevil A\u011fca, Sanem Yard\u0131mc\u0131, \u015eahika Ero\u011flu ve \u00a0\u00dclk\u00fc \u00d6\u011fel&#8217;den olu\u015fmu\u015ftur.<\/p>\n","protected":false},"excerpt":{"rendered":"<p>1949 y\u0131l\u0131nda kurulan ve 1975 y\u0131l\u0131ndan itibaren Bakanlar Kurulu Karar\u0131 ile Kamu Yarar\u0131na \u00c7al\u0131\u015fan Dernek Stat\u00fcs\u00fcnde faaliyet g\u00f6steren, T\u00fcrkiye&#8217;nin en eski ve k\u00f6kl\u00fc sivil toplum kurulu\u015flar\u0131 aras\u0131nda yer alan T\u00fcrk K\u00fct\u00fcphaneciler Derne\u011fi&#8217;nin 27. Ola\u011fan Genel Kurulu yap\u0131ld\u0131.<\/p>\n","protected":false},"author":1,"featured_media":20288,"comment_status":"open","ping_status":"open","sticky":false,"template":"","format":"standard","meta":{"footnotes":""},"categories":[1474,1],"tags":[],"class_list":["post-20287","post","type-post","status-publish","format-standard","has-post-thumbnail","hentry","category-ali-fuat-kartal","category-genel"],"_links":{"self":[{"href":"https:\/\/www.bbyhaber.com\/bby\/wp-json\/wp\/v2\/posts\/20287"}],"collection":[{"href":"https:\/\/www.bbyhaber.com\/bby\/wp-json\/wp\/v2\/posts"}],"about":[{"href":"https:\/\/www.bbyhaber.com\/bby\/wp-json\/wp\/v2\/types\/post"}],"author":[{"embeddable":true,"href":"https:\/\/www.bbyhaber.com\/bby\/wp-json\/wp\/v2\/users\/1"}],"replies":[{"embeddable":true,"href":"https:\/\/www.bbyhaber.com\/bby\/wp-json\/wp\/v2\/comments?post=20287"}],"version-history":[{"count":0,"href":"https:\/\/www.bbyhaber.com\/bby\/wp-json\/wp\/v2\/posts\/20287\/revisions"}],"wp:featuredmedia":[{"embeddable":true,"href":"https:\/\/www.bbyhaber.com\/bby\/wp-json\/"}],"wp:attachment":[{"href":"https:\/\/www.bbyhaber.com\/bby\/wp-json\/wp\/v2\/media?parent=20287"}],"wp:term":[{"taxonomy":"category","embeddable":true,"href":"https:\/\/www.bbyhaber.com\/bby\/wp-json\/wp\/v2\/categories?post=20287"},{"taxonomy":"post_tag","embeddable":true,"href":"https:\/\/www.bbyhaber.com\/bby\/wp-json\/wp\/v2\/tags?post=20287"}],"curies":[{"name":"wp","href":"https:\/\/api.w.org\/{rel}","templated":true}]}}