{"id":20282,"date":"2016-10-25T10:39:02","date_gmt":"2016-10-25T07:39:02","guid":{"rendered":"http:\/\/www.bbyhaber.com\/bby\/?p=20282"},"modified":"2016-10-25T10:56:14","modified_gmt":"2016-10-25T07:56:14","slug":"tkd-baskani-ali-fuat-kartal-agac-yas-iken-egilir-ya-cocuklar","status":"publish","type":"post","link":"https:\/\/www.bbyhaber.com\/bby\/2016\/10\/25\/tkd-baskani-ali-fuat-kartal-agac-yas-iken-egilir-ya-cocuklar","title":{"rendered":"TKD Ba\u015fkan\u0131 Ali Fuat Kartal-A\u011fa\u00e7 ya\u015f iken e\u011filir, ya \u00e7ocuklar?"},"content":{"rendered":"<p style=\"text-align: justify;\"><img loading=\"lazy\" decoding=\"async\" class=\"alignleft size-medium wp-image-20283\" src=\"http:\/\/www.bbyhaber.com\/bby\/wp-content\/uploads\/2016\/10\/afkartal-300x169.jpg\" alt=\"afkartal\" width=\"300\" height=\"169\" srcset=\"https:\/\/www.bbyhaber.com\/bby\/wp-content\/uploads\/2016\/10\/afkartal-300x169.jpg 300w, https:\/\/www.bbyhaber.com\/bby\/wp-content\/uploads\/2016\/10\/afkartal.jpg 620w\" sizes=\"(max-width: 300px) 100vw, 300px\" \/>Halk\u0131m\u0131z taraf\u0131ndan yayg\u0131n bir \u015fekilde kullan\u0131lan \u201cA\u011fa\u00e7 ya\u015f iken e\u011filir\u201d atas\u00f6z\u00fc, bize k\u00fc\u00e7\u00fck ya\u015flarda insan haf\u0131zas\u0131n\u0131n ve kavrama yetene\u011finin, hen\u00fcz tam olarak \u015fekillenmedi\u011fi i\u00e7in insan\u0131 e\u011fitmenin daha kolay oldu\u011funu anlat\u0131yor. Peki, \u00e7ocuklar\u0131m\u0131z\u0131 nas\u0131l e\u011fitece\u011fiz? Onlar\u0131n ki\u015filiklerini yok sayarak, a\u011fa\u00e7 gibi e\u011fip b\u00fckerek, kafam\u0131za g\u00f6re mi bi\u00e7imlendirece\u011fiz, yoksa \u201cd\u00fc\u015f\u00fcnen insan\u0131\u201d yeti\u015ftirmeyi mi ama\u00e7layaca\u011f\u0131z?<!--more-->Aileden ba\u015flayan \u00e7ocuk e\u011fitimi, e\u011fitim kurumlar\u0131 ile \u015fekillenerek, k\u00fct\u00fcphaneler arac\u0131l\u0131\u011f\u0131 ile ya\u015fam boyu s\u00fcrer. Okul e\u011fitimi bireylere f\u0131rsat e\u015fitli\u011fi i\u00e7erisinde e\u011fitimin ve \u00f6\u011frenmenin ya\u015fam boyu s\u00fcrecek bir ki\u015fisel etkinli\u011fe d\u00f6n\u00fc\u015fmesini sa\u011flamakla y\u00fck\u00fcml\u00fcd\u00fcr. Ya\u015fam boyu \u00f6\u011frenmede bireyin e\u011fitim kurumlar\u0131 arac\u0131l\u0131\u011f\u0131 ile kazand\u0131\u011f\u0131 okuma al\u0131\u015fkanl\u0131\u011f\u0131n\u0131n yan\u0131 s\u0131ra k\u00fct\u00fcphaneler de bu s\u00fcrecin vazge\u00e7ilmez kurumlar\u0131n\u0131n ba\u015f\u0131nda geliyor.<\/p>\n<p style=\"text-align: justify;\">\u00c7ocuklara kitap okuma al\u0131\u015fkanl\u0131\u011f\u0131 kazand\u0131rmak i\u00e7in \u00f6ncelikle birer birey olduklar\u0131n\u0131 unutmadan, onlar\u0131n dili ile ileti\u015fim kurarak, okumay\u0131 bir ya\u015fam bi\u00e7imine d\u00f6n\u00fc\u015ft\u00fcrebilmesi sa\u011flanmal\u0131. Bunun i\u00e7in \u00f6ncelikle \u00e7ocu\u011fun e\u011fitiminden sorumlu \u00f6\u011fretmenlerin de \u00e7ocuk psikolojisi ve e\u011fitimi konusunda s\u00fcrekli bilgilendirilmesi gerekiyor.<\/p>\n<p style=\"text-align: justify;\">\u00c7ok ama\u00e7l\u0131 \u00f6\u011frenim merkezi olarak tasarlamal\u0131y\u0131z<\/p>\n<p style=\"text-align: justify;\">\u00c7ocuklar\u0131 k\u00fct\u00fcphanelere \u00e7ekmek ve oradan gerekti\u011fi gibi yararlanmalar\u0131n\u0131 sa\u011flamak i\u00e7in ne yapmal\u0131y\u0131z? \u00d6ncelikle okul k\u00fct\u00fcphanelerini, okulun vazge\u00e7ilmez bir par\u00e7as\u0131 olarak d\u00fc\u015f\u00fcn\u00fcp ona g\u00f6re kurgulamal\u0131y\u0131z. K\u00fct\u00fcphaneleri sadece kitaplar\u0131n oldu\u011fu yerler olarak de\u011fil, \u00e7ok ama\u00e7l\u0131 \u00f6\u011frenim merkezi olarak tasarlamal\u0131y\u0131z. <strong><span style=\"color: #ff0000;\">Okul k\u00fct\u00fcphanesinin ger\u00e7ek i\u015flevini yerine getirmesi ancak k\u00fct\u00fcphanecilik e\u011fitimi alm\u0131\u015f, k\u00fct\u00fcphaneci ile m\u00fcmk\u00fcnd\u00fcr. Aksi taktirde k\u00fct\u00fcphane kurman\u0131z \u00e7ok fazla anlam ifade etmez.<\/span><\/strong><\/p>\n<p style=\"text-align: justify;\">K\u00fct\u00fcphanecinin, \u00f6\u011fretmenler ile i\u015fbirli\u011fi yaparak \u00f6\u011fretim y\u0131l\u0131n\u0131n ba\u015f\u0131nda haz\u0131rlayaca\u011f\u0131 \u201ck\u00fct\u00fcphane etkinlik program\u0131\u201d \u00e7ocuklar\u0131n bilgilerini art\u0131rmas\u0131na, birlikte i\u015f yapabilme becerilerinin geli\u015fmesine ayr\u0131ca sosyalle\u015fmelerine ve k\u00fct\u00fcphane kullanma al\u0131\u015fkanl\u0131\u011f\u0131 kazanmalar\u0131na yard\u0131mc\u0131 olur. \u00c7ocuklar\u0131n k\u00fct\u00fcphaneye \u00fcye yap\u0131lmas\u0131, \u00f6d\u00fcn\u00e7 kitap almalar\u0131, kitab\u0131 zaman\u0131nda teslim etmeleri ve k\u00fct\u00fcphane kullanma kurallar\u0131 gibi s\u00fcre\u00e7leri \u00f6\u011frenmeleri, gelece\u011fin okurunu ve okuyan bireyini yeti\u015ftirmek a\u00e7\u0131s\u0131ndan son derece \u00f6nemli.<\/p>\n<p style=\"text-align: justify;\">K\u00fct\u00fcphanede kendilerini e\u015fit ve \u00f6zg\u00fcr hissetmeliler<\/p>\n<p style=\"text-align: justify;\">K\u00fct\u00fcphanelerde g\u00fcncel ve kaliteli yay\u0131nlar\u0131n bulundurulmas\u0131n\u0131n yan\u0131 s\u0131ra ileti\u015fim teknolojilerinin her t\u00fcrl\u00fc olanaklar\u0131n\u0131n \u00e7ocuklar\u0131n kullan\u0131m\u0131na a\u00e7\u0131lmas\u0131 gerekir. Ayr\u0131ca en az kitaplar kadar \u00f6nemli bir konu da \u00e7ocuklara k\u00fct\u00fcphanede sosyalle\u015fme alanlar\u0131 yaratarak kendilerini orada e\u015fit ve \u00f6zg\u00fcr hissetmeleri sa\u011flanmal\u0131. B\u00f6ylece k\u00fct\u00fcphanelere ilgilerini artt\u0131rabiliriz.<\/p>\n<p style=\"text-align: justify;\">\u00c7ocuklar\u0131m\u0131za kitap okumay\u0131 sevdirmek i\u00e7in, \u00e7ocuk yay\u0131nc\u0131l\u0131\u011f\u0131n\u0131n son derece zenginle\u015fti\u011fi g\u00fcn\u00fcm\u00fczde ebeveyn olarak s\u0131f\u0131r ya\u015f\u0131ndan ba\u015flayarak \u00e7ocuklar\u0131m\u0131za \u00f6zel zaman ay\u0131rarak onlara ya\u015f\u0131na uygun kitaplar okumal\u0131y\u0131z. Evimizde imk\u00e2nlar\u0131m\u0131z dahiline bir kitapl\u0131k olu\u015fturmal\u0131y\u0131z. \u00c7ocuklar\u0131m\u0131z i\u00e7in alaca\u011f\u0131m\u0131z kitaplar\u0131 onlarla birlikte almaya \u00f6zen g\u00f6stermeliyiz. Her kitab\u0131 eve alamayaca\u011f\u0131m\u0131z\u0131, bunun i\u00e7in k\u00fct\u00fcphanelerin oldu\u011funu, k\u00fct\u00fcphaneye \u00fcye olarak bu imk\u00e2na kavu\u015fabilece\u011fini \u00e7ocu\u011fumuza anlatmal\u0131y\u0131z.<\/p>\n<p style=\"text-align: justify;\">\u201cOku\u201d diye uyarmak yerine, \u00e7ocuklara rol model olmal\u0131s\u0131n\u0131z<\/p>\n<p style=\"text-align: justify;\">\u00c7ocu\u011fu s\u00fcrekli kitap okumas\u0131 y\u00f6n\u00fcnde uyarmak yerine kitap okuyarak ona rol model olmal\u0131y\u0131z. \u00c7ocu\u011fun ya\u015f\u0131na uygun bir dergiye abone olabiliriz ya da k\u00fct\u00fcphanelerden bu dergiyi izlemesini sa\u011flayabiliriz. \u00d6\u011fretmelerimiz kitap okuman\u0131n \u00f6\u011frenim s\u00fcrecinin bir par\u00e7as\u0131 oldu\u011funun bilincine vararak, \u00e7ocuklar\u0131m\u0131z\u0131 kitap okumaya y\u00f6nlendirecek y\u00f6ntemler geli\u015ftirmeliler.<\/p>\n<p style=\"text-align: justify;\">\u00c7ocuklar okuma al\u0131\u015fkanl\u0131\u011f\u0131 kazanma s\u00fcre\u00e7lerinde belirli bir a\u015famaya gelinceye kadar ho\u015fland\u0131klar\u0131 t\u00fcrde kitap okumalar\u0131na engel olunmamal\u0131. Sonu\u00e7 olarak yapboz tahtas\u0131na \u00e7evirdi\u011fimiz ezberci e\u011fitim sistemimizi okumaya, ara\u015ft\u0131rmaya y\u00f6nelik yeniden kurgulamal\u0131y\u0131z.<\/p>\n<p style=\"text-align: justify;\"><a href=\"http:\/\/www.hurriyet.com.tr\/\" target=\"_blank\">Kaynak<\/a><\/p>\n","protected":false},"excerpt":{"rendered":"<p>Halk\u0131m\u0131z taraf\u0131ndan yayg\u0131n bir \u015fekilde kullan\u0131lan \u201cA\u011fa\u00e7 ya\u015f iken e\u011filir\u201d atas\u00f6z\u00fc, bize k\u00fc\u00e7\u00fck ya\u015flarda insan haf\u0131zas\u0131n\u0131n ve kavrama yetene\u011finin, hen\u00fcz tam olarak \u015fekillenmedi\u011fi i\u00e7in insan\u0131 e\u011fitmenin daha kolay oldu\u011funu anlat\u0131yor. Peki, \u00e7ocuklar\u0131m\u0131z\u0131 nas\u0131l e\u011fitece\u011fiz? Onlar\u0131n ki\u015filiklerini yok sayarak, a\u011fa\u00e7 gibi e\u011fip b\u00fckerek, kafam\u0131za g\u00f6re mi bi\u00e7imlendirece\u011fiz, yoksa \u201cd\u00fc\u015f\u00fcnen insan\u0131\u201d yeti\u015ftirmeyi mi ama\u00e7layaca\u011f\u0131z?<\/p>\n","protected":false},"author":1,"featured_media":20283,"comment_status":"open","ping_status":"open","sticky":false,"template":"","format":"standard","meta":{"footnotes":""},"categories":[1474,1],"tags":[],"class_list":["post-20282","post","type-post","status-publish","format-standard","has-post-thumbnail","hentry","category-ali-fuat-kartal","category-genel"],"_links":{"self":[{"href":"https:\/\/www.bbyhaber.com\/bby\/wp-json\/wp\/v2\/posts\/20282"}],"collection":[{"href":"https:\/\/www.bbyhaber.com\/bby\/wp-json\/wp\/v2\/posts"}],"about":[{"href":"https:\/\/www.bbyhaber.com\/bby\/wp-json\/wp\/v2\/types\/post"}],"author":[{"embeddable":true,"href":"https:\/\/www.bbyhaber.com\/bby\/wp-json\/wp\/v2\/users\/1"}],"replies":[{"embeddable":true,"href":"https:\/\/www.bbyhaber.com\/bby\/wp-json\/wp\/v2\/comments?post=20282"}],"version-history":[{"count":0,"href":"https:\/\/www.bbyhaber.com\/bby\/wp-json\/wp\/v2\/posts\/20282\/revisions"}],"wp:featuredmedia":[{"embeddable":true,"href":"https:\/\/www.bbyhaber.com\/bby\/wp-json\/"}],"wp:attachment":[{"href":"https:\/\/www.bbyhaber.com\/bby\/wp-json\/wp\/v2\/media?parent=20282"}],"wp:term":[{"taxonomy":"category","embeddable":true,"href":"https:\/\/www.bbyhaber.com\/bby\/wp-json\/wp\/v2\/categories?post=20282"},{"taxonomy":"post_tag","embeddable":true,"href":"https:\/\/www.bbyhaber.com\/bby\/wp-json\/wp\/v2\/tags?post=20282"}],"curies":[{"name":"wp","href":"https:\/\/api.w.org\/{rel}","templated":true}]}}