{"id":20268,"date":"2016-10-23T18:20:46","date_gmt":"2016-10-23T15:20:46","guid":{"rendered":"http:\/\/www.bbyhaber.com\/bby\/?p=20268"},"modified":"2017-01-18T09:42:19","modified_gmt":"2017-01-18T06:42:19","slug":"dunyanin-en-guzel-kutuphaneleri","status":"publish","type":"post","link":"https:\/\/www.bbyhaber.com\/bby\/2016\/10\/23\/dunyanin-en-guzel-kutuphaneleri","title":{"rendered":"D\u00fcnyan\u0131n en g\u00fczel k\u00fct\u00fcphaneleri"},"content":{"rendered":"<p style=\"text-align: justify;\"><img loading=\"lazy\" decoding=\"async\" class=\"alignleft\" src=\"http:\/\/www.dw.com\/image\/19451249_303.jpg\" alt=\"Deutschland Anna Amalia Bibliothek in Weimar (picture-alliance\/dpa\/J. Woitas)\" width=\"350\" height=\"197\" \/>K\u00fcllerden do\u011fan ihti\u015fam<\/p>\n<p style=\"text-align: justify;\">K\u00fct\u00fcphaneler 4 bin y\u0131l\u0131 a\u015fk\u0131n bir s\u00fcredir insanlar\u0131 bilgiyle bulu\u015fturuyor. D\u00fcnyadaki en etkileyici k\u00fct\u00fcphanelere gezintiye \u00e7\u0131k\u0131yoruz:<!--more--><\/p>\n<div class=\"gallery col3\">\n<div class=\"imgTeaserL slideshow noDim\" data-id=\"36125998\" data-title=\"D\u00fcnyan\u0131n en g\u00fczel k\u00fct\u00fcphaneleri\" data-date=\"20161023\">\n<div class=\"teaserContentWrap\" style=\"text-align: center;\">\n<p style=\"text-align: left;\">Almanya&#8217;n\u0131n Weimar kentinde \u00fc\u00e7 y\u00fcz y\u0131l\u0131 a\u015fk\u0131n bir s\u00fcre boyunca &#8220;D\u00fckal\u0131k K\u00fct\u00fcphanesi&#8221; olarak bilinen yap\u0131, 1991 y\u0131l\u0131nda &#8220;D\u00fc\u015fes Anna Amalia K\u00fct\u00fcphanesi&#8221; ad\u0131n\u0131 ald\u0131. Resimdeki rokoko tarz\u0131 salonuyla \u00fcnl\u00fc yap\u0131, 2004 y\u0131l\u0131nda \u00e7\u0131kan bir yang\u0131n sonucu hasar g\u00f6rd\u00fc. \u00dc\u00e7 y\u0131l sonra restore edilerek yeniden a\u00e7\u0131ld\u0131.<\/p>\n<\/div>\n<\/div>\n<div class=\"imgTeaserL slideshow noDim\" data-id=\"36125998\" data-title=\"D\u00fcnyan\u0131n en g\u00fczel k\u00fct\u00fcphaneleri\" data-date=\"20161023\"><\/div>\n<div class=\"imgTeaserL slideshow noDim\" data-id=\"36125998\" data-title=\"D\u00fcnyan\u0131n en g\u00fczel k\u00fct\u00fcphaneleri\" data-date=\"20161023\">\u00a0[divider style=&#8221;solid&#8221; top=&#8221;20&#8243; bottom=&#8221;20&#8243;]<\/div>\n<div class=\"imgTeaserL slideshow noDim\" data-id=\"36125998\" data-title=\"D\u00fcnyan\u0131n en g\u00fczel k\u00fct\u00fcphaneleri\" data-date=\"20161023\"><\/div>\n<div class=\"imgTeaserL slideshow noDim\" data-id=\"36125998\" data-title=\"D\u00fcnyan\u0131n en g\u00fczel k\u00fct\u00fcphaneleri\" data-date=\"20161023\"><\/div>\n<div class=\"imgTeaserL slideshow noDim\" data-id=\"36125998\" data-title=\"D\u00fcnyan\u0131n en g\u00fczel k\u00fct\u00fcphaneleri\" data-date=\"20161023\"><\/div>\n<div class=\"imgTeaserL slideshow noDim\" data-id=\"36125998\" data-title=\"D\u00fcnyan\u0131n en g\u00fczel k\u00fct\u00fcphaneleri\" data-date=\"20161023\">\n<div class=\"teaserImg\" style=\"text-align: center;\"><img loading=\"lazy\" decoding=\"async\" class=\"\" src=\"http:\/\/www.dw.com\/image\/36072093_303.jpg\" alt=\"Bibliothek der Technischen Universit\u00e4t im niederl\u00e4ndischen Delft (picture-alliance\/Nicholas Kane\/Arcaid)\" width=\"350\" height=\"197\" \/><\/div>\n<div class=\"teaserContentWrap\" style=\"text-align: center;\">\n<h2>Piknik alan\u0131 gibi<\/h2>\n<p>Hollanda&#8217;n\u0131n Delft kentindeki Teknik \u00dcniversite, \u00f6\u011frencisi olmasan\u0131z da g\u00f6rmeye de\u011fer. Yap\u0131n\u0131n en dikkat \u00e7ekici k\u0131sm\u0131, \u00fczeri \u00e7im kapl\u0131 yamuk zemin \u00fczerinde y\u00fckselen \u00fcst taraf\u0131. Yaz aylar\u0131nda \u00f6\u011frenciler \u00f6\u011flen aras\u0131nda buraya ak\u0131n ediyor. Yap\u0131n\u0131n ortas\u0131ndan y\u00fckselen koni 42 metre y\u00fcksekli\u011finde. \u0130\u00e7inde ise d\u00f6rt kata yay\u0131lm\u0131\u015f k\u00fct\u00fcphane bulunuyor.<\/p>\n<\/div>\n<\/div>\n<\/div>\n<p>&nbsp;<\/p>\n<p>&nbsp;<\/p>\n<div class=\"gallery col3\">\n<div class=\"imgTeaserL slideshow noDim\" data-id=\"36125998\" data-title=\"D\u00fcnyan\u0131n en g\u00fczel k\u00fct\u00fcphaneleri\" data-date=\"20161023\">\n<div class=\"teaserContentWrap\" style=\"text-align: center;\">\n<p>[divider style=&#8221;solid&#8221; top=&#8221;20&#8243; bottom=&#8221;20&#8243;]<\/p>\n<\/div>\n<hr \/>\n<div class=\"teaserImg\" style=\"text-align: center;\"><img loading=\"lazy\" decoding=\"async\" class=\"\" src=\"http:\/\/www.dw.com\/image\/36072122_303.jpg\" alt=\"Alte Bibliothek der Universit\u00e4t Coimbra in Portugal (picture-alliance\/akg-images\/H. Champollion)\" width=\"350\" height=\"197\" \/><\/div>\n<div class=\"teaserContentWrap\" style=\"text-align: center;\">\n<div class=\"tools\"><\/div>\n<h2>Abanoz siyah\u0131<\/h2>\n<p>\u0130ngiliz &#8220;The Daily Telegraph&#8221; gazetesi, 2013 y\u0131l\u0131nda Portekiz&#8217;in Coimbra kentindeki &#8220;Biblioteca Joanina&#8221;y\u0131 d\u00fcnyan\u0131n en heyecan verici k\u00fct\u00fcphanelerinden biri olarak ilan etmi\u015fti. G\u00fcn\u00fcm\u00fczde bir \u00fcniversite k\u00fct\u00fcphanesi olan Biblioteca Joanina, ad\u0131n\u0131 in\u015faat emrini veren eski kral V. Joao&#8217;dan al\u0131yor. T\u00fcm raflar\u0131n abanoz ve g\u00fcl odunundan yap\u0131ld\u0131\u011f\u0131 k\u00fct\u00fcphane bug\u00fcn Hukuk Fak\u00fcltesi i\u00e7inde yer al\u0131yor.<\/p>\n<\/div>\n<\/div>\n<\/div>\n<p>&nbsp;<\/p>\n<p>&nbsp;<\/p>\n<p>[divider style=&#8221;solid&#8221; top=&#8221;20&#8243; bottom=&#8221;20&#8243;]<\/p>\n<hr \/>\n<div class=\"gallery col3\">\n<div class=\"imgTeaserL slideshow noDim\" data-id=\"36125998\" data-title=\"D\u00fcnyan\u0131n en g\u00fczel k\u00fct\u00fcphaneleri\" data-date=\"20161023\">\n<div class=\"teaserImg\" style=\"text-align: center;\"><img loading=\"lazy\" decoding=\"async\" class=\"\" src=\"http:\/\/www.dw.com\/image\/36072156_303.jpg\" alt=\"Bibliothek in Alexandria (picture-alliance\/Arco Images GmbH)\" width=\"350\" height=\"197\" \/><\/div>\n<div class=\"teaserContentWrap\" style=\"text-align: center;\">\n<h2>\u0130skenderiye K\u00fct\u00fcphanesi<\/h2>\n<p>D\u00fcnyan\u0131n en \u00fcnl\u00fc k\u00fct\u00fcphanelerinden biri olan \u0130skenderiye K\u00fct\u00fcphanesi yakla\u015f\u0131k 2 bin y\u0131l \u00f6nce \u00e7\u0131kan yang\u0131nda tahrip olmu\u015f. Yang\u0131n \u00f6ncesinde k\u00fct\u00fcphanenin yakla\u015f\u0131k 490 bin papir\u00fcs rulo i\u00e7inde sakl\u0131 muazzam bir bilgi hazinesine sahip oldu\u011fu tahmin ediliyor. M\u0131s\u0131r h\u00fck\u00fcmeti taraf\u0131ndan 220 milyon dolar harcanarak yeniden in\u015fa edilen k\u00fct\u00fcphane 2002 y\u0131l\u0131nda hizmete a\u00e7\u0131ld\u0131.<\/p>\n<\/div>\n<\/div>\n<\/div>\n<p>&nbsp;<\/p>\n<p>[divider style=&#8221;solid&#8221; top=&#8221;20&#8243; bottom=&#8221;20&#8243;]<\/p>\n<hr \/>\n<div class=\"gallery col3\">\n<div class=\"imgTeaserL slideshow noDim\" data-id=\"36125998\" data-title=\"D\u00fcnyan\u0131n en g\u00fczel k\u00fct\u00fcphaneleri\" data-date=\"20161023\">\n<div class=\"teaserImg\" style=\"text-align: center;\"><img loading=\"lazy\" decoding=\"async\" class=\"\" src=\"http:\/\/www.dw.com\/image\/36072248_303.jpg\" alt=\"Stiftsbibliothek in St. Gallen (picture-alliance\/Stuart Dee\/robertharding)\" width=\"350\" height=\"197\" \/><\/div>\n<div class=\"teaserContentWrap\" style=\"text-align: center;\">\n<h2>Mumyalanm\u0131\u015f hazine<\/h2>\n<p>\u0130svi\u00e7re&#8217;nin St.Gallen kentinde eski bir manast\u0131r k\u00fct\u00fcphanesi olan k\u00fct\u00fcphanenin tarihi b\u00f6l\u00fcm\u00fcnde bin 300 y\u0131ll\u0131k yaz\u0131l\u0131 eserleri g\u00f6rmek m\u00fcmk\u00fcn. Avrupa&#8217;n\u0131n en eski r\u00f6l\u00f6vesi olan St.Galler manast\u0131r\u0131 in\u015faat plan\u0131na ve M\u0131s\u0131r&#8217;dan getirtilen bir mumyaya ev sahipli\u011fi yapan k\u00fct\u00fcphane 1983 y\u0131l\u0131nda UNESCO D\u00fcnya K\u00fclt\u00fcr Miras\u0131 listesine dahil edildi.<\/p>\n<\/div>\n<\/div>\n<\/div>\n<p>&nbsp;<\/p>\n<p>[divider style=&#8221;solid&#8221; top=&#8221;20&#8243; bottom=&#8221;20&#8243;]<\/p>\n<div class=\"gallery col3\">\n<div class=\"imgTeaserL slideshow noDim\" data-id=\"36125998\" data-title=\"D\u00fcnyan\u0131n en g\u00fczel k\u00fct\u00fcphaneleri\" data-date=\"20161023\">\n<hr \/>\n<div class=\"teaserImg\" style=\"text-align: center;\"><img loading=\"lazy\" decoding=\"async\" class=\"\" src=\"http:\/\/www.dw.com\/image\/19451270_303.jpg\" alt=\"Foster Bibliothek der FU Berlin (picture-alliance\/dpa\/D. Andree\/Helga Lade)\" width=\"350\" height=\"197\" \/><\/div>\n<div class=\"teaserContentWrap\" style=\"text-align: center;\">\n<div class=\"tools\"><\/div>\n<h2>&#8220;Beyin&#8221;<\/h2>\n<p>Berlin&#8217;deki bu k\u00fct\u00fcphane, insan kafas\u0131n\u0131 and\u0131ran \u015fekli nedeniyle &#8220;Beyin&#8221; olarak adland\u0131r\u0131l\u0131yor. Berlin H\u00fcr \u00dcniversitesi Felsefe Fak\u00fcltesi&#8217;ne ba\u011fl\u0131 olan k\u00fct\u00fcphane k\u0131sa s\u00fcrede sadece \u00f6\u011frenciler de\u011fil, mimariye merakl\u0131 ziyaret\u00e7iler i\u00e7in de \u00e7ekim alan\u0131 oldu. Uluslararas\u0131 alanda tan\u0131nm\u0131\u015f mimar Norman Foster taraf\u0131ndan tasarlanan bina 2005 y\u0131l\u0131nda a\u00e7\u0131ld\u0131.<\/p>\n<\/div>\n<\/div>\n<\/div>\n<p>&nbsp;<\/p>\n<p>[divider style=&#8221;solid&#8221; top=&#8221;20&#8243; bottom=&#8221;20&#8243;]<\/p>\n<hr \/>\n<div class=\"gallery col3\">\n<div class=\"imgTeaserL slideshow noDim\" data-id=\"36125998\" data-title=\"D\u00fcnyan\u0131n en g\u00fczel k\u00fct\u00fcphaneleri\" data-date=\"20161023\">\n<div class=\"teaserImg\" style=\"text-align: center;\"><img loading=\"lazy\" decoding=\"async\" class=\"\" src=\"http:\/\/www.dw.com\/image\/36072314_303.jpg\" alt=\"Long Room des Trinity College in Dublin - Bibliothek (Imago\/imagebroker)\" width=\"350\" height=\"197\" \/><\/div>\n<div class=\"teaserContentWrap\" style=\"text-align: center;\">\n<div class=\"tools\"><\/div>\n<h2>Uzun Oda<\/h2>\n<p>\u0130rlanda&#8217;n\u0131n Dublin kentindeki &#8220;Long Room&#8221; (Uzun Oda) 64 metre uzunlu\u011funda ve 12 metre geni\u015fli\u011finde iki katl\u0131 bir yap\u0131. Dublin \u00dcniversitesi&#8217;ne ba\u011fl\u0131 Trinity College&#8217;deki tarihi k\u00fct\u00fcphanenin bir par\u00e7as\u0131 olan Uzun Oda eskiden daha sade d\u00fcz bir al\u00e7\u0131 tavana sahipmi\u015f. 1858 y\u0131l\u0131nda mimarlar d\u00fcz tavan\u0131 kald\u0131r\u0131p y\u00fckseltmi\u015f ve me\u015fe a\u011fac\u0131ndan kemerli bir tavan yaparak yap\u0131ya bug\u00fcnk\u00fc g\u00f6r\u00fcn\u00fcm\u00fcn\u00fc vermi\u015f.<\/p>\n<\/div>\n<\/div>\n<\/div>\n<p>&nbsp;<\/p>\n<p>[divider style=&#8221;solid&#8221; top=&#8221;20&#8243; bottom=&#8221;20&#8243;]<\/p>\n<hr \/>\n<div class=\"gallery col3\">\n<div class=\"imgTeaserL slideshow noDim\" data-id=\"36125998\" data-title=\"D\u00fcnyan\u0131n en g\u00fczel k\u00fct\u00fcphaneleri\" data-date=\"20161023\">\n<div class=\"teaserImg\" style=\"text-align: center;\"><img loading=\"lazy\" decoding=\"async\" class=\"\" src=\"http:\/\/www.dw.com\/image\/36072389_303.jpg\" alt=\"Nationalbibliothek in Peking (Getty Images\/AFP\/W. Zhao)\" width=\"350\" height=\"197\" \/><\/div>\n<div class=\"teaserContentWrap\" style=\"text-align: center;\">\n<div class=\"tools\"><\/div>\n<h2>K\u00fcresel oyuncu<\/h2>\n<p>\u00c7in Ulusal K\u00fct\u00fcphanesi, b\u00fcnyesindeki 30 milyonu a\u015fk\u0131n kitap ve materyalle d\u00fcnyan\u0131n en b\u00fcy\u00fck yedi k\u00fct\u00fcphanesi aras\u0131nda yer al\u0131yor . 1809 y\u0131l\u0131nda &#8220;Ba\u015fkent K\u00fct\u00fcphanesi&#8221; olarak in\u015fa edilen yap\u0131, 1928 y\u0131l\u0131nda Pekin K\u00fct\u00fcphanesi ad\u0131n\u0131 ald\u0131. 1998 y\u0131l\u0131nda ad\u0131 \u00c7in Ulusal K\u00fct\u00fcphanesi olarak de\u011fi\u015ftirildi.<\/p>\n<\/div>\n<\/div>\n<\/div>\n<p>&nbsp;<\/p>\n<p>[divider style=&#8221;solid&#8221; top=&#8221;20&#8243; bottom=&#8221;20&#8243;]<\/p>\n<hr \/>\n<div class=\"gallery col3\">\n<div class=\"imgTeaserL slideshow noDim\" data-id=\"36125998\" data-title=\"D\u00fcnyan\u0131n en g\u00fczel k\u00fct\u00fcphaneleri\" data-date=\"20161023\">\n<div class=\"teaserImg\" style=\"text-align: center;\"><img loading=\"lazy\" decoding=\"async\" class=\"\" src=\"http:\/\/www.dw.com\/image\/36072276_303.jpg\" alt=\"Buchhandlung El Ateneo in Buenos Aires (picture-alliance\/AP Photo\/V.R. Caivano)\" width=\"350\" height=\"197\" \/><\/div>\n<div class=\"teaserContentWrap\">\n<div class=\"tools\" style=\"text-align: center;\"><\/div>\n<h2 style=\"text-align: center;\">Tiyatro atmosferi<\/h2>\n<p style=\"text-align: center;\">Arjantin&#8217;in Buenos Aires kentindeki &#8220;Ateneo&#8221;, bir k\u00fct\u00fcphaneden ziyade kitabevi. 1919 y\u0131l\u0131nda bir tiyatro olarak kullan\u0131ma a\u00e7\u0131lan bina, 1920&#8217;lerin sonlar\u0131nda sinemaya \u00e7evrilmi\u015f. 2000 y\u0131l\u0131nda da kitabevi buraya ta\u015f\u0131nm\u0131\u015f. Kitabevinin ziyaret\u00e7ileri eski tiyatro localar\u0131ndaki sandalyelere oturarak kitaplar\u0131n\u0131 okuyor, eski sahnede ise pastalar\u0131n\u0131 al\u0131p kahvelerini yudumluyor.<\/p>\n<\/div>\n<\/div>\n<\/div>\n<ul>\n<li>Kaynak: <em><a href=\"http:\/\/www.dw.com\/tr\/d%C3%BCnyan%C4%B1n-en-g%C3%BCzel-k%C3%BCt%C3%BCphaneleri\/g-36125998\">D\u00fcnyan\u0131n en g\u00fczel k\u00fct\u00fcphaneleri | T\u00fcm medya i\u00e7eri\u011fi | DW.COM | 23.10.2016<\/a><\/em><\/li>\n<\/ul>\n","protected":false},"excerpt":{"rendered":"<p>K\u00fcllerden do\u011fan ihti\u015fam K\u00fct\u00fcphaneler 4 bin y\u0131l\u0131 a\u015fk\u0131n bir s\u00fcredir insanlar\u0131 bilgiyle bulu\u015fturuyor. D\u00fcnyadaki en etkileyici k\u00fct\u00fcphanelere gezintiye \u00e7\u0131k\u0131yoruz:<\/p>\n","protected":false},"author":129,"featured_media":20270,"comment_status":"open","ping_status":"open","sticky":false,"template":"","format":"standard","meta":{"footnotes":""},"categories":[],"tags":[1436],"class_list":["post-20268","post","type-post","status-publish","format-standard","has-post-thumbnail","hentry","tag-kutuphaneler"],"_links":{"self":[{"href":"https:\/\/www.bbyhaber.com\/bby\/wp-json\/wp\/v2\/posts\/20268"}],"collection":[{"href":"https:\/\/www.bbyhaber.com\/bby\/wp-json\/wp\/v2\/posts"}],"about":[{"href":"https:\/\/www.bbyhaber.com\/bby\/wp-json\/wp\/v2\/types\/post"}],"author":[{"embeddable":true,"href":"https:\/\/www.bbyhaber.com\/bby\/wp-json\/wp\/v2\/users\/129"}],"replies":[{"embeddable":true,"href":"https:\/\/www.bbyhaber.com\/bby\/wp-json\/wp\/v2\/comments?post=20268"}],"version-history":[{"count":2,"href":"https:\/\/www.bbyhaber.com\/bby\/wp-json\/wp\/v2\/posts\/20268\/revisions"}],"predecessor-version":[{"id":20871,"href":"https:\/\/www.bbyhaber.com\/bby\/wp-json\/wp\/v2\/posts\/20268\/revisions\/20871"}],"wp:featuredmedia":[{"embeddable":true,"href":"https:\/\/www.bbyhaber.com\/bby\/wp-json\/"}],"wp:attachment":[{"href":"https:\/\/www.bbyhaber.com\/bby\/wp-json\/wp\/v2\/media?parent=20268"}],"wp:term":[{"taxonomy":"category","embeddable":true,"href":"https:\/\/www.bbyhaber.com\/bby\/wp-json\/wp\/v2\/categories?post=20268"},{"taxonomy":"post_tag","embeddable":true,"href":"https:\/\/www.bbyhaber.com\/bby\/wp-json\/wp\/v2\/tags?post=20268"}],"curies":[{"name":"wp","href":"https:\/\/api.w.org\/{rel}","templated":true}]}}