{"id":20226,"date":"2016-10-20T13:46:22","date_gmt":"2016-10-20T10:46:22","guid":{"rendered":"http:\/\/www.bbyhaber.com\/bby\/?p=20226"},"modified":"2016-12-02T18:30:07","modified_gmt":"2016-12-02T15:30:07","slug":"bilgi-ve-belge-yonetiminde-kuram-toplantisi-02-aralik-2016-ankara","status":"publish","type":"post","link":"https:\/\/www.bbyhaber.com\/bby\/2016\/10\/20\/bilgi-ve-belge-yonetiminde-kuram-toplantisi-02-aralik-2016-ankara","title":{"rendered":"Bilgi ve Belge Y\u00f6netiminde Kuram Toplant\u0131s\u0131, 02 Aral\u0131k 2016, Ankara"},"content":{"rendered":"<p style=\"text-align: justify;\"><img loading=\"lazy\" decoding=\"async\" class=\"alignleft size-medium wp-image-20227\" src=\"http:\/\/www.bbyhaber.com\/bby\/wp-content\/uploads\/2016\/10\/slider_bbykuram-300x159.jpg\" alt=\"slider_bbykuram\" width=\"300\" height=\"159\" srcset=\"https:\/\/www.bbyhaber.com\/bby\/wp-content\/uploads\/2016\/10\/slider_bbykuram-300x159.jpg 300w, https:\/\/www.bbyhaber.com\/bby\/wp-content\/uploads\/2016\/10\/slider_bbykuram-310x165.jpg 310w, https:\/\/www.bbyhaber.com\/bby\/wp-content\/uploads\/2016\/10\/slider_bbykuram.jpg 475w\" sizes=\"(max-width: 300px) 100vw, 300px\" \/>Hacettepe \u00dcniversitesi Bilgi ve Belge Y\u00f6netimi B\u00f6l\u00fcm\u00fc taraf\u0131ndan d\u00fczenlenen \u201cBilgi ve Belge Y\u00f6netiminde Kuram Toplant\u0131s\u0131\u201d Ankara Goethe Enstit\u00fcs\u00fc\u2019n\u00fcn ev sahipli\u011finde <strong><span style=\"color: #ff0000;\">2 Aral\u0131k 2016 Cuma<\/span><\/strong> g\u00fcn\u00fc ger\u00e7ekle\u015ftirilecektir.\u00a0Bir g\u00fcnl\u00fck toplant\u0131ya alan\u0131m\u0131zdaki t\u00fcm akademisyen, ara\u015ft\u0131rmac\u0131, bilgi ve belge y\u00f6neticisi, \u00f6\u011frenci ve ilgi duyan di\u011fer t\u00fcm meslekta\u015flar\u0131m\u0131z davetlidir.<!--more--> Do\u011frudan ve sadece Bilgi ve Belge Y\u00f6netimi kuram\u0131n\u0131 (teorisini) tart\u0131\u015fmay\u0131 hedefleyen toplant\u0131, t\u00fcm\u00fc davetli ve alan\u0131m\u0131zda otorite bilimcilerin yapaca\u011f\u0131 sunumlardan olu\u015fmaktad\u0131r. Toplant\u0131da az say\u0131da konu\u015fmac\u0131 ile yo\u011fun tart\u0131\u015fma platformu yaratma yakla\u015f\u0131m\u0131 benimsenmi\u015ftir. Gerek bildiriler gerekse toplant\u0131 s\u0131ras\u0131nda izleyicilerin fikirleri ile ortaya \u00e7\u0131kacak <span style=\"text-decoration: underline;\"><strong>zihinsel katk\u0131lar\u0131n bir kitaba d\u00f6n\u00fc\u015ft\u00fcr\u00fclmesi planlanm\u0131\u015ft\u0131r.<\/strong><\/span><\/p>\n<p style=\"text-align: justify;\">Toplant\u0131ya <strong><span style=\"color: #ff0000;\">kat\u0131l\u0131m \u00fccretsizdir.<\/span> <span style=\"color: #ff0000;\">Kat\u0131l\u0131m say\u0131s\u0131 150 ile s\u0131n\u0131rl\u0131d\u0131r<\/span><\/strong>. Kat\u0131l\u0131m i\u00e7in web sayfas\u0131ndaki <strong><a href=\"http:\/\/www.bbykuram2016.hacettepe.edu.tr\/tr\/toplanti_kayit-7\" target=\"_blank\">Kay\u0131t Formu<\/a><\/strong>&#8216;nun\u00a0doldurulmas\u0131 zorunludur.<\/p>\n<p style=\"text-align: justify;\"><strong>Ama\u00e7<\/strong><\/p>\n<p style=\"text-align: justify;\">Toplant\u0131n\u0131n temel amac\u0131, son birka\u00e7 on y\u0131ld\u0131r genel olarak d\u00fcnyada ve T\u00fcrkiye\u2019de ihmal edilen Bilgi\u00a0ve Belge Y\u00f6netimi alan\u0131ndaki kuramsal de\u011fi\u015fme ve geli\u015fmeleri, meydan okumalar\u0131 \u00e7e\u015fitli ba\u011flamlarda\u00a0(alt konular \u00e7er\u00e7evesinde) irdelemek ve tart\u0131\u015fmakt\u0131r. Bir ba\u015fka ama\u00e7 ise, Toplant\u0131 sonras\u0131\u00a0literat\u00fcre Bilgi ve Belge Y\u00f6netimi Kuram\u0131 konusunda nitelikli bir yay\u0131n (kitap) kazand\u0131rmakt\u0131r.<\/p>\n<p style=\"text-align: justify;\"><strong>Kapsam<\/strong><\/p>\n<p style=\"text-align: justify;\">Toplant\u0131da, Bilgi ve Belge Y\u00f6netimi Kuram\u0131; genel yakla\u015f\u0131mlar d\u0131\u015f\u0131nda, alanyaz\u0131n (literat\u00fcr),\u00a0terminoloji, felsefe, bilim (tarihi), teknoloji, tarih, etik, ar\u015fivcilik gibi unsurlar (alt konular)\u00a0\u00e7er\u00e7evesinde\/bu unsurlarla ili\u015fkileri ba\u011flam\u0131nda ele al\u0131nacakt\u0131r.<\/p>\n<p style=\"text-align: justify;\"><strong>Y\u00f6ntem<\/strong><\/p>\n<p style=\"text-align: justify;\">Toplant\u0131 t\u00fcm\u00fc kendi alan\u0131nda otorite hocalar\u0131m\u0131z\u0131n sunaca\u011f\u0131 \u00e7a\u011fr\u0131l\u0131 bildirilerin yer ald\u0131\u011f\u0131 paneller,\u00a0\u00e7a\u011fr\u0131l\u0131 konu\u015fma ve genel tart\u0131\u015fma oturumu bi\u00e7iminde ger\u00e7ekle\u015ftirilecektir. Toplant\u0131n\u0131n toplam 8\u00a0bildiriden olu\u015fmas\u0131 ve zengin\/doyurucu tart\u0131\u015fmalar i\u00e7in geni\u015f zaman yarat\u0131lmas\u0131 planlanm\u0131\u015ft\u0131r.<\/p>\n<p style=\"text-align: justify;\">Toplant\u0131ya kat\u0131l\u0131m \u00fccretsizdir. Bildiriler, Toplant\u0131 s\u0131ras\u0131ndaki tart\u0131\u015fmalarla da yazarlar\u0131\u00a0taraf\u0131ndan zenginle\u015ftirildikten ve g\u00f6zden ge\u00e7irildikten sonra Hacettepe \u00dcniversitesi Bilgi ve Belge\u00a0Y\u00f6netimi B\u00f6l\u00fcm\u00fc yay\u0131n\u0131 (kitap) olarak yay\u0131mlanacakt\u0131r.<\/p>\n<p style=\"text-align: justify;\"><strong><a href=\"http:\/\/www.bbykuram2016.hacettepe.edu.tr\/tr\/toplanti_kayit-7\" target=\"_blank\">KAYIT i\u00e7in t\u0131klay\u0131n\u0131z<\/a><\/strong><\/p>\n<p style=\"text-align: justify;\"><em>Hacettepe \u00dcniversitesi Bilgi ve Belge Y\u00f6netimi B\u00f6l\u00fcm\u00fc<\/em><\/p>\n","protected":false},"excerpt":{"rendered":"<p>Hacettepe \u00dcniversitesi Bilgi ve Belge Y\u00f6netimi B\u00f6l\u00fcm\u00fc taraf\u0131ndan d\u00fczenlenen \u201cBilgi ve Belge Y\u00f6netiminde Kuram Toplant\u0131s\u0131\u201d Ankara Goethe Enstit\u00fcs\u00fc\u2019n\u00fcn ev sahipli\u011finde 2 Aral\u0131k 2016 Cuma g\u00fcn\u00fc ger\u00e7ekle\u015ftirilecektir.\u00a0Bir g\u00fcnl\u00fck toplant\u0131ya alan\u0131m\u0131zdaki t\u00fcm akademisyen, ara\u015ft\u0131rmac\u0131, bilgi ve belge y\u00f6neticisi, \u00f6\u011frenci ve ilgi duyan di\u011fer t\u00fcm meslekta\u015flar\u0131m\u0131z davetlidir.<\/p>\n","protected":false},"author":1,"featured_media":20227,"comment_status":"open","ping_status":"open","sticky":false,"template":"","format":"standard","meta":{"footnotes":""},"categories":[],"tags":[1395],"class_list":["post-20226","post","type-post","status-publish","format-standard","has-post-thumbnail","hentry","tag-bby-mesleki-etkinlikler-arsivi"],"_links":{"self":[{"href":"https:\/\/www.bbyhaber.com\/bby\/wp-json\/wp\/v2\/posts\/20226"}],"collection":[{"href":"https:\/\/www.bbyhaber.com\/bby\/wp-json\/wp\/v2\/posts"}],"about":[{"href":"https:\/\/www.bbyhaber.com\/bby\/wp-json\/wp\/v2\/types\/post"}],"author":[{"embeddable":true,"href":"https:\/\/www.bbyhaber.com\/bby\/wp-json\/wp\/v2\/users\/1"}],"replies":[{"embeddable":true,"href":"https:\/\/www.bbyhaber.com\/bby\/wp-json\/wp\/v2\/comments?post=20226"}],"version-history":[{"count":0,"href":"https:\/\/www.bbyhaber.com\/bby\/wp-json\/wp\/v2\/posts\/20226\/revisions"}],"wp:featuredmedia":[{"embeddable":true,"href":"https:\/\/www.bbyhaber.com\/bby\/wp-json\/"}],"wp:attachment":[{"href":"https:\/\/www.bbyhaber.com\/bby\/wp-json\/wp\/v2\/media?parent=20226"}],"wp:term":[{"taxonomy":"category","embeddable":true,"href":"https:\/\/www.bbyhaber.com\/bby\/wp-json\/wp\/v2\/categories?post=20226"},{"taxonomy":"post_tag","embeddable":true,"href":"https:\/\/www.bbyhaber.com\/bby\/wp-json\/wp\/v2\/tags?post=20226"}],"curies":[{"name":"wp","href":"https:\/\/api.w.org\/{rel}","templated":true}]}}