{"id":20176,"date":"2016-10-14T18:25:52","date_gmt":"2016-10-14T15:25:52","guid":{"rendered":"http:\/\/www.bbyhaber.com\/bby\/?p=20176"},"modified":"2016-10-16T23:14:51","modified_gmt":"2016-10-16T20:14:51","slug":"umut-kutuphanesi","status":"publish","type":"post","link":"https:\/\/www.bbyhaber.com\/bby\/2016\/10\/14\/umut-kutuphanesi","title":{"rendered":"Umut K\u00fct\u00fcphanesi"},"content":{"rendered":"<p style=\"text-align: justify;\"><img loading=\"lazy\" decoding=\"async\" class=\"wp-image-20189 alignleft\" src=\"http:\/\/www.bbyhaber.com\/bby\/wp-content\/uploads\/2016\/10\/1umutk\u00fct\u00fcphanesi-compressor.png\" alt=\"1umutkutuphanesi-compressor\" width=\"269\" height=\"112\" srcset=\"https:\/\/www.bbyhaber.com\/bby\/wp-content\/uploads\/2016\/10\/1umutk\u00fct\u00fcphanesi-compressor.png 1200w, https:\/\/www.bbyhaber.com\/bby\/wp-content\/uploads\/2016\/10\/1umutk\u00fct\u00fcphanesi-compressor-300x125.png 300w, https:\/\/www.bbyhaber.com\/bby\/wp-content\/uploads\/2016\/10\/1umutk\u00fct\u00fcphanesi-compressor-768x320.png 768w, https:\/\/www.bbyhaber.com\/bby\/wp-content\/uploads\/2016\/10\/1umutk\u00fct\u00fcphanesi-compressor-1024x427.png 1024w\" sizes=\"(max-width: 269px) 100vw, 269px\" \/>Umut K\u00fct\u00fcphanesi,\u00a0\u00dcmraniye Belediyesi Cemil Meri\u00e7 Gen\u00e7lik E\u011fitim ve K\u00fclt\u00fcr Merkezi&#8217;nde bas\u0131l\u0131 ve g\u00f6rsel yay\u0131nlardan olu\u015fan bir k\u00fct\u00fcphane.<\/p>\n<p style=\"text-align: justify;\">Temel amac\u0131, gen\u00e7lerin insan sa\u011fl\u0131\u011f\u0131 ve ba\u011f\u0131ml\u0131l\u0131klarla m\u00fccadele konusunda fark\u0131ndal\u0131klar\u0131n\u0131n artt\u0131r\u0131lmas\u0131n\u0131 destekleyecek faaliyetlerin bu merkezde hayata ge\u00e7irilmesidir.<!--more--><\/p>\n<p style=\"text-align: justify;\">Merkezin, gen\u00e7ler ba\u015fta olmak \u00fczere her kesimden insan i\u00e7in bir ya\u015fam alan\u0131 haline getirilmesi, \u00e7ocuk, gen\u00e7, aile, \u00f6\u011fretmen herkesin ihtiya\u00e7 duyaca\u011f\u0131 do\u011fru kaynaklara, h\u0131zl\u0131 ve maliyetsiz eri\u015fimlerinin artt\u0131r\u0131lmas\u0131 temel ama\u00e7t\u0131r.<\/p>\n<p style=\"text-align: justify;\">Haftal\u0131k\/ayl\u0131k olarak planlanacak film g\u00f6sterimi, kitap kul\u00fcb\u00fc, konuk sohbetleri, sanat ve k\u00fclt\u00fcrel i\u00e7erikli serbest etkinlik alanlar\u0131 ile Merkez, gen\u00e7ler i\u00e7in keyifli ve verimli zaman ge\u00e7irecekleri bir alan haline d\u00f6n\u00fc\u015ft\u00fcr\u00fclecektir.<\/p>\n<p style=\"text-align: justify;\">Di\u011fer yandan proje kapsam\u0131nda ger\u00e7ekle\u015ftirilecek e\u011fitim \u00e7al\u0131\u015fmalar\u0131yla, lise \u00f6\u011frenimine devam eden 100 lider gen\u00e7 yeti\u015ftirilecek ve arkada\u015f \u00e7evrelerinde ba\u011f\u0131ml\u0131l\u0131klarla m\u00fccadele konusunda bilgi ve fark\u0131ndal\u0131\u011f\u0131 y\u00fcksek bireyler olmalar\u0131 desteklenecektir.<\/p>\n<p style=\"text-align: justify;\">\u00c7ocuk ve gen\u00e7lerin en yak\u0131n\u0131ndaki aile ve okul \u00e7evresinde bulunan, onlar\u0131n ya\u015famlar\u0131n\u0131 y\u00f6nlendirmelerinde b\u00fcy\u00fck rol oynayan, gen\u00e7lerin ba\u011f\u0131ms\u0131z ya\u015fam becerilerini desteklemeye y\u00f6nelik konularda aile ve \u00f6\u011fretmenleri g\u00fc\u00e7lendirecek e\u011fitimler yap\u0131lacakt\u0131r.<\/p>\n<p style=\"text-align: justify;\">Son olarak toplum temelli \u00e7al\u0131\u015fmalarda istenen hedeflere ula\u015fabilmek i\u00e7in kanaat \u00f6nderlerinin \u00f6nemli rol\u00fcne olan inanc\u0131m\u0131z do\u011frultusunda, proje kapsam\u0131nda mahalle muhtarlar\u0131, imamlar, STK&#8217;lar ile iyi \u00f6rnek te\u015fkil etmesi a\u00e7\u0131s\u0131ndan spor kul\u00fcplerinin temsilcileri i\u00e7in fark\u0131ndal\u0131k seminerleri d\u00fczenlenecektir.<\/p>\n<p style=\"text-align: justify;\">Bu \u00e7al\u0131\u015fmalar\u0131n hedef gruplar \u00fczerindeki etkilerinin \u00f6l\u00e7\u00fclmesine y\u00f6nelik de\u011ferlendirme \u00e7al\u0131\u015fmalar\u0131 yap\u0131lacak ve haz\u0131rlanan raporlar, projenin sonunda d\u00fczenlenecek Panelde kamuoyu ile payla\u015f\u0131lacakt\u0131r.<\/p>\n<p style=\"text-align: justify;\">Ayr\u0131ca bas\u0131n ve medyada y\u00fcr\u00fct\u00fclecek tan\u0131t\u0131m ve g\u00f6r\u00fcn\u00fcrl\u00fck \u00e7al\u0131\u015fmalar\u0131yla ba\u011f\u0131ml\u0131l\u0131klarla m\u00fccadelede yerel bir modelin di\u011fer belediyelere \u00f6rnek olmas\u0131na y\u00f6nelik haber ve duyurular haz\u0131rlanacakt\u0131r.<\/p>\n<p style=\"text-align: justify;\">Resmi olarak Kas\u0131m 2016&#8217;da sona erecek proje ile ba\u015flat\u0131lan bu faaliyetler, \u00dcmraniye Belediyesi&#8217;nin mali ve teknik deste\u011fiyle Cemil Meri\u00e7 Gen\u00e7lik E\u011fitim ve K\u00fclt\u00fcr Merkezi&#8217;nde s\u00fcrd\u00fcr\u00fclmeye, Umut K\u00fct\u00fcphanesi gen\u00e7ler i\u00e7in her a\u00e7\u0131dan bilgi ve payla\u015f\u0131m merkezi olmaya devam edecektir.<\/p>\n<p style=\"text-align: justify;\"><strong>Projenin Amac\u0131 ve Hedef Gruplar\u0131<\/strong><\/p>\n<p style=\"text-align: justify;\"><strong>Projenin Amac\u0131:<\/strong> \u0130l\u00e7ede ya\u015fayan her ya\u015ftan vatanda\u015f\u0131m\u0131z\u0131n ba\u011f\u0131ml\u0131l\u0131klar ve zararlar\u0131 ile ilgili bilgi ve fark\u0131ndal\u0131\u011f\u0131n\u0131n artt\u0131r\u0131lmas\u0131.<\/p>\n<p style=\"text-align: justify;\"><strong>Projenin Birincil Hedef Gruplar\u0131: <\/strong>\u00dcmraniye \u0130l\u00e7esi&#8217;nde \u00f6\u011frenimine devam eden lise \u00f6\u011frencileri.<\/p>\n<p style=\"text-align: justify;\"><strong>Projenin Destek Hedef Gruplar\u0131: <\/strong>\u00c7ocuk ve gen\u00e7lerin yak\u0131n \u00e7evresinde bulunan aile bireyleri, \u00f6\u011fretmenler, t\u00fcm kanaat \u00f6nderleri ile sivil toplum kurulu\u015flar\u0131n\u0131n temsilcileri.<\/p>\n<p style=\"text-align: justify;\"><strong>Projenin Faaliyetleri<\/strong><\/p>\n<p style=\"text-align: justify;\">1. Proje Tan\u0131t\u0131m Toplant\u0131lar\u0131n\u0131n Yap\u0131lmas\u0131<br \/>\n2. E\u011fitim \u0130\u00e7erik ve Programlar\u0131n\u0131n Haz\u0131rlanmas\u0131<br \/>\n3. Umut K\u00fct\u00fcphanesi\u2019nin Haz\u0131rlanmas\u0131 ve Hizmete A\u00e7\u0131lmas\u0131<br \/>\n4. Okul Temelli E\u011fitimlerin Ger\u00e7ekle\u015ftirilmesi<br \/>\n&#8211; \u00d6\u011frenci E\u011fitimlerinin Tamamlanmas\u0131<br \/>\n&#8211; \u00d6\u011fretmen E\u011fitici E\u011fitimlerinin Tamamlanmas\u0131<br \/>\n&#8211; Aile E\u011fitimlerinin Tamamlanmas\u0131<br \/>\n5. Kanaat \u00d6nderleri \u0130\u00e7in Seminerlerin Ger\u00e7ekle\u015ftirilmesi<br \/>\n&#8211; Muhtarlar Seminerinin Tamamlanmas\u0131<br \/>\n&#8211; \u0130mamlar Seminerinin Tamamlanmas\u0131<br \/>\n&#8211; STK, Spor Kul\u00fcpleri, Kent Konseyi Seminerlerinin Tamamlanmas\u0131<br \/>\n6. \u0130zleme ve \u00d6l\u00e7me De\u011ferlendirme \u00c7al\u0131\u015fmalar\u0131<br \/>\n7. Panel D\u00fczenlenmesi<br \/>\n8. Bas\u0131n ve Medya \u00c7al\u0131\u015fmalar\u0131<br \/>\n9. Raporlama<\/p>\n<p><a class=\"icerik-resimGaleri\" href=\"http:\/\/projeler.umraniye.bel.tr\/fotograf\/fotoGaleri\/10208-umut-kutuphanesi-2016-06-07%2015:47:47-umraniye-fotogaleri_800x600.JPG\" rel=\"prettyPhoto[pp_gal]\"><img decoding=\"async\" title=\"10208-umut-kutuphanesi-2016-06-07 15:47:47-umraniye-fotogaleri_188x141.JPG\" src=\"http:\/\/www.bbyhaber.com\/bby\/wp-content\/uploads\/2016\/10\/10208-umut-kutuphanesi-2016-06-0720154747-umraniye-fotogaleri_188x141.jpg\" alt=\"10208-umut-kutuphanesi-2016-06-07 15:47:47-umraniye-fotogaleri_188x141.JPG\" \/><\/a><\/p>\n<p><a class=\"icerik-resimGaleri\" href=\"http:\/\/projeler.umraniye.bel.tr\/fotograf\/fotoGaleri\/10209-umut-kutuphanesi-2016-06-07%2015:47:47-umraniye-fotogaleri_800x600.JPG\" rel=\"prettyPhoto[pp_gal]\"><img decoding=\"async\" title=\"10209-umut-kutuphanesi-2016-06-07 15:47:47-umraniye-fotogaleri_188x141.JPG\" src=\"http:\/\/www.bbyhaber.com\/bby\/wp-content\/uploads\/2016\/10\/10209-umut-kutuphanesi-2016-06-0720154747-umraniye-fotogaleri_188x141.jpg\" alt=\"10209-umut-kutuphanesi-2016-06-07 15:47:47-umraniye-fotogaleri_188x141.JPG\" \/><\/a><\/p>\n<p><a class=\"icerik-resimGaleri\" href=\"http:\/\/projeler.umraniye.bel.tr\/fotograf\/fotoGaleri\/10210-umut-kutuphanesi-2016-06-07%2015:47:47-umraniye-fotogaleri_800x600.JPG\" rel=\"prettyPhoto[pp_gal]\"><img decoding=\"async\" title=\"10210-umut-kutuphanesi-2016-06-07 15:47:47-umraniye-fotogaleri_188x141.JPG\" src=\"http:\/\/www.bbyhaber.com\/bby\/wp-content\/uploads\/2016\/10\/10210-umut-kutuphanesi-2016-06-0720154747-umraniye-fotogaleri_188x141.jpg\" alt=\"10210-umut-kutuphanesi-2016-06-07 15:47:47-umraniye-fotogaleri_188x141.JPG\" \/><\/a><\/p>\n<p><a class=\"icerik-resimGaleri\" href=\"http:\/\/projeler.umraniye.bel.tr\/fotograf\/fotoGaleri\/10211-umut-kutuphanesi-2016-06-07%2015:47:47-umraniye-fotogaleri_800x600.JPG\" rel=\"prettyPhoto[pp_gal]\"><img decoding=\"async\" title=\"10211-umut-kutuphanesi-2016-06-07 15:47:47-umraniye-fotogaleri_188x141.JPG\" src=\"http:\/\/www.bbyhaber.com\/bby\/wp-content\/uploads\/2016\/10\/10211-umut-kutuphanesi-2016-06-0720154747-umraniye-fotogaleri_188x141.jpg\" alt=\"10211-umut-kutuphanesi-2016-06-07 15:47:47-umraniye-fotogaleri_188x141.JPG\" \/><\/a><\/p>\n<p><a class=\"icerik-resimGaleri\" href=\"http:\/\/projeler.umraniye.bel.tr\/fotograf\/fotoGaleri\/10212-umut-kutuphanesi-2016-06-07%2015:47:47-umraniye-fotogaleri_800x600.JPG\" rel=\"prettyPhoto[pp_gal]\"><img decoding=\"async\" title=\"10212-umut-kutuphanesi-2016-06-07 15:47:47-umraniye-fotogaleri_188x141.JPG\" src=\"http:\/\/www.bbyhaber.com\/bby\/wp-content\/uploads\/2016\/10\/10212-umut-kutuphanesi-2016-06-0720154747-umraniye-fotogaleri_188x141.jpg\" alt=\"10212-umut-kutuphanesi-2016-06-07 15:47:47-umraniye-fotogaleri_188x141.JPG\" \/><\/a><\/p>\n<p><a class=\"icerik-resimGaleri\" href=\"http:\/\/projeler.umraniye.bel.tr\/fotograf\/fotoGaleri\/10213-umut-kutuphanesi-2016-06-07%2015:47:47-umraniye-fotogaleri_800x600.JPG\" rel=\"prettyPhoto[pp_gal]\"><img decoding=\"async\" title=\"10213-umut-kutuphanesi-2016-06-07 15:47:47-umraniye-fotogaleri_188x141.JPG\" src=\"http:\/\/www.bbyhaber.com\/bby\/wp-content\/uploads\/2016\/10\/10213-umut-kutuphanesi-2016-06-0720154747-umraniye-fotogaleri_188x141.jpg\" alt=\"10213-umut-kutuphanesi-2016-06-07 15:47:47-umraniye-fotogaleri_188x141.JPG\" \/><\/a><\/p>\n<p><a class=\"icerik-resimGaleri\" href=\"http:\/\/projeler.umraniye.bel.tr\/fotograf\/fotoGaleri\/10214-umut-kutuphanesi-2016-06-07%2015:47:47-umraniye-fotogaleri_800x600.JPG\" rel=\"prettyPhoto[pp_gal]\"><img decoding=\"async\" title=\"10214-umut-kutuphanesi-2016-06-07 15:47:47-umraniye-fotogaleri_188x141.JPG\" src=\"http:\/\/www.bbyhaber.com\/bby\/wp-content\/uploads\/2016\/10\/10214-umut-kutuphanesi-2016-06-0720154747-umraniye-fotogaleri_188x141.jpg\" alt=\"10214-umut-kutuphanesi-2016-06-07 15:47:47-umraniye-fotogaleri_188x141.JPG\" \/><\/a><\/p>\n<p><a class=\"icerik-resimGaleri\" href=\"http:\/\/projeler.umraniye.bel.tr\/fotograf\/fotoGaleri\/10215-umut-kutuphanesi-2016-06-07%2015:47:47-umraniye-fotogaleri_800x600.JPG\" rel=\"prettyPhoto[pp_gal]\"><img decoding=\"async\" title=\"10215-umut-kutuphanesi-2016-06-07 15:47:47-umraniye-fotogaleri_188x141.JPG\" src=\"http:\/\/www.bbyhaber.com\/bby\/wp-content\/uploads\/2016\/10\/10215-umut-kutuphanesi-2016-06-0720154747-umraniye-fotogaleri_188x141.jpg\" alt=\"10215-umut-kutuphanesi-2016-06-07 15:47:47-umraniye-fotogaleri_188x141.JPG\" \/><\/a><\/p>\n<p>Kaynak: <em><a href=\"http:\/\/projeler.umraniye.bel.tr\/tr\/projeler\/proje\/kadin-ve-aile\/135\/umut-kutuphanesi\/590\" target=\"_blank\">Umut K\u00fct\u00fcphanesi<\/a><\/em><\/p>\n","protected":false},"excerpt":{"rendered":"<p>Umut K\u00fct\u00fcphanesi,\u00a0\u00dcmraniye Belediyesi Cemil Meri\u00e7 Gen\u00e7lik E\u011fitim ve K\u00fclt\u00fcr Merkezi&#8217;nde bas\u0131l\u0131 ve g\u00f6rsel yay\u0131nlardan olu\u015fan bir k\u00fct\u00fcphane. Temel amac\u0131, gen\u00e7lerin insan sa\u011fl\u0131\u011f\u0131 ve ba\u011f\u0131ml\u0131l\u0131klarla m\u00fccadele konusunda fark\u0131ndal\u0131klar\u0131n\u0131n artt\u0131r\u0131lmas\u0131n\u0131 destekleyecek faaliyetlerin bu merkezde hayata ge\u00e7irilmesidir.<\/p>\n","protected":false},"author":129,"featured_media":20189,"comment_status":"open","ping_status":"open","sticky":false,"template":"","format":"standard","meta":{"footnotes":""},"categories":[],"tags":[1451,907,906],"class_list":["post-20176","post","type-post","status-publish","format-standard","has-post-thumbnail","hentry","tag-belediye-kutuphaneleri","tag-umraniye-belediyesi","tag-umut-kutuphanesi"],"_links":{"self":[{"href":"https:\/\/www.bbyhaber.com\/bby\/wp-json\/wp\/v2\/posts\/20176"}],"collection":[{"href":"https:\/\/www.bbyhaber.com\/bby\/wp-json\/wp\/v2\/posts"}],"about":[{"href":"https:\/\/www.bbyhaber.com\/bby\/wp-json\/wp\/v2\/types\/post"}],"author":[{"embeddable":true,"href":"https:\/\/www.bbyhaber.com\/bby\/wp-json\/wp\/v2\/users\/129"}],"replies":[{"embeddable":true,"href":"https:\/\/www.bbyhaber.com\/bby\/wp-json\/wp\/v2\/comments?post=20176"}],"version-history":[{"count":0,"href":"https:\/\/www.bbyhaber.com\/bby\/wp-json\/wp\/v2\/posts\/20176\/revisions"}],"wp:featuredmedia":[{"embeddable":true,"href":"https:\/\/www.bbyhaber.com\/bby\/wp-json\/"}],"wp:attachment":[{"href":"https:\/\/www.bbyhaber.com\/bby\/wp-json\/wp\/v2\/media?parent=20176"}],"wp:term":[{"taxonomy":"category","embeddable":true,"href":"https:\/\/www.bbyhaber.com\/bby\/wp-json\/wp\/v2\/categories?post=20176"},{"taxonomy":"post_tag","embeddable":true,"href":"https:\/\/www.bbyhaber.com\/bby\/wp-json\/wp\/v2\/tags?post=20176"}],"curies":[{"name":"wp","href":"https:\/\/api.w.org\/{rel}","templated":true}]}}