{"id":20169,"date":"2016-10-12T15:32:42","date_gmt":"2016-10-12T12:32:42","guid":{"rendered":"http:\/\/www.bbyhaber.com\/bby\/?p=20169"},"modified":"2019-08-01T11:31:46","modified_gmt":"2019-08-01T08:31:46","slug":"universite-kutuphanelerinde-feto-kitabi-temizligi","status":"publish","type":"post","link":"https:\/\/www.bbyhaber.com\/bby\/2016\/10\/12\/universite-kutuphanelerinde-feto-kitabi-temizligi","title":{"rendered":"\u00dcniversite k\u00fct\u00fcphanelerinde FET\u00d6 kitab\u0131 temizli\u011fi"},"content":{"rendered":"<p style=\"text-align: justify;\"><img loading=\"lazy\" decoding=\"async\" class=\"alignleft  wp-image-20170\" src=\"http:\/\/www.bbyhaber.com\/bby\/wp-content\/uploads\/2016\/10\/universite-kutuphanelerinde-feto-kitabi-temizligi-300x200.jpg\" alt=\"universite-kutuphanelerinde-feto-kitabi-temizligi\" width=\"194\" height=\"129\" \/>Darbe giri\u015fimi sonras\u0131 \u00c7OM\u00dc merkezi k\u00fct\u00fcphanesi, \u0130lahiyat Fak\u00fcltesi ve E\u011fitim Fak\u00fcltesine ba\u011fl\u0131 k\u00fct\u00fcphaneler ile il\u00e7elerdeki y\u00fcksekokul k\u00fct\u00fcphanelerinde FET\u00d6&#8217;ye \u00fcye yazarlara ait kitaplar\u0131n temizli\u011fine ba\u015fland\u0131. \u00d6rg\u00fct\u00fcn eleba\u015f\u0131 Fetullah G\u00fclen&#8217;in yazd\u0131\u011f\u0131 kitaplar ba\u015fta olmak \u00fczere, kanun h\u00fckm\u00fcnde kararnameyle kapat\u0131lan yay\u0131nevleriyle, FET\u00d6&#8217;ye \u00fcye yazarlara ait kitaplar raflardan indirildi.<!--more--> \u00c7OM\u00dc k\u00fct\u00fcphanelerinde ilk olarak FET\u00d6 lideri Fetullah G\u00fclen&#8217;in yazd\u0131\u011f\u0131 526 kitap, k\u00fct\u00fcphane g\u00f6revlileri taraf\u0131ndan topland\u0131ktan sonra \u00c7anakkale \u0130l Emniyet M\u00fcd\u00fcrl\u00fc\u011f\u00fc yetkililerine teslim edildi. Ard\u0131ndan OHAL&#8217;le \u00e7\u0131kar\u0131lan kanun h\u00fckm\u00fcnde kararname ile kapat\u0131lan yay\u0131nevlerine ait 3 bin 423 kitap ise k\u00fct\u00fcphane raflar\u0131ndan kald\u0131r\u0131ld\u0131. \u00c7OM\u00dc Rekt\u00f6r\u00fc Prof. Dr. Y\u00fccel Acer, \u015f\u00f6yle dedi:<\/p>\n<p style=\"text-align: justify;\">&#8220;FET\u00d6 ter\u00f6r \u00f6rg\u00fct\u00fc taraf\u0131ndan ger\u00e7ekle\u015ftirilen 15 Temmuz kalk\u0131\u015fmas\u0131n\u0131n hemen ertesi g\u00fcn\u00fc \u00c7anakkale Onsekiz Mart \u00dcniversitesi Merkezi K\u00fct\u00fcphanesi, \u0130lahiyat Fak\u00fcltesi ve E\u011fitim Fak\u00fcltesine ba\u011fl\u0131 k\u00fct\u00fcphaneler ile il\u00e7elerdeki Y\u00fcksekokul k\u00fct\u00fcphanelerinde FET\u00d6 ter\u00f6r \u00f6rg\u00fct\u00fc y\u00f6neticisi ve yanda\u015flar\u0131na ait yakla\u015f\u0131k 4 bine yak\u0131n kitap eri\u015fimden kald\u0131r\u0131lm\u0131\u015ft\u0131r. Bu kitaplar\u0131n bir k\u0131sm\u0131 gerekli resmi i\u015flemlerin tamamlanmas\u0131n\u0131n ard\u0131ndan emniyet g\u00fc\u00e7lerine teslim edilmi\u015ftir. \u00c7anakkale Onsekiz Mart \u00dcniversitesi y\u00f6netimi olarak g\u00f6reve geldi\u011fimiz ilk g\u00fcnden itibaren bu ter\u00f6r \u00f6rg\u00fct\u00fcne kar\u015f\u0131 verdi\u011fimiz m\u00fccadele bundan sonra da ayn\u0131 kararl\u0131l\u0131kla devam edecektir.&#8221;<\/p>\n<p style=\"text-align: justify;\">Kaynak:http:\/\/www.ntv.com.tr\/<\/p>\n","protected":false},"excerpt":{"rendered":"<p>Darbe giri\u015fimi sonras\u0131 \u00c7OM\u00dc merkezi k\u00fct\u00fcphanesi, \u0130lahiyat Fak\u00fcltesi ve E\u011fitim Fak\u00fcltesine ba\u011fl\u0131 k\u00fct\u00fcphaneler ile il\u00e7elerdeki y\u00fcksekokul k\u00fct\u00fcphanelerinde FET\u00d6&#8217;ye \u00fcye yazarlara ait kitaplar\u0131n temizli\u011fine ba\u015fland\u0131. \u00d6rg\u00fct\u00fcn eleba\u015f\u0131 Fetullah G\u00fclen&#8217;in yazd\u0131\u011f\u0131 kitaplar ba\u015fta olmak \u00fczere, kanun h\u00fckm\u00fcnde kararnameyle kapat\u0131lan yay\u0131nevleriyle, FET\u00d6&#8217;ye \u00fcye yazarlara ait kitaplar raflardan indirildi.<\/p>\n","protected":false},"author":1,"featured_media":20170,"comment_status":"open","ping_status":"open","sticky":false,"template":"","format":"standard","meta":{"footnotes":""},"categories":[1538],"tags":[1200,887,1437],"class_list":["post-20169","post","type-post","status-publish","format-standard","has-post-thumbnail","hentry","category-askeri-darbe-ve-kutuphaneler","tag-15-temmuz","tag-ohal-ve-kutuphaneler","tag-univ-arastirma-kutuphaneleri"],"_links":{"self":[{"href":"https:\/\/www.bbyhaber.com\/bby\/wp-json\/wp\/v2\/posts\/20169"}],"collection":[{"href":"https:\/\/www.bbyhaber.com\/bby\/wp-json\/wp\/v2\/posts"}],"about":[{"href":"https:\/\/www.bbyhaber.com\/bby\/wp-json\/wp\/v2\/types\/post"}],"author":[{"embeddable":true,"href":"https:\/\/www.bbyhaber.com\/bby\/wp-json\/wp\/v2\/users\/1"}],"replies":[{"embeddable":true,"href":"https:\/\/www.bbyhaber.com\/bby\/wp-json\/wp\/v2\/comments?post=20169"}],"version-history":[{"count":1,"href":"https:\/\/www.bbyhaber.com\/bby\/wp-json\/wp\/v2\/posts\/20169\/revisions"}],"predecessor-version":[{"id":26944,"href":"https:\/\/www.bbyhaber.com\/bby\/wp-json\/wp\/v2\/posts\/20169\/revisions\/26944"}],"wp:featuredmedia":[{"embeddable":true,"href":"https:\/\/www.bbyhaber.com\/bby\/wp-json\/"}],"wp:attachment":[{"href":"https:\/\/www.bbyhaber.com\/bby\/wp-json\/wp\/v2\/media?parent=20169"}],"wp:term":[{"taxonomy":"category","embeddable":true,"href":"https:\/\/www.bbyhaber.com\/bby\/wp-json\/wp\/v2\/categories?post=20169"},{"taxonomy":"post_tag","embeddable":true,"href":"https:\/\/www.bbyhaber.com\/bby\/wp-json\/wp\/v2\/tags?post=20169"}],"curies":[{"name":"wp","href":"https:\/\/api.w.org\/{rel}","templated":true}]}}