{"id":20130,"date":"2016-10-09T19:25:50","date_gmt":"2016-10-09T16:25:50","guid":{"rendered":"http:\/\/www.bbyhaber.com\/bby\/?p=20130"},"modified":"2016-10-11T13:55:56","modified_gmt":"2016-10-11T10:55:56","slug":"cocuklari-okusun-diye-servisle-kutuphaneye-gidiyorlar","status":"publish","type":"post","link":"https:\/\/www.bbyhaber.com\/bby\/2016\/10\/09\/cocuklari-okusun-diye-servisle-kutuphaneye-gidiyorlar","title":{"rendered":"\u00c7ocuklar\u0131 okusun diye servisle k\u00fct\u00fcphaneye gidiyorlar"},"content":{"rendered":"<p><img loading=\"lazy\" decoding=\"async\" class=\" alignleft\" src=\"http:\/\/www.bbyhaber.com\/bby\/wp-content\/uploads\/2016\/10\/57f60bd1c03c0e3148abfb54.jpg\" alt=\"\" width=\"230\" height=\"130\" \/><\/p>\n<p>Isparta\u2019n\u0131n E\u011firdir il\u00e7esinde &#8220;Aileler Okursa, \u00c7ocuklar da Okur&#8221; kampanyas\u0131 kapsam\u0131nda ev kad\u0131nlar\u0131, haftada bir g\u00fcn evlerinden servisle al\u0131n\u0131p kitap okumalar\u0131 i\u00e7in k\u00fct\u00fcphaneye g\u00f6t\u00fcr\u00fcl\u00fcyor.<\/p>\n<p>E\u011firdir Kaymakaml\u0131\u011f\u0131 ve Belediyesince il\u00e7ede okuma oran\u0131n\u0131 art\u0131rmak ve gelecek nesillere bu al\u0131\u015fkanl\u0131\u011f\u0131 kazand\u0131rmak amac\u0131yla &#8220;Aileler Okursa, \u00c7ocuklar da Okur&#8221; kampanyas\u0131 ba\u015flat\u0131ld\u0131.<\/p>\n<p>Kampanya kapsam\u0131nda, \u00e7e\u015fitli mahallelerde oturan kad\u0131nlar, sal\u0131 g\u00fcnleri sabah servislerle evlerinden al\u0131narak il\u00e7e k\u00fct\u00fcphanesine getiriliyor.<\/p>\n<p><!--more--><\/p>\n<p>Burada yakla\u015f\u0131k 2 saat kalan kad\u0131nlar, bir yandan okuma al\u0131\u015fkanl\u0131\u011f\u0131 kazan\u0131rken di\u011fer taraf\u0131ndan da sosyalle\u015fme imkan\u0131 buluyor.<\/p>\n<p>Belediye ara\u00e7 tahsis etti<\/p>\n<p>Belediye Ba\u015fkan\u0131 \u00d6mer \u015eeng\u00f6l, yapt\u0131\u011f\u0131 a\u00e7\u0131klamada, E\u011firdir\u2019in, Isparta&#8217;n\u0131n okuma oran\u0131 en y\u00fcksek il\u00e7elerinden biri oldu\u011funu s\u00f6yledi.<\/p>\n<p>\u0130l\u00e7edeki yerel akt\u00f6rler olarak e\u011fitime \u00e7ok \u00f6nem verdiklerini dile getiren \u015eeng\u00f6l, e\u011fitim \u015fartlar\u0131n\u0131n iyile\u015ftirilmesi ve daha kaliteli bireyler yeti\u015ftirilmesi i\u00e7in \u00e7aba g\u00f6sterdiklerini bildirdi.<\/p>\n<p>Kampanyay\u0131 \u00e7ok \u00f6nemsediklerini ve destek verdiklerini vurgulayan \u015eeng\u00f6l, kad\u0131nlar\u0131n k\u00fct\u00fcphaneye getirilmesi ve tekrar evlerine b\u0131rak\u0131lmas\u0131 i\u00e7in ara\u00e7 tahsis ettiklerini belirtti.<\/p>\n<p>Kampanyayla okuma al\u0131\u015fkanl\u0131\u011f\u0131 kazanan ev kad\u0131nlar\u0131n\u0131n, bunu \u00e7ocuklar\u0131na da a\u015f\u0131layaca\u011f\u0131na inand\u0131klar\u0131n\u0131 vurgulayan \u015eeng\u00f6l, bu \u015fekilde gelecek nesillerin daha \u00e7ok kitap okuyaca\u011f\u0131n\u0131 belirtti.<\/p>\n<p>&#8220;Yeni arkada\u015fl\u0131klar kuruyorlar&#8221;<\/p>\n<p>E\u011firdir Halk K\u00fct\u00fcphanesi sorumlusu Bedriye K\u00fc\u00e7\u00fckkara ise isteyen kad\u0131nlar\u0131n, sal\u0131 g\u00fcnleri belediyenin tahsis etti\u011fi servislerle evlerinden al\u0131nd\u0131\u011f\u0131n\u0131 ve k\u00fct\u00fcphanede 2 saat kitap okudu\u011funu ifade etti.<\/p>\n<p>Etkinli\u011fe 18 kad\u0131n\u0131n kat\u0131ld\u0131\u011f\u0131n\u0131 dile getiren K\u00fc\u00e7\u00fckkara, yeni arkada\u015fl\u0131klar da kuran kat\u0131l\u0131mc\u0131lar\u0131n, kampanyadan \u00e7ok memnun oldu\u011funu s\u00f6yledi.<\/p>\n<p>Baz\u0131 kad\u0131nlar\u0131n \u00e7ocuklar\u0131yla geldi\u011fini anlatan K\u00fc\u00e7\u00fckkara, il\u00e7edeki t\u00fcm kad\u0131nlar\u0131 kampanyaya kat\u0131lmaya davet etti.<\/p>\n<p>Ev kad\u0131nlar\u0131na okuma al\u0131\u015fkanl\u0131\u011f\u0131 kazand\u0131rmay\u0131 ama\u00e7lad\u0131klar\u0131n\u0131 vurgulayan K\u00fc\u00e7\u00fckkara, &#8220;\u00c7ocuklar\u0131n ilk \u00f6\u011fretmenleri anneleridir. Anneler okursa, \u00e7ocuklar da okur. Annelerin burada kazand\u0131\u011f\u0131 okuma al\u0131\u015fkanl\u0131\u011f\u0131n\u0131n evde de devam ederek, \u00e7ocuklar\u0131na \u00f6rnek olmas\u0131n\u0131 istiyoruz&#8221; dedi.<\/p>\n<p>K\u00fc\u00e7\u00fckkara, kampanya destek veren Kaymakam Abdullah Akda\u015f ile Belediye Ba\u015fkan\u0131 \u015eeng\u00f6l&#8217;e te\u015fekk\u00fcr etti.<\/p>\n<p>&#8220;Evdeki i\u015flerimi b\u0131rak\u0131p geldim&#8221;<\/p>\n<p>Kat\u0131l\u0131mc\u0131lardan H\u00fclya Pazar da kitap okuma al\u0131\u015fkanl\u0131\u011f\u0131 kazanmas\u0131 i\u00e7in kampanyaya \u00e7ocu\u011fuyla kat\u0131ld\u0131\u011f\u0131n\u0131 belirtti.<\/p>\n<p>\u00d6\u011frencilerin, s\u0131navlar nedeniyle kitaba gerekti\u011fi kadar \u00f6nem veremedi\u011fini ifade eden Pazar, \u00e7ocu\u011fuyla m\u00fcmk\u00fcn oldu\u011funca k\u00fct\u00fcphaneye gelmek istedi\u011fini dile getirdi.<\/p>\n<p>G\u00fczin Se\u00e7men ise kampanyadan \u00e7ok memnun oldu\u011funu, evindeki i\u015fleri b\u0131rakarak k\u00fct\u00fcphaneye geldi\u011fini vurgulad\u0131.<\/p>\n<p>Kitap okumay\u0131 ihmal etti\u011fini ancak kampanyayla art\u0131k bu konuda al\u0131\u015fkanl\u0131k kazanmak istedi\u011fini bildiren Se\u00e7men, her hafta k\u00fct\u00fcphaneye gelece\u011fini, evde de kitap okuyaca\u011f\u0131n\u0131 belirtti.<\/p>\n<p>Kaynak: <em><a href=\"http:\/\/www.hurriyet.com.tr\/cocuklari-okusun-diye-servisle-kutuphaneye-gidiyorlar-40241108\">\u00c7ocuklar\u0131 okusun diye servisle k\u00fct\u00fcphaneye gidiyorlar &#8211; E\u011fitim Haberleri<\/a><\/em><\/p>\n","protected":false},"excerpt":{"rendered":"<p>Isparta\u2019n\u0131n E\u011firdir il\u00e7esinde &#8220;Aileler Okursa, \u00c7ocuklar da Okur&#8221; kampanyas\u0131 kapsam\u0131nda ev kad\u0131nlar\u0131, haftada bir g\u00fcn evlerinden servisle al\u0131n\u0131p kitap okumalar\u0131 i\u00e7in k\u00fct\u00fcphaneye g\u00f6t\u00fcr\u00fcl\u00fcyor. E\u011firdir Kaymakaml\u0131\u011f\u0131 ve Belediyesince il\u00e7ede okuma oran\u0131n\u0131 art\u0131rmak ve gelecek nesillere bu al\u0131\u015fkanl\u0131\u011f\u0131 kazand\u0131rmak amac\u0131yla &#8220;Aileler Okursa, \u00c7ocuklar da Okur&#8221; kampanyas\u0131 ba\u015flat\u0131ld\u0131. Kampanya kapsam\u0131nda, \u00e7e\u015fitli mahallelerde oturan kad\u0131nlar, sal\u0131 g\u00fcnleri sabah servislerle [&hellip;]<\/p>\n","protected":false},"author":129,"featured_media":20131,"comment_status":"open","ping_status":"open","sticky":false,"template":"","format":"standard","meta":{"footnotes":""},"categories":[1],"tags":[905],"class_list":["post-20130","post","type-post","status-publish","format-standard","has-post-thumbnail","hentry","category-genel","tag-egirdir-il-halk-kutuphanesi"],"_links":{"self":[{"href":"https:\/\/www.bbyhaber.com\/bby\/wp-json\/wp\/v2\/posts\/20130"}],"collection":[{"href":"https:\/\/www.bbyhaber.com\/bby\/wp-json\/wp\/v2\/posts"}],"about":[{"href":"https:\/\/www.bbyhaber.com\/bby\/wp-json\/wp\/v2\/types\/post"}],"author":[{"embeddable":true,"href":"https:\/\/www.bbyhaber.com\/bby\/wp-json\/wp\/v2\/users\/129"}],"replies":[{"embeddable":true,"href":"https:\/\/www.bbyhaber.com\/bby\/wp-json\/wp\/v2\/comments?post=20130"}],"version-history":[{"count":0,"href":"https:\/\/www.bbyhaber.com\/bby\/wp-json\/wp\/v2\/posts\/20130\/revisions"}],"wp:featuredmedia":[{"embeddable":true,"href":"https:\/\/www.bbyhaber.com\/bby\/wp-json\/"}],"wp:attachment":[{"href":"https:\/\/www.bbyhaber.com\/bby\/wp-json\/wp\/v2\/media?parent=20130"}],"wp:term":[{"taxonomy":"category","embeddable":true,"href":"https:\/\/www.bbyhaber.com\/bby\/wp-json\/wp\/v2\/categories?post=20130"},{"taxonomy":"post_tag","embeddable":true,"href":"https:\/\/www.bbyhaber.com\/bby\/wp-json\/wp\/v2\/tags?post=20130"}],"curies":[{"name":"wp","href":"https:\/\/api.w.org\/{rel}","templated":true}]}}