{"id":20120,"date":"2016-10-09T00:25:14","date_gmt":"2016-10-08T21:25:14","guid":{"rendered":"http:\/\/www.bbyhaber.com\/bby\/?p=20120"},"modified":"2016-10-11T14:25:01","modified_gmt":"2016-10-11T11:25:01","slug":"turkiyenin-en-gelismis-engelsiz-bilgi-merkezi","status":"publish","type":"post","link":"https:\/\/www.bbyhaber.com\/bby\/2016\/10\/09\/turkiyenin-en-gelismis-engelsiz-bilgi-merkezi","title":{"rendered":"T\u00fcrkiye&#8217;nin en geli\u015fmi\u015f &#8216;engelsiz&#8217; bilgi merkezi"},"content":{"rendered":"<p><img loading=\"lazy\" decoding=\"async\" class=\"alignleft\" src=\"http:\/\/www.bbyhaber.com\/bby\/wp-content\/uploads\/2016\/10\/20164410251125138491391.png\" width=\"230\" height=\"130\" \/>\u0130stanbul B\u00fcy\u00fck\u015fehir Belediyesi K\u00fct\u00fcphane ve M\u00fczeler M\u00fcd\u00fcrl\u00fc\u011f\u00fc\u2019ne ba\u011fl\u0131 olarak Ey\u00fcp\u2019te hizmet veren Sesli K\u00fct\u00fcphane taraf\u0131ndan hayata ge\u00e7irilen \u201c\u0130stanbul G\u00f6rme Engelliler Bilgi Merkezi\u201d hizmete girdi\u011fi g\u00fcnden bu yana b\u00fcy\u00fck ba\u015far\u0131lara imza att\u0131.<\/p>\n<p>Sadece g\u00f6rme engelliler de\u011fil aileleri i\u00e7in de bilgi ve teknoloji alan\u0131nda her a\u00e7\u0131dan kolay eri\u015filebilir bir merkez olma yolunda birbiri ard\u0131nca projeler \u00fcreten Sesli K\u00fct\u00fcphane\u2019nin, \u201c\u0130stanbul G\u00f6rme Engelliler Bilgi Merkezi\u201d projesi, \u0130stanbul Kalk\u0131nma Ajans\u0131 (\u0130STKA) taraf\u0131ndan \u2018ba\u015far\u0131l\u0131\u2019 bulunarak destek kapsam\u0131na al\u0131nd\u0131.<!--more--><\/p>\n<p>Ekim ay\u0131n\u0131n ba\u015f\u0131nda faaliyete ba\u015flayan proje ile Sesli K\u00fct\u00fcphane\u2019nin veri taban\u0131ndaki PDF ve sesli kitaplara 7\/24 online eri\u015fim sa\u011flanacak.<\/p>\n<p><a href=\"https:\/\/seslikutuphane.ibb.gov.tr\/tr\/\" target=\"_blank\">Web sayfas\u0131yla<\/a> g\u00f6rme engelli ilk ve orta \u00f6\u011frenim \u00e7a\u011f\u0131ndaki \u00e7ocuklar, m\u00fcfredata uyumlu kaynaklara kolayca ula\u015fabilecek.<\/p>\n<p>Sadece g\u00f6rme engelliler i\u00e7in geli\u015ftirilmi\u015f mobil uygulama ile sesli kitaplara cep telefonu, tablet ve ak\u0131ll\u0131 cihazlardan da eri\u015filebilecek.<\/p>\n<p>\u0130nternete ula\u015f\u0131m\u0131 m\u00fcmk\u00fcn olmayan g\u00f6rme engelli vatanda\u015flar yenilik\u00e7i ve en son teknolojik altyap\u0131yla g\u00fc\u00e7lendirilmi\u015f bir s\u0131n\u0131fta kitap dinleme, ara\u015ft\u0131rma yapma, internette \u00e7al\u0131\u015fma imkan\u0131 bulabilecek.<\/p>\n<p>\u0130steyen g\u00f6rme engellilere sosyal medya kullanma becerisi ve eri\u015fimi de sa\u011flanacak.<\/p>\n<p>Y\u00fczde y\u00fcz g\u00f6rme engeli olan vatanda\u015flara grafik kabartma tekni\u011fiyle \u015fekilleri tan\u0131ma becerisi kazand\u0131r\u0131lacak.<\/p>\n<p>Her ya\u015f grubundan g\u00f6rme engelli \u00f6\u011frencilere at\u00f6lye \u00e7al\u0131\u015fmalar\u0131yla \u00e7e\u015fitli hobiler edinme imkan\u0131 da sunulacak.<\/p>\n<p>Bir y\u0131l i\u00e7inde bitirilecek proje tamamland\u0131\u011f\u0131nda G\u00f6rme Engelli vatanda\u015flar\u0131m\u0131z\u0131n kitap okumas\u0131 \u00f6n\u00fcnde bir engel kalmayacak.<\/p>\n<p><a href=\"https:\/\/seslikutuphane.ibb.gov.tr\/\" target=\"_blank\">https:\/\/seslikutuphane.ibb.gov.tr\/<\/a><\/p>\n<p>Kaynak: <em><a href=\"http:\/\/www.haber7.com\/guncel\/haber\/2160162-turkiyenin-en-gelismis-engelsiz-bilgi-merkezi\">T\u00fcrkiye&#8217;nin en geli\u015fmi\u015f &#8216;engelsiz&#8217; bilgi merkezi<\/a><\/em><\/p>\n","protected":false},"excerpt":{"rendered":"<p>\u0130stanbul B\u00fcy\u00fck\u015fehir Belediyesi K\u00fct\u00fcphane ve M\u00fczeler M\u00fcd\u00fcrl\u00fc\u011f\u00fc\u2019ne ba\u011fl\u0131 olarak Ey\u00fcp\u2019te hizmet veren Sesli K\u00fct\u00fcphane taraf\u0131ndan hayata ge\u00e7irilen \u201c\u0130stanbul G\u00f6rme Engelliler Bilgi Merkezi\u201d hizmete girdi\u011fi g\u00fcnden bu yana b\u00fcy\u00fck ba\u015far\u0131lara imza att\u0131. Sadece g\u00f6rme engelliler de\u011fil aileleri i\u00e7in de bilgi ve teknoloji alan\u0131nda her a\u00e7\u0131dan kolay eri\u015filebilir bir merkez olma yolunda birbiri ard\u0131nca projeler \u00fcreten Sesli [&hellip;]<\/p>\n","protected":false},"author":129,"featured_media":20121,"comment_status":"open","ping_status":"open","sticky":false,"template":"","format":"standard","meta":{"footnotes":""},"categories":[1],"tags":[904,1443],"class_list":["post-20120","post","type-post","status-publish","format-standard","has-post-thumbnail","hentry","category-genel","tag-istanbul-gorme-engelliler-bilgi-merkezi","tag-sesli-kutuphaneler"],"_links":{"self":[{"href":"https:\/\/www.bbyhaber.com\/bby\/wp-json\/wp\/v2\/posts\/20120"}],"collection":[{"href":"https:\/\/www.bbyhaber.com\/bby\/wp-json\/wp\/v2\/posts"}],"about":[{"href":"https:\/\/www.bbyhaber.com\/bby\/wp-json\/wp\/v2\/types\/post"}],"author":[{"embeddable":true,"href":"https:\/\/www.bbyhaber.com\/bby\/wp-json\/wp\/v2\/users\/129"}],"replies":[{"embeddable":true,"href":"https:\/\/www.bbyhaber.com\/bby\/wp-json\/wp\/v2\/comments?post=20120"}],"version-history":[{"count":0,"href":"https:\/\/www.bbyhaber.com\/bby\/wp-json\/wp\/v2\/posts\/20120\/revisions"}],"wp:featuredmedia":[{"embeddable":true,"href":"https:\/\/www.bbyhaber.com\/bby\/wp-json\/"}],"wp:attachment":[{"href":"https:\/\/www.bbyhaber.com\/bby\/wp-json\/wp\/v2\/media?parent=20120"}],"wp:term":[{"taxonomy":"category","embeddable":true,"href":"https:\/\/www.bbyhaber.com\/bby\/wp-json\/wp\/v2\/categories?post=20120"},{"taxonomy":"post_tag","embeddable":true,"href":"https:\/\/www.bbyhaber.com\/bby\/wp-json\/wp\/v2\/tags?post=20120"}],"curies":[{"name":"wp","href":"https:\/\/api.w.org\/{rel}","templated":true}]}}