{"id":20065,"date":"2016-10-04T08:55:48","date_gmt":"2016-10-04T05:55:48","guid":{"rendered":"http:\/\/www.bbyhaber.com\/bby\/?p=20065"},"modified":"2016-10-12T15:16:30","modified_gmt":"2016-10-12T12:16:30","slug":"kultur-bakanliginda-isler-durdu-mu","status":"publish","type":"post","link":"https:\/\/www.bbyhaber.com\/bby\/2016\/10\/04\/kultur-bakanliginda-isler-durdu-mu","title":{"rendered":"K\u00fclt\u00fcr Bakanl\u0131\u011f\u0131nda i\u015fler durdu mu?"},"content":{"rendered":"<p style=\"text-align: justify;\"><img loading=\"lazy\" decoding=\"async\" class=\"alignleft size-full wp-image-20167\" src=\"http:\/\/www.bbyhaber.com\/bby\/wp-content\/uploads\/2016\/10\/headline.jpg\" alt=\"headline\" width=\"238\" height=\"119\" \/>K\u00fclt\u00fcr Bakanl\u0131\u011f\u0131, 14 Temmuz tarihinde ilana \u00e7\u0131kt\u0131 ve <strong><span style=\"color: #ff0000;\">200 K\u00fct\u00fcphaneci<\/span><\/strong>, 100 Arkeolog, 100 M\u00fcze Ara\u015ft\u0131rmac\u0131s\u0131 alaca\u011f\u0131n\u0131 <a href=\"http:\/\/www.bbyhaber.com\/bby\/2016\/08\/23\/sozlesmeli-personel-alim-sinavi-ile-ilgili-duyuru-sinava-gireceklerin-listesi\/\" target=\"_blank\">duyurdu<\/a>.\u00a013 ila 27 Temmuz 2016 tarihleri aras\u0131nda ba\u015fvuru al\u0131nd\u0131.\u00a0Ancak ba\u015fvurular\u0131n \u00fczerinden 2 ay ge\u00e7mi\u015f olmas\u0131na ra\u011fmen hala m\u00fclakat tarihleri a\u00e7\u0131klanamam\u0131\u015ft\u0131r.<!--more-->\u00a0Adaylar, geleceklerine y\u00f6n verebilmek i\u00e7in, s\u0131nav s\u00fcreciyle ilgili bilgilendirme talep etmektedir.<\/p>\n<p style=\"text-align: justify;\">Kaynak:http:\/\/www.memurlar.net\/<\/p>\n","protected":false},"excerpt":{"rendered":"<p>K\u00fclt\u00fcr Bakanl\u0131\u011f\u0131, 14 Temmuz tarihinde ilana \u00e7\u0131kt\u0131 ve 200 K\u00fct\u00fcphaneci, 100 Arkeolog, 100 M\u00fcze Ara\u015ft\u0131rmac\u0131s\u0131 alaca\u011f\u0131n\u0131 duyurdu.\u00a013 ila 27 Temmuz 2016 tarihleri aras\u0131nda ba\u015fvuru al\u0131nd\u0131.\u00a0Ancak ba\u015fvurular\u0131n \u00fczerinden 2 ay ge\u00e7mi\u015f olmas\u0131na ra\u011fmen hala m\u00fclakat tarihleri a\u00e7\u0131klanamam\u0131\u015ft\u0131r.<\/p>\n","protected":false},"author":1,"featured_media":20167,"comment_status":"open","ping_status":"open","sticky":false,"template":"","format":"standard","meta":{"footnotes":""},"categories":[31,1604],"tags":[],"class_list":["post-20065","post","type-post","status-publish","format-standard","has-post-thumbnail","hentry","category-bbykpss","category-sozlesmeli-kutuphaneci"],"_links":{"self":[{"href":"https:\/\/www.bbyhaber.com\/bby\/wp-json\/wp\/v2\/posts\/20065"}],"collection":[{"href":"https:\/\/www.bbyhaber.com\/bby\/wp-json\/wp\/v2\/posts"}],"about":[{"href":"https:\/\/www.bbyhaber.com\/bby\/wp-json\/wp\/v2\/types\/post"}],"author":[{"embeddable":true,"href":"https:\/\/www.bbyhaber.com\/bby\/wp-json\/wp\/v2\/users\/1"}],"replies":[{"embeddable":true,"href":"https:\/\/www.bbyhaber.com\/bby\/wp-json\/wp\/v2\/comments?post=20065"}],"version-history":[{"count":0,"href":"https:\/\/www.bbyhaber.com\/bby\/wp-json\/wp\/v2\/posts\/20065\/revisions"}],"wp:featuredmedia":[{"embeddable":true,"href":"https:\/\/www.bbyhaber.com\/bby\/wp-json\/"}],"wp:attachment":[{"href":"https:\/\/www.bbyhaber.com\/bby\/wp-json\/wp\/v2\/media?parent=20065"}],"wp:term":[{"taxonomy":"category","embeddable":true,"href":"https:\/\/www.bbyhaber.com\/bby\/wp-json\/wp\/v2\/categories?post=20065"},{"taxonomy":"post_tag","embeddable":true,"href":"https:\/\/www.bbyhaber.com\/bby\/wp-json\/wp\/v2\/tags?post=20065"}],"curies":[{"name":"wp","href":"https:\/\/api.w.org\/{rel}","templated":true}]}}