{"id":20050,"date":"2016-09-30T18:07:00","date_gmt":"2016-09-30T15:07:00","guid":{"rendered":"http:\/\/www.bbyhaber.com\/bby\/?p=20050"},"modified":"2017-04-11T16:49:28","modified_gmt":"2017-04-11T13:49:28","slug":"yasar-universitesi-kutuphane-ve-bilgi-merkezi-2-iki-adet-yeni-mezun-kutuphaneci-alacak","status":"publish","type":"post","link":"https:\/\/www.bbyhaber.com\/bby\/2016\/09\/30\/yasar-universitesi-kutuphane-ve-bilgi-merkezi-2-iki-adet-yeni-mezun-kutuphaneci-alacak","title":{"rendered":"Ya\u015far \u00dcniversitesi K\u00fct\u00fcphane ve Bilgi Merkezi  2 (iki) Adet Yeni Mezun K\u00fct\u00fcphaneci Alacak"},"content":{"rendered":"<div><\/div>\n<div style=\"text-align: justify;\"><span style=\"font-family: 'Times New Roman', sans-serif; font-size: medium;\">Ya\u015far \u00dcniversitesi K\u00fct\u00fcphane ve Bilgi Merkezi&#8217;nde\u00a0<b>hafta i\u00e7i ak\u015fam 16:00-23:00 hafta sonu 09-16:00 saatleri<\/b> aras\u0131nda s\u00f6zle\u015fmeli g\u00f6revlendirilmek \u00fczere\u00a0<b>2 (iki) adet yeni mezun\u00a0k\u00fct\u00fcphaneci <\/b>al\u0131nmas\u0131\u00a0planlanmaktad\u0131r. A\u015fa\u011f\u0131daki nitelikleri ta\u015f\u0131yan adaylar\u0131n g\u00fcncel \u00f6z ge\u00e7mi\u015flerini <b>14 Ekim 2016 Cuma <\/b>g\u00fcn\u00fcne\u00a0kadar\u00a0<a href=\"mailto:bilgimerkezi@yasar.edu.tr\" target=\"_blank\">bilgimerkezi@<wbr \/>yasar.edu.tr<\/a>\u00a0adresine g\u00f6ndermeleri gerekmektedir.<\/span><\/div>\n<p><!--more--><\/p>\n<div style=\"text-align: justify;\"><span style=\"font-family: 'Times New Roman', sans-serif; font-size: medium;\"><span style=\"color: #ff0000;\"><strong>\u00d6NEML\u0130 NOT :<\/strong><\/span> Ya\u015far \u00dcniversitesi K\u00fct\u00fcphane ve Bilgi Merkezi M\u00fcd\u00fcr\u00fc G\u00fclsevil A\u011eCA&#8217;n\u0131n ilana dair bilgi notlar\u0131, yaz\u0131n\u0131n alt\u0131nda yer alan yorumlar k\u0131sm\u0131nda mevcuttur.<\/span><\/div>\n<div style=\"text-align: justify;\"><\/div>\n<div style=\"text-align: justify;\"><strong style=\"line-height: 1.5;\"><span style=\"font-family: 'Times New Roman', sans-serif; font-size: medium;\">Aran\u0131lan Nitelikler:<\/span><\/strong><\/div>\n<div>\n<ul type=\"disc\">\n<li class=\"m_3628600717163184445x_MsoNormal\" style=\"text-align: justify;\"><span style=\"font-family: 'Times New Roman', sans-serif; font-size: medium;\">\u00dcniversitelerin Bilgi ve Belge Y\u00f6netimi B\u00f6l\u00fcmlerinden Mezun Olmak<\/span><\/li>\n<li class=\"m_3628600717163184445x_MsoNormal\" style=\"text-align: justify;\"><span style=\"font-family: 'Times New Roman', sans-serif; font-size: medium;\">Yeterli D\u00fczeyde Yabanc\u0131 Dil Bilgisi\u2019ne Sahip Olmak<\/span><\/li>\n<li class=\"m_3628600717163184445x_MsoNormal\" style=\"text-align: justify;\"><span style=\"font-family: 'Times New Roman', sans-serif; font-size: medium;\">Tak\u0131m \u00c7al\u0131\u015fmas\u0131na Yatk\u0131n, \u0130nsan \u0130li\u015fkilerinde Ba\u015far\u0131l\u0131 Olmak<br \/>\n<\/span><\/li>\n<li class=\"m_3628600717163184445x_MsoNormal\" style=\"text-align: justify;\"><span style=\"font-family: 'Times New Roman', sans-serif; font-size: medium;\">\u0130leti\u015fim Becerilerinin Y\u00fcksek ve Diksiyonunun D\u00fczg\u00fcn Olmas\u0131<\/span><\/li>\n<li class=\"m_3628600717163184445x_MsoNormal\" style=\"text-align: justify;\"><span style=\"font-family: 'Times New Roman', sans-serif; font-size: medium;\">Yeterli D\u00fczeyde Bilgisayar Becerisine Sahip Olmak<\/span><\/li>\n<li class=\"m_3628600717163184445x_MsoNormal\"><span style=\"font-family: 'Times New Roman', sans-serif; font-size: medium;\">K\u00fct\u00fcphane Otomasyon Programlar\u0131 \u00dczerine Bilgi Sahibi Olmak<\/span><\/li>\n<li class=\"m_3628600717163184445x_MsoNormal\"><span style=\"font-family: 'Times New Roman', sans-serif; font-size: medium;\">Yo\u011fun \u00c7al\u0131\u015fma Temposuna ve Esnek \u00c7al\u0131\u015fma Saatlerine Uyum G\u00f6sterebilen<br \/>\n<\/span><\/li>\n<li class=\"m_3628600717163184445x_MsoNormal\"><span style=\"font-family: 'Times New Roman', sans-serif; font-size: medium;\">\u00a0Erkek Adaylar \u0130\u00e7in, Askerli\u011fini Yapm\u0131\u015f\u00a0Olmas\u0131 Tercih Sebebidir<\/span><\/li>\n<\/ul>\n<\/div>\n","protected":false},"excerpt":{"rendered":"<p>Ya\u015far \u00dcniversitesi K\u00fct\u00fcphane ve Bilgi Merkezi&#8217;nde\u00a0hafta i\u00e7i ak\u015fam 16:00-23:00 hafta sonu 09-16:00 saatleri aras\u0131nda s\u00f6zle\u015fmeli g\u00f6revlendirilmek \u00fczere\u00a02 (iki) adet yeni mezun\u00a0k\u00fct\u00fcphaneci al\u0131nmas\u0131\u00a0planlanmaktad\u0131r. A\u015fa\u011f\u0131daki nitelikleri ta\u015f\u0131yan adaylar\u0131n g\u00fcncel \u00f6z ge\u00e7mi\u015flerini 14 Ekim 2016 Cuma g\u00fcn\u00fcne\u00a0kadar\u00a0bilgimerkezi@yasar.edu.tr\u00a0adresine g\u00f6ndermeleri gerekmektedir.<\/p>\n","protected":false},"author":129,"featured_media":20052,"comment_status":"open","ping_status":"open","sticky":false,"template":"","format":"standard","meta":{"footnotes":""},"categories":[],"tags":[1393],"class_list":["post-20050","post","type-post","status-publish","format-standard","has-post-thumbnail","hentry","tag-bby-is-ilanlari-arsivi"],"_links":{"self":[{"href":"https:\/\/www.bbyhaber.com\/bby\/wp-json\/wp\/v2\/posts\/20050"}],"collection":[{"href":"https:\/\/www.bbyhaber.com\/bby\/wp-json\/wp\/v2\/posts"}],"about":[{"href":"https:\/\/www.bbyhaber.com\/bby\/wp-json\/wp\/v2\/types\/post"}],"author":[{"embeddable":true,"href":"https:\/\/www.bbyhaber.com\/bby\/wp-json\/wp\/v2\/users\/129"}],"replies":[{"embeddable":true,"href":"https:\/\/www.bbyhaber.com\/bby\/wp-json\/wp\/v2\/comments?post=20050"}],"version-history":[{"count":1,"href":"https:\/\/www.bbyhaber.com\/bby\/wp-json\/wp\/v2\/posts\/20050\/revisions"}],"predecessor-version":[{"id":21633,"href":"https:\/\/www.bbyhaber.com\/bby\/wp-json\/wp\/v2\/posts\/20050\/revisions\/21633"}],"wp:featuredmedia":[{"embeddable":true,"href":"https:\/\/www.bbyhaber.com\/bby\/wp-json\/"}],"wp:attachment":[{"href":"https:\/\/www.bbyhaber.com\/bby\/wp-json\/wp\/v2\/media?parent=20050"}],"wp:term":[{"taxonomy":"category","embeddable":true,"href":"https:\/\/www.bbyhaber.com\/bby\/wp-json\/wp\/v2\/categories?post=20050"},{"taxonomy":"post_tag","embeddable":true,"href":"https:\/\/www.bbyhaber.com\/bby\/wp-json\/wp\/v2\/tags?post=20050"}],"curies":[{"name":"wp","href":"https:\/\/api.w.org\/{rel}","templated":true}]}}