{"id":20047,"date":"2016-09-30T16:24:27","date_gmt":"2016-09-30T13:24:27","guid":{"rendered":"http:\/\/www.bbyhaber.com\/bby\/?p=20047"},"modified":"2016-10-04T09:40:59","modified_gmt":"2016-10-04T06:40:59","slug":"van-golunun-cevresini-bisikleti-ile-turlayacak-halkkutuphanemicinpedalliyorum","status":"publish","type":"post","link":"https:\/\/www.bbyhaber.com\/bby\/2016\/09\/30\/van-golunun-cevresini-bisikleti-ile-turlayacak-halkkutuphanemicinpedalliyorum","title":{"rendered":"Van G\u00f6l\u00fcn\u00fcn \u00e7evresini bisikleti ile turlayacak #halkk\u00fct\u00fcphanemi\u00e7inpedall\u0131yorum"},"content":{"rendered":"<p style=\"text-align: justify;\"><a href=\"http:\/\/bbyhaber.com\/bby\/wp-content\/uploads\/2016\/09\/bisiklet-kutuphane.jpg\"><img loading=\"lazy\" decoding=\"async\" class=\"alignleft\" src=\"http:\/\/bbyhaber.com\/bby\/wp-content\/uploads\/2016\/09\/bisiklet-kutuphane.jpg\" width=\"238\" height=\"119\" \/><\/a>Bitlis \u0130l Halk K\u00fct\u00fcphanesinde g\u00f6rev yapan meslekta\u015f\u0131m\u0131z Hakan Y\u00fccel, K\u00fct\u00fcphanecilik ve Halk K\u00fct\u00fcphaneleri i\u00e7in fark\u0131ndal\u0131k \u00e7al\u0131\u015fmas\u0131 yapmak i\u00e7in Van G\u00f6l\u00fc\u2019n\u00fcn \u00e7evresini turlayacak. 1 Ekim Cumartesi sabah saat 7\u2019de Bitlis\u2019ten hareket edip, Erci\u015f ve Van\u2019da birer gece konaklayarak turunu 3 g\u00fcnde tamamlamay\u0131 hedeflemektedir.<!--more--> Yerel bas\u0131nda da yer alacak olan bu turu Twitter ba\u015fta olmak \u00fczere di\u011fer sosyal a\u011flarda da payla\u015farak daha \u00e7ok ki\u015fiye ula\u015ft\u0131rmak istiyor ve farkl\u0131 bir etkinlik olmas\u0131 sebebiyle, meslekta\u015flar\u0131m\u0131z\u0131n kendisine\u00a0sosyal medyadan destek olmas\u0131n\u0131 rica ediyor.<\/p>\n<p style=\"text-align: justify;\"><span style=\"color: #ff0000;\"><strong>hashtag<\/strong> <\/span>:\u00a0<a href=\"https:\/\/twitter.com\/hashtag\/halkk%C3%BCt%C3%BCphanemi%C3%A7inpedall%C4%B1yorum?src=hash\" target=\"_blank\">#halkk\u00fct\u00fcphanemi\u00e7inpedall\u0131yorum<\/a><\/p>\n","protected":false},"excerpt":{"rendered":"<p>Bitlis \u0130l Halk K\u00fct\u00fcphanesinde g\u00f6rev yapan meslekta\u015f\u0131m\u0131z Hakan Y\u00fccel, K\u00fct\u00fcphanecilik ve Halk K\u00fct\u00fcphaneleri i\u00e7in fark\u0131ndal\u0131k \u00e7al\u0131\u015fmas\u0131 yapmak i\u00e7in Van G\u00f6l\u00fc\u2019n\u00fcn \u00e7evresini turlayacak. 1 Ekim Cumartesi sabah saat 7\u2019de Bitlis\u2019ten hareket edip, Erci\u015f ve Van\u2019da birer gece konaklayarak turunu 3 g\u00fcnde tamamlamay\u0131 hedeflemektedir.<\/p>\n","protected":false},"author":1,"featured_media":20048,"comment_status":"open","ping_status":"open","sticky":false,"template":"","format":"standard","meta":{"footnotes":""},"categories":[1550,1],"tags":[],"class_list":["post-20047","post","type-post","status-publish","format-standard","has-post-thumbnail","hentry","category-bisikletli-kutuphaneci","category-genel"],"_links":{"self":[{"href":"https:\/\/www.bbyhaber.com\/bby\/wp-json\/wp\/v2\/posts\/20047"}],"collection":[{"href":"https:\/\/www.bbyhaber.com\/bby\/wp-json\/wp\/v2\/posts"}],"about":[{"href":"https:\/\/www.bbyhaber.com\/bby\/wp-json\/wp\/v2\/types\/post"}],"author":[{"embeddable":true,"href":"https:\/\/www.bbyhaber.com\/bby\/wp-json\/wp\/v2\/users\/1"}],"replies":[{"embeddable":true,"href":"https:\/\/www.bbyhaber.com\/bby\/wp-json\/wp\/v2\/comments?post=20047"}],"version-history":[{"count":0,"href":"https:\/\/www.bbyhaber.com\/bby\/wp-json\/wp\/v2\/posts\/20047\/revisions"}],"wp:featuredmedia":[{"embeddable":true,"href":"https:\/\/www.bbyhaber.com\/bby\/wp-json\/"}],"wp:attachment":[{"href":"https:\/\/www.bbyhaber.com\/bby\/wp-json\/wp\/v2\/media?parent=20047"}],"wp:term":[{"taxonomy":"category","embeddable":true,"href":"https:\/\/www.bbyhaber.com\/bby\/wp-json\/wp\/v2\/categories?post=20047"},{"taxonomy":"post_tag","embeddable":true,"href":"https:\/\/www.bbyhaber.com\/bby\/wp-json\/wp\/v2\/tags?post=20047"}],"curies":[{"name":"wp","href":"https:\/\/api.w.org\/{rel}","templated":true}]}}