{"id":20034,"date":"2016-09-28T09:33:36","date_gmt":"2016-09-28T06:33:36","guid":{"rendered":"http:\/\/www.bbyhaber.com\/bby\/?p=20034"},"modified":"2017-02-13T12:36:30","modified_gmt":"2017-02-13T09:36:30","slug":"artik-urfada-cocuk-kutuphaneleri-var","status":"publish","type":"post","link":"https:\/\/www.bbyhaber.com\/bby\/2016\/09\/28\/artik-urfada-cocuk-kutuphaneleri-var","title":{"rendered":"Art\u0131k Urfa\u2019da \u00c7ocuk K\u00fct\u00fcphaneleri Var"},"content":{"rendered":"<p style=\"text-align: justify;\">\u015eanl\u0131urfa B\u00fcy\u00fck\u015fehir Belediyesi, Turgut \u00d6zal Park\u0131\u2019nda hizmete sundu\u011fu \u00e7ocuk k\u00fct\u00fcphanesinin ard\u0131ndan bu kez Eyy\u00fcp Peygamber Park\u0131nda in\u015fa etti\u011fi \u00c7ocuk K\u00fct\u00fcphanesini t\u00f6renle hizmete a\u00e7t\u0131.\u00a0\u00c7ocuklarda okuma al\u0131\u015fkanl\u0131\u011f\u0131n\u0131n art\u0131r\u0131lmas\u0131n\u0131n yan\u0131 s\u0131ra \u00f6\u011frencilerin s\u0131navlara daha rahat bir ortamda haz\u0131rlanmas\u0131 i\u00e7in Eyy\u00fcp Peygamber Park\u0131\u2019nda modern \u00e7ocuk k\u00fct\u00fcphanesi in\u015fa eden B\u00fcy\u00fck\u015fehir Belediyesi, d\u00fcnya klasiklerinden T\u00fcrk edebiyat\u0131 klasiklerine uzanan eserleri \u00e7ocuklar\u0131n hizmetine sundu.<!--more--><\/p>\n<p style=\"text-align: justify;\">\u00d6\u011frencilerin sanal ortamda \u00e7al\u0131\u015fabilecekleri bilgisayarlar\u0131n da bulundu\u011fu Modern K\u00fct\u00fcphanenin a\u00e7\u0131l\u0131\u015f\u0131n\u0131 ger\u00e7ekle\u015ftiren B\u00fcy\u00fck\u015fehir Belediye Ba\u015fkan\u0131 Nihat \u00c7ift\u00e7i, \u201cB\u00fcy\u00fck\u015fehir Belediyesi olarak yo\u011fun bir \u00e7al\u0131\u015fma i\u00e7erisindeyiz. Amac\u0131m\u0131z a\u011fa\u00e7 ya\u015fken e\u011filir misali \u00e7ocuklar\u0131m\u0131z\u0131 kitaplar ve g\u00fczel mekanlarla gelece\u011fe haz\u0131rlamak istiyoruz. 670 bine yak\u0131n bir \u00f6\u011frenci n\u00fcfusuna sahibiz. B\u00fcy\u00fck\u015fehir Belediyesi olarak Milli E\u011fitim \u0130l M\u00fcd\u00fcrl\u00fc\u011f\u00fcm\u00fczle bir\u00e7ok projeye imza att\u0131k. \u015eanl\u0131urfa\u2019n\u0131n t\u00fcm il\u00e7elerinde bulunan \u00f6\u011frencileri \u015eanl\u0131urfa\u2019y\u0131 gezdirme ve t\u00fcm s\u0131nava haz\u0131rlanan \u00f6\u011frencilerimize y\u00f6nelik deneme s\u0131navlar\u0131 haz\u0131rl\u0131yoruz. Ge\u00e7en y\u0131l 4 deneme yapm\u0131\u015f bu y\u0131l ise 8 deneme \u015feklinde haz\u0131rl\u0131yoruz. \u00c7ocuklar\u0131m\u0131z\u0131 gelece\u011fe haz\u0131rlamak laz\u0131m, bununda en iyi \u00f6rne\u011fi d\u00fczg\u00fcn bir e\u011fitimden ge\u00e7er. \u0130nsan\u0131n kendi do\u011fas\u0131n\u0131, memleketini, park\u0131n\u0131 ve yap\u0131s\u0131n\u0131 sevmesi gerekmektedir. \u0130n\u015fallah toplumuz bu dinamizimi erken ya\u015fta \u00e7ocuklar\u0131m\u0131z\u0131n kitaba olan a\u015fk\u0131 ile ger\u00e7ekle\u015ftiriyoruz\u201d dedi.<\/p>\n<p style=\"text-align: justify;\">800 Kitap Da\u011f\u0131t\u0131m\u0131 Yap\u0131lacak<\/p>\n<p style=\"text-align: justify;\">Konu\u015fmas\u0131nda planlanan projeleri bir bir hayata ge\u00e7irdiklerini ifade eden Ba\u015fkan Nihat \u00c7ift\u00e7i, \u201cAmac\u0131m\u0131z \u015eanl\u0131urfa\u2019y\u0131 geli\u015ftirerek \u00e7ocuklar\u0131m\u0131z\u0131n yar\u0131n\u0131 i\u00e7in emirlerine vermektir. 2016-2017 E\u011fitim ve \u00d6\u011fretim sezonu i\u00e7in 800 kitap da\u011f\u0131t\u0131m\u0131 yapaca\u011f\u0131z. Gelece\u011fe g\u00fczel bir nesille y\u00fcr\u00fcmenin u\u011fra\u015f\u0131 i\u00e7erisindeyiz. B\u00fcy\u00fck\u015fehir Belediyesi olarak e\u011fitime ve gen\u00e7li\u011fe y\u00f6nelik her zaman destek verece\u011fimizi belirtmek istiyorum. \u00dclke olarak gelece\u011fimizi \u00e7ocuklar\u0131m\u0131zla \u015fekillendirece\u011fimizi emanetin onlara tevdih edilece\u011fini bilinciyle hareket ediyor, t\u00fcm \u00f6\u011frencilerimizin e\u011fitim ve \u00f6\u011fretimin y\u0131llar\u0131n\u0131 tebrik ediyorum\u201d \u015feklinde konu\u015ftu.<\/p>\n<p style=\"text-align: justify;\">Vali Tuna, \u201cK\u00fct\u00fcphaneler, Gelece\u011fe Yap\u0131lan En \u00d6nemli Yat\u0131r\u0131md\u0131r \u201c<\/p>\n<p style=\"text-align: justify;\">A\u00e7\u0131l\u0131\u015fa kat\u0131lan \u015eanl\u0131urfa Valisi G\u00fcng\u00f6r Azim Tuna ise, \u201cB\u00fcy\u00fck\u015fehir Belediyemizi tebrik ediyorum. \u00c7\u00fcnk\u00fc gelece\u011fimize yap\u0131lan en \u00f6nemli yat\u0131r\u0131mlardan birisi k\u00fct\u00fcphane kurmakt\u0131r. Bu t\u00fcr hizmetlerin t\u00fcm Belediyelerinde yapmas\u0131n\u0131 gerekti\u011fini d\u00fc\u015f\u00fcn\u00fcyorum. Toplum i\u00e7erisinde nas\u0131l davranaca\u011f\u0131n\u0131, gelece\u011fini bilmeleri i\u00e7in \u00e7ocuklar\u0131m\u0131z\u0131n kitap okumas\u0131 gerektedir\u201d s\u00f6zlerini kulland\u0131.<\/p>\n<p style=\"text-align: justify;\">B\u00fcy\u00fck\u015fehir Belediyesini \u00e7al\u0131\u015fmalar\u0131ndan dolay\u0131 takdir etti\u011fini belirterek konu\u015fmas\u0131na ba\u015flayan AK Parti \u015eanl\u0131urfa Milletvekili Mehmet Ali Cevheri ise, \u201cSosyal ve k\u00fclt\u00fcrel belediyecili\u011fin en \u00f6nemli i\u015fleri kentlerde k\u00fct\u00fcphaneler a\u00e7makt\u0131r. De\u011ferli ba\u015fkan\u0131m\u0131z Nihat \u00c7ift\u00e7i\u2019yi tebrik ediyorum. Tabi ki bizler sokaklar\u0131m\u0131z\u0131, yollar\u0131m\u0131z\u0131 ve alt yap\u0131m\u0131z\u0131 yapaca\u011f\u0131z. Ama bizim ayd\u0131nl\u0131k bir nesil i\u00e7in yapabilece\u011fimiz en g\u00fczel eser kentimizi k\u00fct\u00fcphanelerle donatmakt\u0131r\u201d dedi.<\/p>\n<p style=\"text-align: justify;\">\u00d6te yandan a\u00e7\u0131l\u0131\u015fa, AK Parti \u015eanl\u0131urfa Milletvekili Halil \u00d6zcan, Karak\u00f6pr\u00fc Belediye Ba\u015fkan\u0131 Metin Baydilli, B\u00fcy\u00fck\u015fehir Belediyesi Meclis \u00dcyeleri, AK Parti te\u015fkilatlar\u0131 ve \u00e7ok say\u0131da \u00f6\u011frenci kat\u0131ld\u0131.<\/p>\n<p style=\"text-align: justify;\">A\u00e7\u0131l\u0131\u015f\u0131n ard\u0131ndan modern k\u00fct\u00fcphaneyi gezen Ba\u015fkan Nihat \u00c7ift\u00e7i, B\u00fcy\u00fck\u015fehir Belediyesi taraf\u0131ndan haz\u0131rlanan e\u011fitim malzemeleri bulunan \u00e7antalar\u0131 \u00f6\u011frencilere hediye etti.<\/p>\n<p style=\"text-align: justify;\">\u0130tfaiye Daire Ba\u015fkanl\u0131\u011f\u0131 taraf\u0131ndan \u00f6\u011frencilere verilen e\u011fitimi de izleyen Ba\u015fkan Nihat \u00c7ift\u00e7i, ard\u0131ndan \u00f6\u011frencilere yang\u0131n e\u011fitim seti verdi.<\/p>\n<p style=\"text-align: justify;\"><a href=\"http:\/\/www.haber-sanliurfa.com\/artik-urfada-cocuk-kutuphaneleri-var\/?utm_source=dlvr.it&amp;utm_medium=facebook\" target=\"_blank\">Kaynak<\/a><\/p>\n","protected":false},"excerpt":{"rendered":"<p>\u015eanl\u0131urfa B\u00fcy\u00fck\u015fehir Belediyesi, Turgut \u00d6zal Park\u0131\u2019nda hizmete sundu\u011fu \u00e7ocuk k\u00fct\u00fcphanesinin ard\u0131ndan bu kez Eyy\u00fcp Peygamber Park\u0131nda in\u015fa etti\u011fi \u00c7ocuk K\u00fct\u00fcphanesini t\u00f6renle hizmete a\u00e7t\u0131.\u00a0\u00c7ocuklarda okuma al\u0131\u015fkanl\u0131\u011f\u0131n\u0131n art\u0131r\u0131lmas\u0131n\u0131n yan\u0131 s\u0131ra \u00f6\u011frencilerin s\u0131navlara daha rahat bir ortamda haz\u0131rlanmas\u0131 i\u00e7in Eyy\u00fcp Peygamber Park\u0131\u2019nda modern \u00e7ocuk k\u00fct\u00fcphanesi in\u015fa eden B\u00fcy\u00fck\u015fehir Belediyesi, d\u00fcnya klasiklerinden T\u00fcrk edebiyat\u0131 klasiklerine uzanan eserleri \u00e7ocuklar\u0131n hizmetine [&hellip;]<\/p>\n","protected":false},"author":1,"featured_media":0,"comment_status":"open","ping_status":"open","sticky":false,"template":"","format":"standard","meta":{"footnotes":""},"categories":[1553,1],"tags":[1439],"class_list":["post-20034","post","type-post","status-publish","format-standard","hentry","category-cocuk-kutuphaneleri","category-genel","tag-cocuk-kutuphaneleri"],"_links":{"self":[{"href":"https:\/\/www.bbyhaber.com\/bby\/wp-json\/wp\/v2\/posts\/20034"}],"collection":[{"href":"https:\/\/www.bbyhaber.com\/bby\/wp-json\/wp\/v2\/posts"}],"about":[{"href":"https:\/\/www.bbyhaber.com\/bby\/wp-json\/wp\/v2\/types\/post"}],"author":[{"embeddable":true,"href":"https:\/\/www.bbyhaber.com\/bby\/wp-json\/wp\/v2\/users\/1"}],"replies":[{"embeddable":true,"href":"https:\/\/www.bbyhaber.com\/bby\/wp-json\/wp\/v2\/comments?post=20034"}],"version-history":[{"count":1,"href":"https:\/\/www.bbyhaber.com\/bby\/wp-json\/wp\/v2\/posts\/20034\/revisions"}],"predecessor-version":[{"id":21059,"href":"https:\/\/www.bbyhaber.com\/bby\/wp-json\/wp\/v2\/posts\/20034\/revisions\/21059"}],"wp:attachment":[{"href":"https:\/\/www.bbyhaber.com\/bby\/wp-json\/wp\/v2\/media?parent=20034"}],"wp:term":[{"taxonomy":"category","embeddable":true,"href":"https:\/\/www.bbyhaber.com\/bby\/wp-json\/wp\/v2\/categories?post=20034"},{"taxonomy":"post_tag","embeddable":true,"href":"https:\/\/www.bbyhaber.com\/bby\/wp-json\/wp\/v2\/tags?post=20034"}],"curies":[{"name":"wp","href":"https:\/\/api.w.org\/{rel}","templated":true}]}}