{"id":1984,"date":"2011-12-29T19:58:16","date_gmt":"2011-12-29T19:58:16","guid":{"rendered":"http:\/\/www.bbyhaber.com\/bby\/?p=1984"},"modified":"2012-10-30T14:31:08","modified_gmt":"2012-10-30T11:31:08","slug":"cocuklar-anne-ve-babalariyla-kitap-okudu","status":"publish","type":"post","link":"https:\/\/www.bbyhaber.com\/bby\/2011\/12\/29\/cocuklar-anne-ve-babalariyla-kitap-okudu","title":{"rendered":"\u00c7ocuklar Anne ve Babalar\u0131yla Kitap Okudu"},"content":{"rendered":"<p style=\"text-align: justify;\">Pendik Belediyesi K\u00fct\u00fcphane G\u00f6n\u00fcll\u00fcleri ve \u0130l\u00e7e Milli E\u011fitim M\u00fcd\u00fcrl\u00fc\u011f\u00fc i\u015fbirli\u011fi ile d\u00fczenlenen &#8220;7&#8217;den 77&#8217;ye Pendik Okuyor&#8221; kampanyas\u0131, d\u00fczenlenen farkl\u0131 etkinliklerle devam ediyor. Kampanya kapsam\u0131nda bu kez Yunus Emre K\u00fclt\u00fcr ve Sanat Merkezi&#8217;nde toplu kitap okuma program\u0131 d\u00fczenlendi. Aralar\u0131nda Sivil Toplum Kurulu\u015fu temsilcileri, \u00f6\u011fretmenler, \u00f6\u011frenciler ve i\u015f adamlar\u0131n\u0131n da bulundu\u011fu 700 ki\u015fi, Ba\u015fkan Kenan \u015eahin ile birlikte kitap okudu.<!--more--> Kimi macera kimi klasikleri okurken baz\u0131 vatanda\u015flar da evden getirdikleri kendi kitaplar\u0131n\u0131 okudu. Ba\u015fkan Kenan \u015eahin, kitap okuma kampanyas\u0131na STK&#8217;lar\u0131n, \u00f6\u011fretmen ve \u00f6\u011frencilerle birlikte sahip \u00e7\u0131kmas\u0131n\u0131n \u00e7ok sevindirici oldu\u011funu belirterek; &#8220;Okuyan bir toplum olmad\u0131k\u00e7a birbirimizi anlay\u0131\u015fla kar\u015f\u0131layamay\u0131z. Okuyan ve k\u00fclt\u00fcrl\u00fc bir nesil olmak zorunday\u0131z. Buradaki \u0131\u015f\u0131\u011f\u0131m\u0131z\u0131 herkese yayal\u0131m ve herkese kitap okumay\u0131 tavsiye edelim&#8221; dedi.<\/p>\n<p style=\"text-align: justify;\">Burcu T\u00fcrk: Topluluk halinde ve herkesin ayn\u0131 \u015fekilde odaklanmas\u0131 \u00e7ok etkili. Zorunlu bir etkinlik de\u011fil isteyerek geldik. Belediye Ba\u015fkan\u0131m\u0131z\u0131n da bizimle birlikte kitap okumas\u0131 beni daha da mutlu ediyor.<\/p>\n<p style=\"text-align: justify;\">Senanur \u00d6zo\u011ful: Normalde de kitap okumay\u0131 seviyorum. Aile ile olmas\u0131 etkileyici aile ba\u011flar\u0131n\u0131 geli\u015ftiriyor. O\u011flumla birlikte yar\u0131\u015fmaya da kat\u0131laca\u011f\u0131z.<\/p>\n<p style=\"text-align: justify;\">Necati Sar\u0131: \u0130lk duydu\u011fumda heyecanland\u0131m bu etkinlik herkesi ayn\u0131 \u015feye y\u00f6nlendiriyor. Okuyarak \u00e7ok faydal\u0131 bir birey olaca\u011f\u0131m\u0131 d\u00fc\u015f\u00fcn\u00fcyorum. Bu konuda bizlere destek veren Pendik Belediye Ba\u015fkan\u0131na \u00e7ok te\u015fekk\u00fcr ediyorum.<\/p>\n<p style=\"text-align: justify;\">Hikmet Varol: Kendi iste\u011fimizle geldik. Okuduk\u00e7a keyif al\u0131yorum b\u00f6yle programlar\u0131n devam\u0131n\u0131 bekliyorum.<\/p>\n<p style=\"text-align: justify;\">G\u00fclay Durak: Okul k\u00fct\u00fcphanesi ve Kemal Tahir k\u00fct\u00fcphanesinden kitap al\u0131yoruz. \u00c7evremdeki herkese de tavsiye ediyorum.<\/p>\n<p style=\"text-align: justify;\">M\u00fcslim K\u00f6yl\u00fc: Etkinli\u011finizi destekliyorum.20 y\u0131ld\u0131r Pendik K\u00fct\u00fcphanesinden faydalan\u0131yorum. Orada eski kitaplarda var bu sayede ge\u00e7mi\u015fimizi de \u00f6\u011freniyoruz. Bu etkinli\u011fin \u00e7a\u011fda\u015fla\u015fmaya \u00e7ok b\u00fcy\u00fck bir ad\u0131m oldu\u011funu d\u00fc\u015f\u00fcn\u00fcyorum. Bu projede eme\u011fi ge\u00e7en herkese \u00e7ok te\u015fekk\u00fcr ediyorum.<\/p>\n<p style=\"text-align: justify;\">Kaynak: http:\/\/www.haberler.com<\/p>\n","protected":false},"excerpt":{"rendered":"<p>Pendik Belediyesi K\u00fct\u00fcphane G\u00f6n\u00fcll\u00fcleri ve \u0130l\u00e7e Milli E\u011fitim M\u00fcd\u00fcrl\u00fc\u011f\u00fc i\u015fbirli\u011fi ile d\u00fczenlenen &#8220;7&#8217;den 77&#8217;ye Pendik Okuyor&#8221; kampanyas\u0131, d\u00fczenlenen farkl\u0131 etkinliklerle devam ediyor. Kampanya kapsam\u0131nda bu kez Yunus Emre K\u00fclt\u00fcr ve Sanat Merkezi&#8217;nde toplu kitap okuma program\u0131 d\u00fczenlendi. Aralar\u0131nda Sivil Toplum Kurulu\u015fu temsilcileri, \u00f6\u011fretmenler, \u00f6\u011frenciler ve i\u015f adamlar\u0131n\u0131n da bulundu\u011fu 700 ki\u015fi, Ba\u015fkan Kenan \u015eahin ile [&hellip;]<\/p>\n","protected":false},"author":1,"featured_media":0,"comment_status":"open","ping_status":"open","sticky":false,"template":"","format":"standard","meta":{"footnotes":""},"categories":[1,1495,1590],"tags":[254,154],"class_list":["post-1984","post","type-post","status-publish","format-standard","hentry","category-genel","category-kitap-okuma-aliskanligi","category-okuma-kulturu","tag-pendik-belediyesi-kutuphane-gonulluleri","tag-turkiye-okuyor"],"_links":{"self":[{"href":"https:\/\/www.bbyhaber.com\/bby\/wp-json\/wp\/v2\/posts\/1984"}],"collection":[{"href":"https:\/\/www.bbyhaber.com\/bby\/wp-json\/wp\/v2\/posts"}],"about":[{"href":"https:\/\/www.bbyhaber.com\/bby\/wp-json\/wp\/v2\/types\/post"}],"author":[{"embeddable":true,"href":"https:\/\/www.bbyhaber.com\/bby\/wp-json\/wp\/v2\/users\/1"}],"replies":[{"embeddable":true,"href":"https:\/\/www.bbyhaber.com\/bby\/wp-json\/wp\/v2\/comments?post=1984"}],"version-history":[{"count":0,"href":"https:\/\/www.bbyhaber.com\/bby\/wp-json\/wp\/v2\/posts\/1984\/revisions"}],"wp:attachment":[{"href":"https:\/\/www.bbyhaber.com\/bby\/wp-json\/wp\/v2\/media?parent=1984"}],"wp:term":[{"taxonomy":"category","embeddable":true,"href":"https:\/\/www.bbyhaber.com\/bby\/wp-json\/wp\/v2\/categories?post=1984"},{"taxonomy":"post_tag","embeddable":true,"href":"https:\/\/www.bbyhaber.com\/bby\/wp-json\/wp\/v2\/tags?post=1984"}],"curies":[{"name":"wp","href":"https:\/\/api.w.org\/{rel}","templated":true}]}}