{"id":1980,"date":"2011-12-29T19:55:23","date_gmt":"2011-12-29T19:55:23","guid":{"rendered":"http:\/\/www.bbyhaber.com\/bby\/?p=1980"},"modified":"2016-02-13T17:05:46","modified_gmt":"2016-02-13T15:05:46","slug":"kutuphane-kuran-ogrenciden-bir-adim-daha","status":"publish","type":"post","link":"https:\/\/www.bbyhaber.com\/bby\/2011\/12\/29\/kutuphane-kuran-ogrenciden-bir-adim-daha","title":{"rendered":"K\u00fct\u00fcphane Kuran \u00d6\u011frenciden Bir Ad\u0131m Daha"},"content":{"rendered":"<p style=\"text-align: justify;\">Gaziantep&#8217;te bulunan 19 ya\u015f\u0131ndaki\u00a0 Mehmet Faruk \u015eAH\u0130N.Daha \u00f6nce \u00d6mer \u00f6zmimar Anadolu \u0130mam Hatip Lisesine k\u00fct\u00fcphane kurmu\u015ftu bu seferde mahallesinde bulunan Ahmet Rufai Camii si i\u00e7in kitap kampanyas\u0131 ba\u015flatarak camiye k\u00fct\u00fcp\u00fchane kurma giri\u015fiminde bulundu.<\/p>\n<p style=\"text-align: justify;\">Camiye k\u00fct\u00fcphane kurdu<\/p>\n<p style=\"text-align: justify;\">Mehmet faruk \u015eAH\u0130N yapt\u0131\u011f\u0131 a\u00e7\u0131klamaya g\u00f6re mahallesinin k\u0131rsal kesimde bulunmas\u0131ndan , camii cematinin kitap okumaya tev\u015fi\u011fi i\u00e7in bu giri\u015fimde bulundu\u011funu\u00a0 bu sayede cematin kitap okuyarak mahallesine ve yeni nesile \u00f6rnek olaca\u011f\u0131n\u0131 ifade etti.Kampanyam\u0131za destekte bulununan il ve il\u00e7e belediyelerine ve vak\u0131flara te\u015fekk\u00fcr ettii\u011fini\u00a0 Ayriyeten \u015eAH\u0130N say\u0131n ba\u015fbakan\u0131m\u0131z Recep Tayyip ERDO\u011eAN dan kampanyas\u0131na destek bekledi\u011fini ifade etti.<!--more--><\/p>\n<p style=\"text-align: justify;\">Kurum ve vak\u0131flar kitap ba\u011f\u0131\u015f\u0131nda bulundu<\/p>\n<p style=\"text-align: justify;\">\u015eAH\u0130N in camiye k\u00fct\u00fcphane kampanyas\u0131na \u00fclkemizde bulunan bir\u00e7ok il ve il\u00e7e belediyeleri\u00a0 ve vak\u0131flar\u0131n katk\u0131da bulundu. Cami imam hatibi Fikri SANSUR cematin bu sayede kitap okumaya tev\u015fi\u011fi i\u00e7in ve mahellede yeni neslin ve ya\u015fl\u0131lar\u0131n birlikte g\u00fczel bir \u015fekilde kitap okumalar\u0131 a\u00e7\u0131s\u0131ndan g\u00fczel oldu ve \u015eAH\u0130N e te\u015fekk\u00fcr etti. Mehmet Faruk \u015eAH\u0130N in kitap kampanyas\u0131na destek etmek isteyenler f\u0131rat mah. 51 nolu cad. no 50\u00a0 Ahmet rufai Cami G.ANTEP \/ \u015eAH\u0130NBEY adresine kitap g\u00f6nderebilirler.<\/p>\n<p style=\"text-align: justify;\">Kaynak: http:\/\/www.pirsushaber.com\/<\/p>\n","protected":false},"excerpt":{"rendered":"<p>Gaziantep&#8217;te bulunan 19 ya\u015f\u0131ndaki\u00a0 Mehmet Faruk \u015eAH\u0130N.Daha \u00f6nce \u00d6mer \u00f6zmimar Anadolu \u0130mam Hatip Lisesine k\u00fct\u00fcphane kurmu\u015ftu bu seferde mahallesinde bulunan Ahmet Rufai Camii si i\u00e7in kitap kampanyas\u0131 ba\u015flatarak camiye k\u00fct\u00fcp\u00fchane kurma giri\u015fiminde bulundu. Camiye k\u00fct\u00fcphane kurdu Mehmet faruk \u015eAH\u0130N yapt\u0131\u011f\u0131 a\u00e7\u0131klamaya g\u00f6re mahallesinin k\u0131rsal kesimde bulunmas\u0131ndan , camii cematinin kitap okumaya tev\u015fi\u011fi i\u00e7in bu giri\u015fimde [&hellip;]<\/p>\n","protected":false},"author":1,"featured_media":0,"comment_status":"open","ping_status":"open","sticky":false,"template":"","format":"standard","meta":{"footnotes":""},"categories":[1],"tags":[],"class_list":["post-1980","post","type-post","status-publish","format-standard","hentry","category-genel"],"_links":{"self":[{"href":"https:\/\/www.bbyhaber.com\/bby\/wp-json\/wp\/v2\/posts\/1980"}],"collection":[{"href":"https:\/\/www.bbyhaber.com\/bby\/wp-json\/wp\/v2\/posts"}],"about":[{"href":"https:\/\/www.bbyhaber.com\/bby\/wp-json\/wp\/v2\/types\/post"}],"author":[{"embeddable":true,"href":"https:\/\/www.bbyhaber.com\/bby\/wp-json\/wp\/v2\/users\/1"}],"replies":[{"embeddable":true,"href":"https:\/\/www.bbyhaber.com\/bby\/wp-json\/wp\/v2\/comments?post=1980"}],"version-history":[{"count":0,"href":"https:\/\/www.bbyhaber.com\/bby\/wp-json\/wp\/v2\/posts\/1980\/revisions"}],"wp:attachment":[{"href":"https:\/\/www.bbyhaber.com\/bby\/wp-json\/wp\/v2\/media?parent=1980"}],"wp:term":[{"taxonomy":"category","embeddable":true,"href":"https:\/\/www.bbyhaber.com\/bby\/wp-json\/wp\/v2\/categories?post=1980"},{"taxonomy":"post_tag","embeddable":true,"href":"https:\/\/www.bbyhaber.com\/bby\/wp-json\/wp\/v2\/tags?post=1980"}],"curies":[{"name":"wp","href":"https:\/\/api.w.org\/{rel}","templated":true}]}}