{"id":1977,"date":"2011-12-29T16:00:01","date_gmt":"2011-12-29T16:00:01","guid":{"rendered":"http:\/\/www.bbyhaber.com\/bby\/?p=1977"},"modified":"2011-12-29T16:00:08","modified_gmt":"2011-12-29T16:00:08","slug":"gazikent-universitesi-bilgi-toplulugu-okuma-etkinligi","status":"publish","type":"post","link":"https:\/\/www.bbyhaber.com\/bby\/2011\/12\/29\/gazikent-universitesi-bilgi-toplulugu-okuma-etkinligi","title":{"rendered":"Gazikent \u00dcniversitesi Bilgi Toplulu\u011fu-Okuma Etkinli\u011fi"},"content":{"rendered":"<p style=\"text-align: justify;\">GAZ\u0130KENT \u00dcN\u0130VERS\u0130TES\u0130 Bilgi Toplulu\u011fu (G\u00dcB\u0130T) olarak 31\/12\/2011 Cumartesi g\u00fcn\u00fc saat 10:00 ile 13:00 aras\u0131nda Demokrasi meydan\u0131nda M\u00fctercim As\u0131m Okuma G\u00fcnleri 3. Okuma Etkinli\u011fi d\u00fczenlenecektir .&#8221;Gaziantep i Oku-yoooorum&#8221; slogan\u0131yla d\u00fczenlenecek etkinlikte amac\u0131m\u0131z:<\/p>\n<p style=\"text-align: justify;\">\u2022 Cumhurba\u015fkanl\u0131\u011f\u0131 destekli \u201cT\u00fcrkiye Okuyor\u201d kampanyas\u0131na destek vermek<br \/>\n\u2022 \u201cGazikent Okuyor\u201d kampanyas\u0131n\u0131 ba\u015flatmak,<br \/>\n\u2022 Gaziantep&#8217;te ba\u015flat\u0131lan e\u011fitim seferberli\u011fine destek vermek. Ba\u015flat\u0131lan &#8220;bir tu\u011flada sen koy&#8221; kampanyas\u0131nda &#8220;tu\u011flan\u0131n harc\u0131 olmak&#8221; (e\u011fitimin temeli, harc\u0131 okumakt\u0131r)<br \/>\n\u2022 Okuman\u0131n \u00f6nemine dikkat \u00e7ekmek, okuma al\u0131\u015fkanl\u0131\u011f\u0131 kazand\u0131rmak.<br \/>\n\u2022 Kul\u00fcplerde sosyal sorumluluk bilinci, kul\u00fcpler aras\u0131 i\u015fbirli\u011fi ve \u00f6\u011frencilerde \u00f6zg\u00fcven olu\u015fturmak.<br \/>\n\u2022 Gaziantep\u2019in tan\u0131t\u0131m\u0131na katk\u0131 sa\u011flamak.<br \/>\n\u2022 \u00dcniversite ve k\u00fct\u00fcphane tan\u0131t\u0131m\u0131na katk\u0131 sa\u011flamak.<br \/>\n\u2022 Topluma hizmet<\/p>\n<p style=\"text-align: justify;\">ETK\u0130NL\u0130K FAAL\u0130YET\u0130 :<\/p>\n<p style=\"text-align: justify;\">\u2022 10.00 -11.00 Etkinlik i\u00e7in gelen veya yak\u0131nlar\u0131ndan ge\u00e7en vatanda\u015flara \u00fcniversitemiz promosyon \u00fcr\u00fcnleri, etkinlik afi\u015fi ve Gaziantep k\u00fclt\u00fcr envanteri da\u011f\u0131t\u0131m\u0131 yap\u0131lacak,<br \/>\n\u2022 10.00-12.00 Davetli yazar ya\u015fayan tarih Abdullah Edip \u00c7it\u00e7i ile Gaziantep\u2019le ilgili s\u00f6yle\u015fi yap\u0131lacak.<br \/>\n\u2022 12.00-13.00 T\u00fcm kat\u0131l\u0131mc\u0131larla beraber 1 saat boyunca \u201cGaziantep Me\u015fhurlar\u0131\u201d adl\u0131 kitap okunacak.<\/p>\n<p style=\"text-align: justify;\">Kaynak: <a href=\"http:\/\/www.facebook.com\/pages\/Gazikent-%C3%9Cniversitesi-Bilgi-Toplulu%C4%9Fu\/288253844559729\" target=\"_blank\">Gazikent \u00dcniversitesi Bilgi Toplulu\u011fu-Facebook<\/a><\/p>\n","protected":false},"excerpt":{"rendered":"<p>GAZ\u0130KENT \u00dcN\u0130VERS\u0130TES\u0130 Bilgi Toplulu\u011fu (G\u00dcB\u0130T) olarak 31\/12\/2011 Cumartesi g\u00fcn\u00fc saat 10:00 ile 13:00 aras\u0131nda Demokrasi meydan\u0131nda M\u00fctercim As\u0131m Okuma G\u00fcnleri 3. Okuma Etkinli\u011fi d\u00fczenlenecektir .&#8221;Gaziantep i Oku-yoooorum&#8221; slogan\u0131yla d\u00fczenlenecek etkinlikte amac\u0131m\u0131z: \u2022 Cumhurba\u015fkanl\u0131\u011f\u0131 destekli \u201cT\u00fcrkiye Okuyor\u201d kampanyas\u0131na destek vermek \u2022 \u201cGazikent Okuyor\u201d kampanyas\u0131n\u0131 ba\u015flatmak, \u2022 Gaziantep&#8217;te ba\u015flat\u0131lan e\u011fitim seferberli\u011fine destek vermek. Ba\u015flat\u0131lan &#8220;bir tu\u011flada sen [&hellip;]<\/p>\n","protected":false},"author":1,"featured_media":0,"comment_status":"open","ping_status":"open","sticky":false,"template":"","format":"standard","meta":{"footnotes":""},"categories":[1,1495,1496,1590],"tags":[154],"class_list":["post-1977","post","type-post","status-publish","format-standard","hentry","category-genel","category-kitap-okuma-aliskanligi","category-kitap-okuma-etkinligi","category-okuma-kulturu","tag-turkiye-okuyor"],"_links":{"self":[{"href":"https:\/\/www.bbyhaber.com\/bby\/wp-json\/wp\/v2\/posts\/1977"}],"collection":[{"href":"https:\/\/www.bbyhaber.com\/bby\/wp-json\/wp\/v2\/posts"}],"about":[{"href":"https:\/\/www.bbyhaber.com\/bby\/wp-json\/wp\/v2\/types\/post"}],"author":[{"embeddable":true,"href":"https:\/\/www.bbyhaber.com\/bby\/wp-json\/wp\/v2\/users\/1"}],"replies":[{"embeddable":true,"href":"https:\/\/www.bbyhaber.com\/bby\/wp-json\/wp\/v2\/comments?post=1977"}],"version-history":[{"count":0,"href":"https:\/\/www.bbyhaber.com\/bby\/wp-json\/wp\/v2\/posts\/1977\/revisions"}],"wp:attachment":[{"href":"https:\/\/www.bbyhaber.com\/bby\/wp-json\/wp\/v2\/media?parent=1977"}],"wp:term":[{"taxonomy":"category","embeddable":true,"href":"https:\/\/www.bbyhaber.com\/bby\/wp-json\/wp\/v2\/categories?post=1977"},{"taxonomy":"post_tag","embeddable":true,"href":"https:\/\/www.bbyhaber.com\/bby\/wp-json\/wp\/v2\/tags?post=1977"}],"curies":[{"name":"wp","href":"https:\/\/api.w.org\/{rel}","templated":true}]}}