{"id":19753,"date":"2016-09-05T11:10:30","date_gmt":"2016-09-05T08:10:30","guid":{"rendered":"http:\/\/www.bbyhaber.com\/bby\/?p=19753"},"modified":"2016-09-22T23:05:31","modified_gmt":"2016-09-22T20:05:31","slug":"bby-oypli-meslektaslarimiz-50d-statusune-gecirildi-oyp50d","status":"publish","type":"post","link":"https:\/\/www.bbyhaber.com\/bby\/2016\/09\/05\/bby-oypli-meslektaslarimiz-50d-statusune-gecirildi-oyp50d","title":{"rendered":"BBY \u00d6YP&#8217;li meslekta\u015flar\u0131m\u0131z 50\/d Stat\u00fcs\u00fcne Ge\u00e7irildi #\u00f6yp50d"},"content":{"rendered":"<p style=\"text-align: justify;\">\n<img loading=\"lazy\" decoding=\"async\" class=\"alignleft wp-image-19763 size-medium\" src=\"http:\/\/www.bbyhaber.com\/bby\/wp-content\/uploads\/2016\/09\/timthumb-300x156.jpg\" alt=\"timthumb\" width=\"300\" height=\"156\" srcset=\"https:\/\/www.bbyhaber.com\/bby\/wp-content\/uploads\/2016\/09\/timthumb-300x156.jpg 300w, https:\/\/www.bbyhaber.com\/bby\/wp-content\/uploads\/2016\/09\/timthumb.jpg 628w\" sizes=\"(max-width: 300px) 100vw, 300px\" \/>OHAL kapsam\u0131nda \u00e7\u0131kar\u0131lan 674 say\u0131l\u0131 Kanun H\u00fckm\u00fcnde Kararname ile 2547 say\u0131l\u0131 Y\u00fcksek\u00f6\u011fretim Kanununa eklenen EK 30.madde ile halen ilgili kanunun 33\/a maddesi <strong>\u00d6\u011fretim \u00dcyesi Yeti\u015ftirme Program\u0131 (\u00d6YP)<\/strong> kapsam\u0131nda atanan ara\u015ft\u0131rma g\u00f6revlilerinin stat\u00fcleri herhangi bir i\u015fleme gerek kalmaks\u0131z\u0131n ayn\u0131 kanunun 50\/d maddesi kapsam\u0131na al\u0131nd\u0131.<!--more--><\/p>\n<p style=\"text-align: justify;\"><strong>\u00d6YP&#8217;liler, doktora bitince akademisyenlerin ili\u015fkisinin \u00fcniversiteyle kesilmesi anlam\u0131na gelen 50\/d stat\u00fcs\u00fcne b\u00fcy\u00fck tepki g\u00f6steriyor.<\/strong> Bir\u00e7ok internet sitesinde ve sosyal medyada konuyu tart\u0131\u015fan ve tepkilerini dile getiren akademisyenler, yanl\u0131\u015ftan d\u00f6n\u00fclmesini istiyor.<\/p>\n<p style=\"text-align: justify;\">Bu ma\u011fduriyeti ya\u015fayanlar aras\u0131nda <span style=\"color: #0000ff;\"><a style=\"color: #0000ff;\" href=\"http:\/\/www.bbyhaber.com\/bby\/bbysinavlar\/bby-oyp\/\" target=\"_blank\">meslekta\u015flar\u0131m\u0131z<\/a><\/span>da bulunmaktad\u0131r. Ya\u015fanan bu ma\u011fduriyetlerini <span style=\"color: #0000ff;\"><s>#<\/s><b><strong>\u00f6yp50d <\/strong><\/b><span style=\"color: #000000;\">hashtagi ile dile getirmektedirler.<br \/>\n<\/span><\/span><br \/>\n<iframe loading=\"lazy\" src=\"https:\/\/www.youtube.com\/embed\/-gm4QESZ8f4\" width=\"560\" height=\"315\" frameborder=\"0\" allowfullscreen=\"allowfullscreen\"><\/iframe><\/p>\n<p style=\"text-align: justify;\">2547 say\u0131l\u0131 Kanunun 33\/a maddesi ile 50\/d maddesi aras\u0131ndaki farklar a\u015fa\u011f\u0131daki gibidir (Kaynak:<strong><em><a href=\"http:\/\/www.akademikadro.net\/\" target=\"_blank\">akademikadro.net<\/a><\/em><\/strong>):<\/p>\n<p style=\"text-align: justify;\">2547 say\u0131l\u0131 Y\u00fcksek\u00f6\u011fretim Kanununun 33\/a maddesinde; \u201cAra\u015ft\u0131rma g\u00f6revlileri, y\u00fcksek\u00f6\u011fretim kurumlar\u0131nda yap\u0131lan ara\u015ft\u0131rma, inceleme ve deneylerde yard\u0131mc\u0131 olan ve yetkili organlarca verilen ilgili di\u011fer g\u00f6revleri yapan \u00f6\u011fretim yard\u0131mc\u0131lar\u0131d\u0131r. Bunlar ilgili anabilim veya anasanat dal\u0131 ba\u015fkanlar\u0131n\u0131n \u00f6nerisi, B\u00f6l\u00fcm Ba\u015fkan\u0131, Dekan, enstit\u00fc, y\u00fcksekokul veya konservatuvar m\u00fcd\u00fcr\u00fcn\u00fcn olumlu g\u00f6r\u00fc\u015f\u00fc \u00fczerine rekt\u00f6r\u00fcn onay\u0131 ile ara\u015ft\u0131rma g\u00f6revlisi kadrolar\u0131na en \u00e7ok \u00fc\u00e7 y\u0131l s\u00fcre ile atan\u0131rlar; atanma s\u00fcresi sonunda g\u00f6revleri kendili\u011finden sona erer. Bunlar ayn\u0131 usulle yeniden atanabilirler.\u201d h\u00fckm\u00fc yer almaktad\u0131r.<\/p>\n<p style=\"text-align: justify;\">Ayn\u0131 yasan\u0131n 50\/d maddesinde ise, \u201cLisans\u00fcst\u00fc \u00f6\u011fretim yapan \u00f6\u011frenciler, kendilerine tahsis edilebilecek burslardan yararlanabilecekleri gibi, her defas\u0131nda bir y\u0131l i\u00e7in olmak \u00fczere \u00f6\u011fretim yard\u0131mc\u0131l\u0131\u011f\u0131 kadrolar\u0131ndan birine de atanabilirler.\u201d ifadesi yer alm\u0131\u015ft\u0131r.<\/p>\n<p style=\"text-align: justify;\">Ara\u015ft\u0131rma g\u00f6revlilerinin iki farkl\u0131 usulde atanmas\u0131n\u0131 d\u00fczenleyen maddeleri de\u011ferlendirdi\u011fimizde, 33\/a\u2019ya tabi olan ara\u015ft\u0131rma g\u00f6revlilerinin her seferinde en \u00e7ok \u00fc\u00e7 y\u0131l s\u00fcre ile yeniden atanabildikleri, 50\/d\u2019ye tabi olanlar\u0131n ise her defas\u0131nda bir y\u0131l i\u00e7in olmak \u00fczere lisans\u00fcst\u00fc e\u011fitimleri s\u00fcresince atand\u0131klar\u0131 ve e\u011fitimleri bitti\u011finde ili\u015fiklerinin kesildi\u011fi anla\u015f\u0131lmaktad\u0131r.<\/p>\n<p style=\"text-align: justify;\">2010 y\u0131l\u0131ndan bug\u00fcne kadar \u00d6\u011fretim \u00dcyesi Yeti\u015ftirme Program\u0131 (\u00d6YP) kapsam\u0131nda atanarak sisteme dahil olan tahmini 10000 civar\u0131nda ara\u015ft\u0131rma g\u00f6revlisi 2547 say\u0131l\u0131 Kanunun 33\/a maddesine g\u00f6re gayet \u015feffaf bir sistemle \u00fc\u00e7 farkl\u0131 notun belirli bir d\u00fczeyde ortalamalar\u0131 al\u0131narak atanmaktayd\u0131lar. Ancak, \u00fclkemizde ya\u015fanan darbe giri\u015fimi sonras\u0131 \u00d6YP kapsam\u0131nda atanan ara\u015ft\u0131rma g\u00f6revlilerinin sanki tamam\u0131n\u0131n FET\u00d6 \u00fcyesi olduklar\u0131 gibi bir alg\u0131 olu\u015fturulmu\u015f ve 674 say\u0131l\u0131 KHK ile \u00d6YP\u2019li ara\u015ft\u0131rma g\u00f6revlileri 2547 say\u0131l\u0131 kanunun 33\/a maddesinden 50\/d stat\u00fcs\u00fcne ge\u00e7irilmi\u015f ve kadro g\u00fcvenceleri ellerinden al\u0131nm\u0131\u015ft\u0131r.<\/p>\n<p style=\"text-align: justify;\">Burada d\u00fczenleme yap\u0131l\u0131rken hi\u00e7bir ayr\u0131m g\u00f6sterilmemesi ve t\u00fcm \u00d6YP\u2019li ara\u015ft\u0131rma g\u00f6revlilerinin kadro g\u00fcvencelerinin al\u0131nmas\u0131 hukuka uygun de\u011fildir. \u00c7\u00fcnk\u00fc, mahkeme karar\u0131yla s\u0131nav sorular\u0131n\u0131n bir\u00e7ok ki\u015fiye s\u0131zd\u0131r\u0131ld\u0131\u011f\u0131 tespit edilen KPSS Genel Yetenek-Genel K\u00fclt\u00fcr s\u0131nav\u0131nda bile h\u00fck\u00fcmet 670 say\u0131l\u0131 KHK ile s\u0131nav sorular\u0131n\u0131 ve\/veya cevaplar\u0131n\u0131 hukuka ayk\u0131r\u0131 bir \u015fekilde s\u0131nav \u00f6ncesinde ya da s\u0131nav s\u0131ras\u0131nda elde etti\u011fi tespit edilen ki\u015filerin atamalar\u0131n\u0131n iptal edilmesine y\u00f6nelik d\u00fczenleme yapm\u0131\u015ft\u0131r.<\/p>\n<p style=\"text-align: justify;\">Bu \u00e7er\u00e7evede, bu yasal d\u00fczenlemenin yap\u0131lmas\u0131ndaki esas ama\u00e7 ALES ve YDS sorular\u0131n\u0131 s\u0131zd\u0131rarak \u00d6YP kapsam\u0131nda atanan ara\u015ft\u0131rma g\u00f6revlilerini \u00fcniversitelerden temizlemekse \u015fayet bunun \u00e7\u00f6z\u00fcm\u00fc b\u00fct\u00fcn \u00d6YP\u2019lilerin 50\/d\u2019ye ge\u00e7irilmesi de\u011fildir. Bunun yolu t\u00fcm \u00d6YP ara\u015ft\u0131rma g\u00f6revlilerinin durumlar\u0131n\u0131n tek tek \u00fcniversitelerince incelenmesi ve FET\u00d6 ile irtibatl\u0131 oldu\u011fu tespit edilenlerin akademiden temizlenmesidir. Di\u011fer masum ve aln\u0131n\u0131n teriyle \u00fcniversite kadrolar\u0131na zar zor girebilen \u00d6YP\u2019lilerin vebaline girilmemelidir.<\/p>\n<p style=\"text-align: justify;\">Ayr\u0131ca, \u00d6YP sistemi i\u00e7erisinde bir\u00e7ok farkl\u0131 kriterde olan ara\u015ft\u0131rma g\u00f6revlileri bulunmaktad\u0131r. Bunlar:<\/p>\n<p style=\"text-align: justify;\">1- Dil e\u011fitiminde olanlar,<\/p>\n<p style=\"text-align: justify;\">2-Dil e\u011fitimini ge\u00e7ip Y\u00d6K\u2019\u00fcn kontenjan ilan etmesini bekleyenler,<\/p>\n<p style=\"text-align: justify;\">3-Dili ge\u00e7emeyip g\u00f6rev s\u00fcresi i\u00e7erisinde ge\u00e7meyi bekleyenler,<\/p>\n<p style=\"text-align: justify;\">4-\u00dcniversitesinde y\u00fcksek lisans\/doktora program\u0131 olmad\u0131\u011f\u0131 i\u00e7in 2547 say\u0131l\u0131 Kanunun 35 inci maddesi uyar\u0131nca ba\u015fka bir \u00fcniversiteye g\u00f6revlendirilenler,<\/p>\n<p style=\"text-align: justify;\">5-\u00dcniversitesinde y\u00fcksek lisans\/doktora yapanlar,<\/p>\n<p style=\"text-align: justify;\">6-Y\u00fcksek Lisans e\u011fitimi bitti\u011fi i\u00e7in Y\u00d6K\u2019\u00fcn kontenjan ilan etmesini bekleyenler,<\/p>\n<p style=\"text-align: justify;\">7-Doktora e\u011fitimi bitti\u011fi i\u00e7in kadrosunun bulundu\u011fu \u00fcniversiteye d\u00f6n\u00fc\u015f s\u00fcresince olanlar<\/p>\n<p style=\"text-align: justify;\">8-Doktora e\u011fitimini bitirip \u00fcniversitesinde Ar\u015f.G\u00f6r.Dr olarak g\u00f6rev yapanlar.<\/p>\n<p style=\"text-align: justify;\">G\u00f6r\u00fcld\u00fc\u011f\u00fc gibi sayabildi\u011fimiz sekiz farkl\u0131 durumda olan \u00d6YP ara\u015ft\u0131rma g\u00f6revlileri bu sistem i\u00e7erisinde g\u00f6rev yapmakta olup, bu kadar farkl\u0131 durumda olan ki\u015filerin tek maddelik bir d\u00fczenlemeyle hayatlar\u0131 alt \u00fcst olmu\u015ftur.<\/p>\n","protected":false},"excerpt":{"rendered":"<p>OHAL kapsam\u0131nda \u00e7\u0131kar\u0131lan 674 say\u0131l\u0131 Kanun H\u00fckm\u00fcnde Kararname ile 2547 say\u0131l\u0131 Y\u00fcksek\u00f6\u011fretim Kanununa eklenen EK 30.madde ile halen ilgili kanunun 33\/a maddesi \u00d6\u011fretim \u00dcyesi Yeti\u015ftirme Program\u0131 (\u00d6YP) kapsam\u0131nda atanan ara\u015ft\u0131rma g\u00f6revlilerinin stat\u00fcleri herhangi bir i\u015fleme gerek kalmaks\u0131z\u0131n ayn\u0131 kanunun 50\/d maddesi kapsam\u0131na al\u0131nd\u0131.<\/p>\n","protected":false},"author":1,"featured_media":19763,"comment_status":"open","ping_status":"open","sticky":false,"template":"","format":"standard","meta":{"footnotes":""},"categories":[1547,1],"tags":[1397],"class_list":["post-19753","post","type-post","status-publish","format-standard","has-post-thumbnail","hentry","category-bby-oyp","category-genel","tag-bby-oyp-3"],"_links":{"self":[{"href":"https:\/\/www.bbyhaber.com\/bby\/wp-json\/wp\/v2\/posts\/19753"}],"collection":[{"href":"https:\/\/www.bbyhaber.com\/bby\/wp-json\/wp\/v2\/posts"}],"about":[{"href":"https:\/\/www.bbyhaber.com\/bby\/wp-json\/wp\/v2\/types\/post"}],"author":[{"embeddable":true,"href":"https:\/\/www.bbyhaber.com\/bby\/wp-json\/wp\/v2\/users\/1"}],"replies":[{"embeddable":true,"href":"https:\/\/www.bbyhaber.com\/bby\/wp-json\/wp\/v2\/comments?post=19753"}],"version-history":[{"count":0,"href":"https:\/\/www.bbyhaber.com\/bby\/wp-json\/wp\/v2\/posts\/19753\/revisions"}],"wp:featuredmedia":[{"embeddable":true,"href":"https:\/\/www.bbyhaber.com\/bby\/wp-json\/"}],"wp:attachment":[{"href":"https:\/\/www.bbyhaber.com\/bby\/wp-json\/wp\/v2\/media?parent=19753"}],"wp:term":[{"taxonomy":"category","embeddable":true,"href":"https:\/\/www.bbyhaber.com\/bby\/wp-json\/wp\/v2\/categories?post=19753"},{"taxonomy":"post_tag","embeddable":true,"href":"https:\/\/www.bbyhaber.com\/bby\/wp-json\/wp\/v2\/tags?post=19753"}],"curies":[{"name":"wp","href":"https:\/\/api.w.org\/{rel}","templated":true}]}}