{"id":1969,"date":"2011-12-28T20:19:13","date_gmt":"2011-12-28T20:19:13","guid":{"rendered":"http:\/\/www.bbyhaber.com\/bby\/?p=1969"},"modified":"2012-05-30T13:17:24","modified_gmt":"2012-05-30T13:17:24","slug":"aralik-ilcesine-gezici-halk-kutuphanesi-igdir","status":"publish","type":"post","link":"https:\/\/www.bbyhaber.com\/bby\/2011\/12\/28\/aralik-ilcesine-gezici-halk-kutuphanesi-igdir","title":{"rendered":"Aral\u0131k \u0130l\u00e7esine Gezici Halk K\u00fct\u00fcphanesi-I\u011fd\u0131r"},"content":{"rendered":"<p style=\"text-align: justify;\">A\u00e7\u0131l\u0131\u015f t\u00f6renine; I\u011fd\u0131r Valisi Amir \u00c7i\u00e7ek, \u0130l \u00d6zel \u0130daresi Genel Sekreteri Ferhat Akku\u015f, Aral\u0131k Kaymakam\u0131 Mehmet Fatih \u00c7i\u00e7ekli, Yazar Sadettin Kaplan ve kurum amirleri ile \u00f6\u011frenciler kat\u0131ld\u0131. K\u00fct\u00fcphane ile ilgili bilgi veren Aral\u0131k Kaymakam\u0131 Mehmet Fatih \u00c7i\u00e7ekli, okuma al\u0131\u015fkanl\u0131\u011f\u0131n\u0131n kazand\u0131r\u0131lmas\u0131 amac\u0131yla vatanda\u015flar\u0131n ve \u00f6\u011frencilerin ayaklar\u0131na kadar gidilmesi i\u00e7in olu\u015fturulan gezici k\u00fct\u00fcphanede; bilim teknik, ara\u015ft\u0131rma inceleme, hikaye, roman ve edebiyat t\u00fcr\u00fcnde binlerce \u00e7e\u015fit kitap bulunduruldu\u011funu belirtti.<!--more--><\/p>\n<p style=\"text-align: justify;\">K\u00fct\u00fcphanenin a\u00e7\u0131l\u0131\u015f kurdelesini kat\u0131l\u0131mc\u0131lar ve \u00f6\u011frencilere birlikte kesen Vali Amir \u00c7i\u00e7ek ise, \u00f6zellikle baz\u0131 k\u00f6yler ve uzaktaki yerle\u015fim yerlerinde e\u011fitim g\u00f6ren \u00f6\u011frenci ve vatanda\u015flara kitap okuma al\u0131\u015fkanl\u0131\u011f\u0131 kazand\u0131rmak i\u00e7in b\u00f6yle gezici k\u00fct\u00fcphanelere ihtiya\u00e7 oldu\u011funa dikkat \u00e7ekti. \u00c7i\u00e7ek, &#8220;Bu k\u00fct\u00fcphane uygulamas\u0131 ile daha \u00e7ok okuyan, ba\u015far\u0131l\u0131 bir toplum yeti\u015ftirmeyi hedefliyoruz&#8221; dedi.<\/p>\n<p>Kaynak: http:\/\/www.tarsusonline.com<\/p>\n","protected":false},"excerpt":{"rendered":"<p>A\u00e7\u0131l\u0131\u015f t\u00f6renine; I\u011fd\u0131r Valisi Amir \u00c7i\u00e7ek, \u0130l \u00d6zel \u0130daresi Genel Sekreteri Ferhat Akku\u015f, Aral\u0131k Kaymakam\u0131 Mehmet Fatih \u00c7i\u00e7ekli, Yazar Sadettin Kaplan ve kurum amirleri ile \u00f6\u011frenciler kat\u0131ld\u0131. K\u00fct\u00fcphane ile ilgili bilgi veren Aral\u0131k Kaymakam\u0131 Mehmet Fatih \u00c7i\u00e7ekli, okuma al\u0131\u015fkanl\u0131\u011f\u0131n\u0131n kazand\u0131r\u0131lmas\u0131 amac\u0131yla vatanda\u015flar\u0131n ve \u00f6\u011frencilerin ayaklar\u0131na kadar gidilmesi i\u00e7in olu\u015fturulan gezici k\u00fct\u00fcphanede; bilim teknik, ara\u015ft\u0131rma inceleme, [&hellip;]<\/p>\n","protected":false},"author":1,"featured_media":0,"comment_status":"open","ping_status":"open","sticky":false,"template":"","format":"standard","meta":{"footnotes":""},"categories":[1486],"tags":[1440],"class_list":["post-1969","post","type-post","status-publish","format-standard","hentry","category-gezici-kutuphane","tag-gezici-kutuphaneler"],"_links":{"self":[{"href":"https:\/\/www.bbyhaber.com\/bby\/wp-json\/wp\/v2\/posts\/1969"}],"collection":[{"href":"https:\/\/www.bbyhaber.com\/bby\/wp-json\/wp\/v2\/posts"}],"about":[{"href":"https:\/\/www.bbyhaber.com\/bby\/wp-json\/wp\/v2\/types\/post"}],"author":[{"embeddable":true,"href":"https:\/\/www.bbyhaber.com\/bby\/wp-json\/wp\/v2\/users\/1"}],"replies":[{"embeddable":true,"href":"https:\/\/www.bbyhaber.com\/bby\/wp-json\/wp\/v2\/comments?post=1969"}],"version-history":[{"count":0,"href":"https:\/\/www.bbyhaber.com\/bby\/wp-json\/wp\/v2\/posts\/1969\/revisions"}],"wp:attachment":[{"href":"https:\/\/www.bbyhaber.com\/bby\/wp-json\/wp\/v2\/media?parent=1969"}],"wp:term":[{"taxonomy":"category","embeddable":true,"href":"https:\/\/www.bbyhaber.com\/bby\/wp-json\/wp\/v2\/categories?post=1969"},{"taxonomy":"post_tag","embeddable":true,"href":"https:\/\/www.bbyhaber.com\/bby\/wp-json\/wp\/v2\/tags?post=1969"}],"curies":[{"name":"wp","href":"https:\/\/api.w.org\/{rel}","templated":true}]}}