{"id":19680,"date":"2016-08-23T09:18:51","date_gmt":"2016-08-23T06:18:51","guid":{"rendered":"http:\/\/www.bbyhaber.com\/bby\/?p=19680"},"modified":"2016-09-18T19:30:09","modified_gmt":"2016-09-18T16:30:09","slug":"manisaya-5-milyon-liralik-kutuphane","status":"publish","type":"post","link":"https:\/\/www.bbyhaber.com\/bby\/2016\/08\/23\/manisaya-5-milyon-liralik-kutuphane","title":{"rendered":"Manisa&#8217;ya 5 milyon liral\u0131k k\u00fct\u00fcphane"},"content":{"rendered":"<p style=\"text-align: justify;\"><img loading=\"lazy\" decoding=\"async\" class=\"alignleft\" src=\"http:\/\/i.hurimg.com\/i\/hurriyet\/90\/620x350\/57b44b55eb10bb1808a65ea3.jpg\" width=\"265\" height=\"150\" \/>K\u00fclt\u00fcr ve Turizm Bakanl\u0131\u011f\u0131 taraf\u0131ndan Manisa Gar\u0131 yan\u0131ndaki \u015eehzadeler Belediyesi \u015fantiye alan\u0131na k\u00fct\u00fcphane yap\u0131lmas\u0131 i\u00e7in \u00e7al\u0131\u015fmalara ba\u015fland\u0131. K\u00fct\u00fcphane yakla\u015f\u0131k olarak 5 milyon TL&#8217;ye mal olacak. Yap\u0131m\u0131n\u0131n tamamlanmas\u0131n\u0131n ard\u0131ndan \u015eehzadeler \u0130l\u00e7esi&#8217;nin yan\u0131 s\u0131ra Yunusemre \u0130l\u00e7esi&#8217;ne hizmet verecek olan k\u00fct\u00fcphane binas\u0131 i\u00e7erisinde \u00e7ocuk b\u00f6l\u00fcmleri ve konferans salonlar\u0131 yer alacak.<!--more--><\/p>\n<p style=\"text-align: justify;\">\u0130l K\u00fclt\u00fcr ve Turizm M\u00fcd\u00fcrl\u00fc\u011f\u00fc yetkililerince proje takibi yap\u0131lan k\u00fct\u00fcphane, Bakanl\u0131k onay\u0131n\u0131n ard\u0131ndan 2017 yat\u0131r\u0131mlar\u0131 aras\u0131na al\u0131nacak. Yakla\u015f\u0131k olarak 5 milyon TL&#8217;ye mal olmas\u0131 beklenen k\u00fct\u00fcphane 2 bin metrekare alan \u00fczerine 4 katl\u0131 in\u015fa edilecek.<\/p>\n<p style=\"text-align: justify;\">Kaynak:http:\/\/www.hurriyet.com.tr\/<\/p>\n","protected":false},"excerpt":{"rendered":"<p>K\u00fclt\u00fcr ve Turizm Bakanl\u0131\u011f\u0131 taraf\u0131ndan Manisa Gar\u0131 yan\u0131ndaki \u015eehzadeler Belediyesi \u015fantiye alan\u0131na k\u00fct\u00fcphane yap\u0131lmas\u0131 i\u00e7in \u00e7al\u0131\u015fmalara ba\u015fland\u0131. K\u00fct\u00fcphane yakla\u015f\u0131k olarak 5 milyon TL&#8217;ye mal olacak. Yap\u0131m\u0131n\u0131n tamamlanmas\u0131n\u0131n ard\u0131ndan \u015eehzadeler \u0130l\u00e7esi&#8217;nin yan\u0131 s\u0131ra Yunusemre \u0130l\u00e7esi&#8217;ne hizmet verecek olan k\u00fct\u00fcphane binas\u0131 i\u00e7erisinde \u00e7ocuk b\u00f6l\u00fcmleri ve konferans salonlar\u0131 yer alacak.<\/p>\n","protected":false},"author":1,"featured_media":19776,"comment_status":"open","ping_status":"open","sticky":false,"template":"","format":"standard","meta":{"footnotes":""},"categories":[1],"tags":[],"class_list":["post-19680","post","type-post","status-publish","format-standard","has-post-thumbnail","hentry","category-genel"],"_links":{"self":[{"href":"https:\/\/www.bbyhaber.com\/bby\/wp-json\/wp\/v2\/posts\/19680"}],"collection":[{"href":"https:\/\/www.bbyhaber.com\/bby\/wp-json\/wp\/v2\/posts"}],"about":[{"href":"https:\/\/www.bbyhaber.com\/bby\/wp-json\/wp\/v2\/types\/post"}],"author":[{"embeddable":true,"href":"https:\/\/www.bbyhaber.com\/bby\/wp-json\/wp\/v2\/users\/1"}],"replies":[{"embeddable":true,"href":"https:\/\/www.bbyhaber.com\/bby\/wp-json\/wp\/v2\/comments?post=19680"}],"version-history":[{"count":0,"href":"https:\/\/www.bbyhaber.com\/bby\/wp-json\/wp\/v2\/posts\/19680\/revisions"}],"wp:featuredmedia":[{"embeddable":true,"href":"https:\/\/www.bbyhaber.com\/bby\/wp-json\/"}],"wp:attachment":[{"href":"https:\/\/www.bbyhaber.com\/bby\/wp-json\/wp\/v2\/media?parent=19680"}],"wp:term":[{"taxonomy":"category","embeddable":true,"href":"https:\/\/www.bbyhaber.com\/bby\/wp-json\/wp\/v2\/categories?post=19680"},{"taxonomy":"post_tag","embeddable":true,"href":"https:\/\/www.bbyhaber.com\/bby\/wp-json\/wp\/v2\/tags?post=19680"}],"curies":[{"name":"wp","href":"https:\/\/api.w.org\/{rel}","templated":true}]}}