{"id":19676,"date":"2016-08-23T01:31:20","date_gmt":"2016-08-22T22:31:20","guid":{"rendered":"http:\/\/www.bbyhaber.com\/bby\/?p=19676"},"modified":"2016-09-18T19:23:30","modified_gmt":"2016-09-18T16:23:30","slug":"umurbeyde-halk-kutuphanesi-acildi","status":"publish","type":"post","link":"https:\/\/www.bbyhaber.com\/bby\/2016\/08\/23\/umurbeyde-halk-kutuphanesi-acildi","title":{"rendered":"Umurbey&#8217;de Halk K\u00fct\u00fcphanesi A\u00e7\u0131ld\u0131"},"content":{"rendered":"<p style=\"text-align: justify;\"><img loading=\"lazy\" decoding=\"async\" class=\"alignleft wp-image-19677\" src=\"http:\/\/bbyhaber.com\/bby\/wp-content\/uploads\/2016\/08\/umurbeyde-halk-kutuphanesi-acildi.jpeg\" alt=\"Umurbey&#96;de_Halk_K\u00fct\u00fcphanesi_A\u00e7\u0131ld\u0131[1]\" width=\"145\" height=\"111\" \/>Umurbey&#8217;de yeniden d\u00fczenlenen k\u00fct\u00fcphane, \u00c7anakkale Valisi Hamza Erkal&#8217;\u0131n da kat\u0131ld\u0131\u011f\u0131 t\u00f6renle a\u00e7\u0131ld\u0131. Erkal, t\u00f6rende \u00e7ocuklarla bulu\u015fup, &#8216;Bu mekan\u0131 g\u00fczel k\u0131lan ve y\u00fccelten sizlersiniz, buras\u0131 ayn\u0131 zamanda bir et\u00fct merkezi g\u00f6revi \u00fcstleniyor.&#8217; dedi.<!--more--> \u00c7ocuklara bol bol kitap okumalar\u0131 konusunda tavsiyede bulunan Erkal, &#8216;Umurbey, \u00c7anakkale&#8217;nin en g\u00fczel beldelerinden birisi. Beldenin ayr\u0131ca \u00e7ok kadim bir tarihi var. Osmanl\u0131 ve Osmanl\u0131 \u00f6ncesinde buras\u0131 yerle\u015fim alan\u0131<br \/>\nolmu\u015f.&#8217; diye konu\u015ftu.<\/p>\n<p style=\"text-align: justify;\">\u0130l Halk K\u00fct\u00fcphanesi M\u00fcd\u00fcr\u00fc Osman Zeki Co\u015far ise k\u00fct\u00fcphane binas\u0131yla ilgili bilgi verdi. Co\u015far, m\u00fclkiyeti K\u00fclt\u00fcr ve Turizm Bakanl\u0131\u011f\u0131&#8217;na ait olan k\u00fct\u00fcphanenin 1968 y\u0131l\u0131nda kuruldu\u011funa i\u015faret ederek, \u015funlar\u0131 s\u00f6yledi:<\/p>\n<p style=\"text-align: justify;\">&#8216;Gerek tadilat sorunu, gerek personel eksikli\u011finden kaynakl\u0131 hizmette aksakl\u0131klar ya\u015fanm\u0131\u015ft\u0131. En son 2010 y\u0131l\u0131nda binan\u0131n rutubet sorunu y\u00fcz\u00fcnden t\u00fcm kitaplar\u0131n\u0131 kaybeden k\u00fct\u00fcphane, o y\u0131llardan beri ge\u00e7ici olarak kapal\u0131yd\u0131. 2015 y\u0131l\u0131nda ihale s\u00fcreci tamamland\u0131ktan sonra i\u00e7 mekan, bah\u00e7e ve \u00e7at\u0131 onar\u0131m\u0131 g\u00f6ren k\u00fct\u00fcphaneye ayn\u0131 zamanda koleksiyonuna 3 bin 500 kitap ve dergi eklenerek yenilendi.&#8217;<\/p>\n<p style=\"text-align: justify;\">Konu\u015fmalar\u0131n ard\u0131ndan k\u00fct\u00fcphanenin a\u00e7\u0131l\u0131\u015f\u0131 yap\u0131ld\u0131. T\u00f6rene, Lapseki Kaymakam\u0131 Tahir \u015eahin, Belediye Ba\u015fkan\u0131 Ey\u00fcp Y\u0131lmaz, Umurbey Belediye Ba\u015fkan\u0131 Sami Yava\u015f, \u0130l K\u00fclt\u00fcr ve Turizm M\u00fcd\u00fcr\u00fc Kemal Dokuz da kat\u0131ld\u0131.<\/p>\n<p>Kaynak : AA<\/p>\n","protected":false},"excerpt":{"rendered":"<p>Umurbey&#8217;de yeniden d\u00fczenlenen k\u00fct\u00fcphane, \u00c7anakkale Valisi Hamza Erkal&#8217;\u0131n da kat\u0131ld\u0131\u011f\u0131 t\u00f6renle a\u00e7\u0131ld\u0131. Erkal, t\u00f6rende \u00e7ocuklarla bulu\u015fup, &#8216;Bu mekan\u0131 g\u00fczel k\u0131lan ve y\u00fccelten sizlersiniz, buras\u0131 ayn\u0131 zamanda bir et\u00fct merkezi g\u00f6revi \u00fcstleniyor.&#8217; dedi.<\/p>\n","protected":false},"author":129,"featured_media":19777,"comment_status":"open","ping_status":"open","sticky":false,"template":"","format":"standard","meta":{"footnotes":""},"categories":[1],"tags":[848,891,890],"class_list":["post-19676","post","type-post","status-publish","format-standard","has-post-thumbnail","hentry","category-genel","tag-halk-kutuphaneleri","tag-umurbey-halk-kutuphanesi","tag-umurbeyde-halk-kutuphanesi"],"_links":{"self":[{"href":"https:\/\/www.bbyhaber.com\/bby\/wp-json\/wp\/v2\/posts\/19676"}],"collection":[{"href":"https:\/\/www.bbyhaber.com\/bby\/wp-json\/wp\/v2\/posts"}],"about":[{"href":"https:\/\/www.bbyhaber.com\/bby\/wp-json\/wp\/v2\/types\/post"}],"author":[{"embeddable":true,"href":"https:\/\/www.bbyhaber.com\/bby\/wp-json\/wp\/v2\/users\/129"}],"replies":[{"embeddable":true,"href":"https:\/\/www.bbyhaber.com\/bby\/wp-json\/wp\/v2\/comments?post=19676"}],"version-history":[{"count":0,"href":"https:\/\/www.bbyhaber.com\/bby\/wp-json\/wp\/v2\/posts\/19676\/revisions"}],"wp:featuredmedia":[{"embeddable":true,"href":"https:\/\/www.bbyhaber.com\/bby\/wp-json\/"}],"wp:attachment":[{"href":"https:\/\/www.bbyhaber.com\/bby\/wp-json\/wp\/v2\/media?parent=19676"}],"wp:term":[{"taxonomy":"category","embeddable":true,"href":"https:\/\/www.bbyhaber.com\/bby\/wp-json\/wp\/v2\/categories?post=19676"},{"taxonomy":"post_tag","embeddable":true,"href":"https:\/\/www.bbyhaber.com\/bby\/wp-json\/wp\/v2\/tags?post=19676"}],"curies":[{"name":"wp","href":"https:\/\/api.w.org\/{rel}","templated":true}]}}