{"id":19667,"date":"2016-08-19T19:45:59","date_gmt":"2016-08-19T16:45:59","guid":{"rendered":"http:\/\/www.bbyhaber.com\/bby\/?p=19667"},"modified":"2016-09-18T19:21:16","modified_gmt":"2016-09-18T16:21:16","slug":"turkiyede-kutuphanecilik-mesleginin-ilk-profesoru-prof-dr-osman-ersoyun-1923-2008-hayati-bilgi-evinin-cinari-belgeseli","status":"publish","type":"post","link":"https:\/\/www.bbyhaber.com\/bby\/2016\/08\/19\/turkiyede-kutuphanecilik-mesleginin-ilk-profesoru-prof-dr-osman-ersoyun-1923-2008-hayati-bilgi-evinin-cinari-belgeseli","title":{"rendered":"T\u00fcrkiye\u2019de K\u00fct\u00fcphanecilik mesle\u011finin ilk  Profes\u00f6r\u00fc Prof. Dr. Osman Ersoy\u2019un (1923-2008) Hayat\u0131 &#8211; \u201cBilgi Evinin \u00c7\u0131nar\u0131 Belgeseli\u201d"},"content":{"rendered":"<p class=\"uk-text-justify uk-nbfc uk-margin \"><img loading=\"lazy\" decoding=\"async\" class=\"alignleft\" src=\"http:\/\/e-bulten.library.atilim.edu.tr\/sayilar\/2008-12\/images\/osman_ersoy\/Osman_Ersoy.jpg\" width=\"179\" height=\"238\" \/><\/p>\n<p style=\"text-align: justify;\">\u201cBilgi Evinin \u00c7\u0131nar\u0131\u201d isimli video Prof. Dr. Osman Ersoy\u2019un (1923-2008) hayat\u0131n\u0131 anlatmaktad\u0131r. Videoyu a\u015fa\u011f\u0131dan izleyebilirsiniz. Ankara \u00dcniversitesi, Dil ve Tarih-Co\u011frafya Fak\u00fcltesi, Bilgi ve Belge Y\u00f6netimi B\u00f6l\u00fcm\u00fc, \u00d6\u011fretim \u00dcyelerinden Prof. Dr. Fato\u015f Suba\u015f\u0131o\u011flu, Prof. Dr. Oya G\u00fcrdal Tamdo\u011fan, Prof. Dr. Fahrettin \u00d6zdemirci\u2019nin katk\u0131lar\u0131 ile F\u00fcsun Ersoy taraf\u0131ndan haz\u0131rlanm\u0131\u015ft\u0131r.<!--more--><\/p>\n<p style=\"text-align: justify;\">Prof. Dr. Osman Ersoy, T\u00fcrkiye\u2019de K\u00fct\u00fcphanecilik mesle\u011finin ilk Profes\u00f6r\u00fcd\u00fcr. \u00d6zge\u00e7mi\u015f ve eserlerine a\u015fa\u011f\u0131daki linkten ula\u015f\u0131labilir.<\/p>\n<p><a href=\"http:\/\/bilgibelge.humanity.ankara.edu.tr\/emek-vermis-personel\/prof-dr-osman-ersoy\/\">Prof. Dr. Osman Ersoy\u2019un \u00d6zge\u00e7mi\u015f ve Eserleri<\/a><\/p>\n<p><iframe loading=\"lazy\" src=\"https:\/\/www.youtube.com\/embed\/videoseries?list=PLzbOt4ZwuNvZSGApJNBqK9J9v7W0rfp3V\" width=\"560\" height=\"315\" frameborder=\"0\" allowfullscreen=\"allowfullscreen\"><\/iframe><\/p>\n<p>&nbsp;<\/p>\n<p class=\"uk-text-justify uk-nbfc uk-margin \" style=\"text-align: justify;\">Prof. Dr. Osman Ersoy, 1923 y\u0131l\u0131nda Artvin\u2019in Ardanu\u00e7 il\u00e7esinde do\u011fdu. 1941\u2019de yat\u0131l\u0131 olarak okudu\u011fu Kars Lisesi\u2019nden ve 1945 y\u0131l\u0131nda ise Ankara \u00dcniversitesi Dil ve Tarih-Co\u011frafya Fak\u00fcltesi Tarih B\u00f6l\u00fcm\u00fc\u2019nden mezun oldu. Ard\u0131ndan Topkap\u0131 Saray\u0131 M\u00fczesi\u2019nde m\u00fcze asistan\u0131 olarak g\u00f6reve ba\u015flad\u0131. 1950 y\u0131l\u0131nda, memuriyeti, Ankara\u2019daki Etno\u011frafya M\u00fczesi\u2019ne aktar\u0131ld\u0131. Burada \u00e7ok az ki\u015fiye nasip olan bir olaya tan\u0131kl\u0131k yapt\u0131: Mustafa Kemal Atat\u00fcrk\u2019\u00fcn naa\u015f\u0131n\u0131n Ankara Etno\u011frafya M\u00fczesi\u2019ne naklinden sonra, tabutunun a\u00e7\u0131lmas\u0131 esnas\u0131nda m\u00fcze g\u00f6revlisi olarak haz\u0131r bulundu.<\/p>\n<p style=\"text-align: justify;\">1954 y\u0131l\u0131nda Dil ve Tarih-Co\u011frafya Fak\u00fcltesi, Tarih B\u00f6l\u00fcm\u00fc\u2019ne asistan olarak atand\u0131. 1955\u2019te yeni kurulan K\u00fct\u00fcphanecilik B\u00f6l\u00fcm\u00fc\u2019n\u00fcn sa\u011flad\u0131\u011f\u0131 bir burstan yararlanarak k\u00fct\u00fcphanecilik e\u011fitimi almak \u00fczere bir y\u0131ll\u0131\u011f\u0131na Amerika\u2019ya gitti. 1956 y\u0131l\u0131nda T\u00fcrkiye\u2019ye d\u00f6nd\u00fc ve K\u00fct\u00fcphanecilik B\u00f6l\u00fcm\u00fc\u2019ne asistan olarak atand\u0131. O y\u0131llarda yeni yeni \u00f6rg\u00fctlenen K\u00fct\u00fcphanecilik B\u00f6l\u00fcm\u00fc, Amerikal\u0131 \u00f6\u011fretim elemanlar\u0131 taraf\u0131ndan y\u00f6netiliyordu. Bu atama ile K\u00fct\u00fcphanecilik B\u00f6l\u00fcm\u00fc ilk T\u00fcrk hocas\u0131na kavu\u015fmu\u015f oldu. Ersoy, 1958\u2019de doktor, 1960\u2019da do\u00e7ent, 1968 y\u0131l\u0131nda ise profes\u00f6r oldu. Ayr\u0131ca T\u00fcrk K\u00fct\u00fcphaneciler Derne\u011fi\u2019nin kurulu\u015funda \u00f6nemli katk\u0131lar sa\u011flad\u0131, 1961-1964 y\u0131llar\u0131 aras\u0131nda Derne\u011fin ba\u015fkanl\u0131\u011f\u0131n\u0131 yapt\u0131. 1972-1974 y\u0131llar\u0131 aras\u0131nda Ankara \u00dcniversitesi Dil ve Tarih-Co\u011frafya Fak\u00fcltesi ve 1979-1982 y\u0131llar\u0131 aras\u0131nda da F\u0131rat \u00dcniversitesi Edebiyat Fak\u00fcltesi Dekanl\u0131\u011f\u0131 yapan Ersoy, K\u00fct\u00fcphanecilik B\u00f6l\u00fcm\u00fc Ba\u015fkan\u0131 olarak s\u00fcrd\u00fcrd\u00fc\u011f\u00fc g\u00f6revinden 1990 y\u0131l\u0131nda emekli oldu.<\/p>\n","protected":false},"excerpt":{"rendered":"<p>\u201cBilgi Evinin \u00c7\u0131nar\u0131\u201d isimli video Prof. Dr. Osman Ersoy\u2019un (1923-2008) hayat\u0131n\u0131 anlatmaktad\u0131r. Videoyu a\u015fa\u011f\u0131dan izleyebilirsiniz. Ankara \u00dcniversitesi, Dil ve Tarih-Co\u011frafya Fak\u00fcltesi, Bilgi ve Belge Y\u00f6netimi B\u00f6l\u00fcm\u00fc, \u00d6\u011fretim \u00dcyelerinden Prof. Dr. Fato\u015f Suba\u015f\u0131o\u011flu, Prof. Dr. Oya G\u00fcrdal Tamdo\u011fan, Prof. Dr. Fahrettin \u00d6zdemirci\u2019nin katk\u0131lar\u0131 ile F\u00fcsun Ersoy taraf\u0131ndan haz\u0131rlanm\u0131\u015ft\u0131r.<\/p>\n","protected":false},"author":129,"featured_media":19773,"comment_status":"open","ping_status":"open","sticky":false,"template":"","format":"standard","meta":{"footnotes":""},"categories":[1,1600],"tags":[889,888,824],"class_list":["post-19667","post","type-post","status-publish","format-standard","has-post-thumbnail","hentry","category-genel","category-prof-dr-osman-ersoy","tag-kutuphanecilik","tag-osman-ersoy","tag-vefat-eden-meslektaslarimiz"],"_links":{"self":[{"href":"https:\/\/www.bbyhaber.com\/bby\/wp-json\/wp\/v2\/posts\/19667"}],"collection":[{"href":"https:\/\/www.bbyhaber.com\/bby\/wp-json\/wp\/v2\/posts"}],"about":[{"href":"https:\/\/www.bbyhaber.com\/bby\/wp-json\/wp\/v2\/types\/post"}],"author":[{"embeddable":true,"href":"https:\/\/www.bbyhaber.com\/bby\/wp-json\/wp\/v2\/users\/129"}],"replies":[{"embeddable":true,"href":"https:\/\/www.bbyhaber.com\/bby\/wp-json\/wp\/v2\/comments?post=19667"}],"version-history":[{"count":0,"href":"https:\/\/www.bbyhaber.com\/bby\/wp-json\/wp\/v2\/posts\/19667\/revisions"}],"wp:featuredmedia":[{"embeddable":true,"href":"https:\/\/www.bbyhaber.com\/bby\/wp-json\/"}],"wp:attachment":[{"href":"https:\/\/www.bbyhaber.com\/bby\/wp-json\/wp\/v2\/media?parent=19667"}],"wp:term":[{"taxonomy":"category","embeddable":true,"href":"https:\/\/www.bbyhaber.com\/bby\/wp-json\/wp\/v2\/categories?post=19667"},{"taxonomy":"post_tag","embeddable":true,"href":"https:\/\/www.bbyhaber.com\/bby\/wp-json\/wp\/v2\/tags?post=19667"}],"curies":[{"name":"wp","href":"https:\/\/api.w.org\/{rel}","templated":true}]}}