{"id":1964,"date":"2011-12-28T20:13:33","date_gmt":"2011-12-28T20:13:33","guid":{"rendered":"http:\/\/www.bbyhaber.com\/bby\/?p=1964"},"modified":"2011-12-28T20:15:39","modified_gmt":"2011-12-28T20:15:39","slug":"beylikduzune-ikinci-kutuphane","status":"publish","type":"post","link":"https:\/\/www.bbyhaber.com\/bby\/2011\/12\/28\/beylikduzune-ikinci-kutuphane","title":{"rendered":"Beylikd\u00fcz\u00fc&#8217;ne \u0130kinci K\u00fct\u00fcphane!"},"content":{"rendered":"<p style=\"text-align: justify;\">\u2018T\u00fcrkiye Okuyor\u2019 kampanyas\u0131 \u00e7er\u00e7evesinde Beylikd\u00fcz\u00fc Belediyesi ve \u0130l\u00e7e Milli E\u011fitim M\u00fcd\u00fcrl\u00fc\u011f\u00fc i\u015fbirli\u011fi ile il\u00e7edeki 3 okula kazand\u0131r\u0131lan k\u00fct\u00fcphanelerin ikincisi de hizmetine a\u00e7\u0131ld\u0131.<\/p>\n<p style=\"text-align: justify;\">Ge\u00e7en hafta G\u00fcrp\u0131nar Lisesi\u2019nde halka a\u00e7\u0131lan k\u00fct\u00fcphanenin ard\u0131ndan bu kez Cahit Zarifo\u011flu Lisesi\u2019ndeki k\u00fct\u00fcphane halka a\u00e7\u0131ld\u0131. Beylikd\u00fcz\u00fc Belediye Ba\u015fkan\u0131 Yusuf Uzun ile birlikte \u00e7ok say\u0131da davetlinin kurdelesini kesti\u011fi k\u00fct\u00fcphanenin a\u00e7\u0131l\u0131\u015f\u0131na ilgi yo\u011fun oldu.<\/p>\n<p style=\"text-align: justify;\">A\u00e7\u0131l\u0131\u015fta konu\u015fan Ba\u015fkan Uzun, okuma k\u00fclt\u00fcr\u00fcn\u00fcn \u00f6nemine de\u011finerek, \u00f6\u011frenci ve vatanda\u015flar\u0131n daha fazla kitap okuyabilmesi ve bilgiye ula\u015fabilmesi i\u00e7in ellerinden geline yapt\u0131klar\u0131n\u0131 ifade etti.<\/p>\n<p style=\"text-align: justify;\">Daha sonra okul \u00f6\u011frencileri taraf\u0131ndan haz\u0131rlanan plaket Okul M\u00fcd\u00fcr\u00fc Beh\u00e7et S\u00f6\u011f\u00fct taraf\u0131ndan Ba\u015fkan Uzun\u2019a takdim edildi. Okul Aile Birli\u011fi Ba\u015fkan\u0131 da Ba\u015fkan Uzun\u2019a katk\u0131lar\u0131ndan dolay\u0131 \u00e7i\u00e7ek takdim etti.<\/p>\n<p style=\"text-align: justify;\">Belediye Ba\u015fkan\u0131 Yusuf Uzun, Ba\u015fkan Yard\u0131mc\u0131s\u0131 Efrahim Ye\u015fil, \u0130l\u00e7e Milli E\u011fitim M\u00fcd\u00fcr\u00fc Ahmet Hac\u0131o\u011flu, okul m\u00fcd\u00fcrleri, \u00f6\u011frenci ve vatanda\u015flar birlikte kurdeleyi keserek k\u00fct\u00fcphaneyi hizmete a\u00e7t\u0131.<\/p>\n<p style=\"text-align: justify;\">Kaynak: http:\/\/www.buyukhaber.com<\/p>\n","protected":false},"excerpt":{"rendered":"<p>\u2018T\u00fcrkiye Okuyor\u2019 kampanyas\u0131 \u00e7er\u00e7evesinde Beylikd\u00fcz\u00fc Belediyesi ve \u0130l\u00e7e Milli E\u011fitim M\u00fcd\u00fcrl\u00fc\u011f\u00fc i\u015fbirli\u011fi ile il\u00e7edeki 3 okula kazand\u0131r\u0131lan k\u00fct\u00fcphanelerin ikincisi de hizmetine a\u00e7\u0131ld\u0131. Ge\u00e7en hafta G\u00fcrp\u0131nar Lisesi\u2019nde halka a\u00e7\u0131lan k\u00fct\u00fcphanenin ard\u0131ndan bu kez Cahit Zarifo\u011flu Lisesi\u2019ndeki k\u00fct\u00fcphane halka a\u00e7\u0131ld\u0131. Beylikd\u00fcz\u00fc Belediye Ba\u015fkan\u0131 Yusuf Uzun ile birlikte \u00e7ok say\u0131da davetlinin kurdelesini kesti\u011fi k\u00fct\u00fcphanenin a\u00e7\u0131l\u0131\u015f\u0131na ilgi yo\u011fun oldu. [&hellip;]<\/p>\n","protected":false},"author":1,"featured_media":0,"comment_status":"open","ping_status":"open","sticky":false,"template":"","format":"standard","meta":{"footnotes":""},"categories":[1],"tags":[229,154],"class_list":["post-1964","post","type-post","status-publish","format-standard","hentry","category-genel","tag-okul-kutuphaneleri-halka-aciliyor","tag-turkiye-okuyor"],"_links":{"self":[{"href":"https:\/\/www.bbyhaber.com\/bby\/wp-json\/wp\/v2\/posts\/1964"}],"collection":[{"href":"https:\/\/www.bbyhaber.com\/bby\/wp-json\/wp\/v2\/posts"}],"about":[{"href":"https:\/\/www.bbyhaber.com\/bby\/wp-json\/wp\/v2\/types\/post"}],"author":[{"embeddable":true,"href":"https:\/\/www.bbyhaber.com\/bby\/wp-json\/wp\/v2\/users\/1"}],"replies":[{"embeddable":true,"href":"https:\/\/www.bbyhaber.com\/bby\/wp-json\/wp\/v2\/comments?post=1964"}],"version-history":[{"count":0,"href":"https:\/\/www.bbyhaber.com\/bby\/wp-json\/wp\/v2\/posts\/1964\/revisions"}],"wp:attachment":[{"href":"https:\/\/www.bbyhaber.com\/bby\/wp-json\/wp\/v2\/media?parent=1964"}],"wp:term":[{"taxonomy":"category","embeddable":true,"href":"https:\/\/www.bbyhaber.com\/bby\/wp-json\/wp\/v2\/categories?post=1964"},{"taxonomy":"post_tag","embeddable":true,"href":"https:\/\/www.bbyhaber.com\/bby\/wp-json\/wp\/v2\/tags?post=1964"}],"curies":[{"name":"wp","href":"https:\/\/api.w.org\/{rel}","templated":true}]}}