{"id":1959,"date":"2011-12-28T13:02:58","date_gmt":"2011-12-28T13:02:58","guid":{"rendered":"http:\/\/www.bbyhaber.com\/bby\/?p=1959"},"modified":"2012-09-07T17:52:55","modified_gmt":"2012-09-07T14:52:55","slug":"bashekim-okula-kutuphane-kurulmasini-sagladi-van","status":"publish","type":"post","link":"https:\/\/www.bbyhaber.com\/bby\/2011\/12\/28\/bashekim-okula-kutuphane-kurulmasini-sagladi-van","title":{"rendered":"Ba\u015fhekim, Okula K\u00fct\u00fcphane Kurulmas\u0131n\u0131 Sa\u011flad\u0131-Van"},"content":{"rendered":"<p style=\"text-align: justify;\">Van&#8217;\u0131n Ba\u015fkale \u0130l\u00e7esi Devlet Hastanesi Ba\u015fhekimi Ortapedi Uzman\u0131 Dr. Mehmet Ata G\u00f6kalp, 800 \u00f6\u011frencisi olan Ba\u015fkale Yunus Emre \u0130lk\u00f6\u011fretim Okulu&#8217;na kendi imkanlar\u0131yla destek sa\u011flayarak k\u00fct\u00fcphane kurulmas\u0131n\u0131 sa\u011flad\u0131. Ba\u015fkale Yunus Emre \u0130lk\u00f6\u011fretim Okulu \u00f6\u011frencileri, 2 y\u0131l \u00f6nce kurulan okular\u0131na k\u00fct\u00fcphane kurulmas\u0131 i\u00e7in bir s\u00fcre \u00f6nce Ba\u015fkale Devlet Hastanesi Ba\u015fhekimi Ortapedi Uzman\u0131 Dr. G\u00f6kalp&#8217;\u0131 ziyare ederek destek istedi. <!--more--><\/p>\n<p style=\"text-align: justify;\">Bunun \u00fczerine Ba\u015fhekim Dr. G\u00f6kalp, k\u00fct\u00fcphanesi olmayan okula, kendi imkanlar\u0131yla ses ve projeksiyon sistemi, bilgisayar ve projeksiyon perdesi sat\u0131n alarak okula ba\u011f\u0131\u015fta bulundu. Okul y\u00f6netimi ise, 1600 kitab\u0131 bulunan ve sinama salonu olarak da kullan\u0131labilen bir k\u00fct\u00fcphane olu\u015fturdu.<\/p>\n<p style=\"text-align: justify;\">Okul M\u00fcd\u00fcr\u00fc Sertan Tekirda\u011f, daha \u00f6nce okulda k\u00fct\u00fcphanelerinin olmad\u0131\u011f\u0131n\u0131 Ba\u015fhekim Dr G\u00f6kalp&#8217;in verdi\u011fi destekle konferans ve sinama salonu olarak da kulanabilecekleri k\u00fct\u00fcphaneye kavu\u015ftuklar\u0131n\u0131 s\u00f6yledi. Tekirda\u011f, bo\u015f zamanlar\u0131n\u0131 de\u011ferlendirebilecek imkana kavu\u015fan \u00f6\u011frenciler ad\u0131na da Dr. G\u00f6kalp&#8217;e tey\u015fekk\u00fcr etti.<\/p>\n<p style=\"text-align: justify;\">Kaynak: www.halkinhabercisi.com<\/p>\n","protected":false},"excerpt":{"rendered":"<p>Van&#8217;\u0131n Ba\u015fkale \u0130l\u00e7esi Devlet Hastanesi Ba\u015fhekimi Ortapedi Uzman\u0131 Dr. Mehmet Ata G\u00f6kalp, 800 \u00f6\u011frencisi olan Ba\u015fkale Yunus Emre \u0130lk\u00f6\u011fretim Okulu&#8217;na kendi imkanlar\u0131yla destek sa\u011flayarak k\u00fct\u00fcphane kurulmas\u0131n\u0131 sa\u011flad\u0131. Ba\u015fkale Yunus Emre \u0130lk\u00f6\u011fretim Okulu \u00f6\u011frencileri, 2 y\u0131l \u00f6nce kurulan okular\u0131na k\u00fct\u00fcphane kurulmas\u0131 i\u00e7in bir s\u00fcre \u00f6nce Ba\u015fkale Devlet Hastanesi Ba\u015fhekimi Ortapedi Uzman\u0131 Dr. G\u00f6kalp&#8217;\u0131 ziyare ederek destek [&hellip;]<\/p>\n","protected":false},"author":1,"featured_media":0,"comment_status":"open","ping_status":"open","sticky":false,"template":"","format":"standard","meta":{"footnotes":""},"categories":[],"tags":[845],"class_list":["post-1959","post","type-post","status-publish","format-standard","hentry","tag-okul-kutuphaneleri"],"_links":{"self":[{"href":"https:\/\/www.bbyhaber.com\/bby\/wp-json\/wp\/v2\/posts\/1959"}],"collection":[{"href":"https:\/\/www.bbyhaber.com\/bby\/wp-json\/wp\/v2\/posts"}],"about":[{"href":"https:\/\/www.bbyhaber.com\/bby\/wp-json\/wp\/v2\/types\/post"}],"author":[{"embeddable":true,"href":"https:\/\/www.bbyhaber.com\/bby\/wp-json\/wp\/v2\/users\/1"}],"replies":[{"embeddable":true,"href":"https:\/\/www.bbyhaber.com\/bby\/wp-json\/wp\/v2\/comments?post=1959"}],"version-history":[{"count":0,"href":"https:\/\/www.bbyhaber.com\/bby\/wp-json\/wp\/v2\/posts\/1959\/revisions"}],"wp:attachment":[{"href":"https:\/\/www.bbyhaber.com\/bby\/wp-json\/wp\/v2\/media?parent=1959"}],"wp:term":[{"taxonomy":"category","embeddable":true,"href":"https:\/\/www.bbyhaber.com\/bby\/wp-json\/wp\/v2\/categories?post=1959"},{"taxonomy":"post_tag","embeddable":true,"href":"https:\/\/www.bbyhaber.com\/bby\/wp-json\/wp\/v2\/tags?post=1959"}],"curies":[{"name":"wp","href":"https:\/\/api.w.org\/{rel}","templated":true}]}}