{"id":1956,"date":"2011-12-27T20:32:54","date_gmt":"2011-12-27T20:32:54","guid":{"rendered":"http:\/\/www.bbyhaber.com\/bby\/?p=1956"},"modified":"2011-12-27T20:33:22","modified_gmt":"2011-12-27T20:33:22","slug":"sahinbey-halk-kutuphanesi-okullara-5-bin-kitap-verdi","status":"publish","type":"post","link":"https:\/\/www.bbyhaber.com\/bby\/2011\/12\/27\/sahinbey-halk-kutuphanesi-okullara-5-bin-kitap-verdi","title":{"rendered":"\u015eahinbey \u0130l\u00e7e Halk K\u00fct\u00fcphanesi Okullara 5 Bin Kitap Verdi"},"content":{"rendered":"<div style=\"text-align: justify;\">\u015eahinbey \u0130l\u00e7e Halk K\u00fct\u00fcphanesi M\u00fcd\u00fcr\u00fc Y\u00fcksel Polat, yeni k\u00fct\u00fcphane kuran bir\u00e7ok okula devir yoluyla yakla\u015f\u0131k 5 bin kitap verdiklerini s\u00f6yledi. Polat yapt\u0131\u011f\u0131 a\u00e7\u0131klamada, ilk\u00f6\u011fretim ve lise okullar\u0131nda yeni kurulan k\u00fct\u00fcphanelere devir yoluyla 5 bin adet kitap verdiklerini belirtti. \u00d6\u011frencilerde okuma al\u0131\u015fkanl\u0131\u011f\u0131n\u0131n artmas\u0131n\u0131 ama\u00e7lad\u0131klar\u0131n\u0131 ifade eden Polat, velilere b\u00fcy\u00fck g\u00f6rev d\u00fc\u015ft\u00fc\u011f\u00fcn\u00fc dile getirdi. \u00c7ocuklar\u0131n kitap okumaya zaman ay\u0131rmas\u0131n\u0131 isteyen Polat, &#8220;\u00c7ocuklar\u0131 beyin kirlili\u011finden korumak i\u00e7in onlara mutlaka okuma al\u0131\u015fkanl\u0131\u011f\u0131 kazand\u0131rmam\u0131z gerekmektedir. \u00d6zellikle veliler \u00e7ocuklar\u0131na bir kitap hediye ederek, onlara hikaye okuyarak bu al\u0131\u015fkanl\u0131\u011f\u0131 a\u015f\u0131layabilirler. \u00c7ocuklar bilgisayar ba\u015f\u0131nda saatlerce vakit ge\u00e7irmek yerine kitap okuyarak kendilerini geli\u015ftirebilirler. \u00d6\u011frencilerin k\u00fct\u00fcphanelere gelerek ders \u00e7al\u0131\u015fmalar\u0131n\u0131 ve burada bulunan kitaplardan yararlanmalar\u0131n\u0131 istiyoruz. K\u00fct\u00fcphanemizde bulunan \u00e7e\u015fitli kitaplar \u00f6\u011frencilerimizin ba\u015far\u0131l\u0131 olmalar\u0131n\u0131 sa\u011flayacakt\u0131r. Bu \u00f6nemli kaynaklardan yararlanmalar\u0131n\u0131 istiyoruz. Ayr\u0131ca okuma al\u0131\u015fkanl\u0131\u011f\u0131n\u0131 sadece \u00f6\u011frenci ve gen\u00e7lerle de s\u0131n\u0131rl\u0131 kalmas\u0131n\u0131 istemiyoruz. Her ya\u015ftan vatanda\u015flar\u0131m\u0131z\u0131 k\u00fct\u00fcphanemize kitap okumaya davet ediyoruz&#8221; dedi.<\/div>\n<p style=\"text-align: justify;\">Kaynak : http:\/\/www.haber3.com\/<\/p>\n","protected":false},"excerpt":{"rendered":"<p>\u015eahinbey \u0130l\u00e7e Halk K\u00fct\u00fcphanesi M\u00fcd\u00fcr\u00fc Y\u00fcksel Polat, yeni k\u00fct\u00fcphane kuran bir\u00e7ok okula devir yoluyla yakla\u015f\u0131k 5 bin kitap verdiklerini s\u00f6yledi. Polat yapt\u0131\u011f\u0131 a\u00e7\u0131klamada, ilk\u00f6\u011fretim ve lise okullar\u0131nda yeni kurulan k\u00fct\u00fcphanelere devir yoluyla 5 bin adet kitap verdiklerini belirtti. \u00d6\u011frencilerde okuma al\u0131\u015fkanl\u0131\u011f\u0131n\u0131n artmas\u0131n\u0131 ama\u00e7lad\u0131klar\u0131n\u0131 ifade eden Polat, velilere b\u00fcy\u00fck g\u00f6rev d\u00fc\u015ft\u00fc\u011f\u00fcn\u00fc dile getirdi. \u00c7ocuklar\u0131n kitap okumaya [&hellip;]<\/p>\n","protected":false},"author":1,"featured_media":0,"comment_status":"open","ping_status":"open","sticky":false,"template":"","format":"standard","meta":{"footnotes":""},"categories":[1,1495],"tags":[93],"class_list":["post-1956","post","type-post","status-publish","format-standard","hentry","category-genel","category-kitap-okuma-aliskanligi","tag-kutuphane-kullanma-aliskanligi"],"_links":{"self":[{"href":"https:\/\/www.bbyhaber.com\/bby\/wp-json\/wp\/v2\/posts\/1956"}],"collection":[{"href":"https:\/\/www.bbyhaber.com\/bby\/wp-json\/wp\/v2\/posts"}],"about":[{"href":"https:\/\/www.bbyhaber.com\/bby\/wp-json\/wp\/v2\/types\/post"}],"author":[{"embeddable":true,"href":"https:\/\/www.bbyhaber.com\/bby\/wp-json\/wp\/v2\/users\/1"}],"replies":[{"embeddable":true,"href":"https:\/\/www.bbyhaber.com\/bby\/wp-json\/wp\/v2\/comments?post=1956"}],"version-history":[{"count":0,"href":"https:\/\/www.bbyhaber.com\/bby\/wp-json\/wp\/v2\/posts\/1956\/revisions"}],"wp:attachment":[{"href":"https:\/\/www.bbyhaber.com\/bby\/wp-json\/wp\/v2\/media?parent=1956"}],"wp:term":[{"taxonomy":"category","embeddable":true,"href":"https:\/\/www.bbyhaber.com\/bby\/wp-json\/wp\/v2\/categories?post=1956"},{"taxonomy":"post_tag","embeddable":true,"href":"https:\/\/www.bbyhaber.com\/bby\/wp-json\/wp\/v2\/tags?post=1956"}],"curies":[{"name":"wp","href":"https:\/\/api.w.org\/{rel}","templated":true}]}}