{"id":1953,"date":"2011-12-27T20:29:58","date_gmt":"2011-12-27T20:29:58","guid":{"rendered":"http:\/\/www.bbyhaber.com\/bby\/?p=1953"},"modified":"2011-12-27T20:30:09","modified_gmt":"2011-12-27T20:30:09","slug":"kitaplar-arasinda-bir-gecenin-heyecani","status":"publish","type":"post","link":"https:\/\/www.bbyhaber.com\/bby\/2011\/12\/27\/kitaplar-arasinda-bir-gecenin-heyecani","title":{"rendered":"Kitaplar Aras\u0131nda Bir Gecenin Heyecan\u0131"},"content":{"rendered":"<p style=\"text-align: justify;\">\u00d6zel ALEV \u0130lk\u00f6\u011fretim Okulu, okul \u00e7\u0131k\u0131\u015f saatinden ertesi sabaha kadar s\u00fcren geleneksel &#8220;Okuma Gecesi&#8221;nin 18.sini; 23 Aral\u0131k 2011, Cuma gecesi ger\u00e7ekle\u015ftirdi. Yazar G\u00fcls\u00fcm Cengiz&#8217;in konuk oldu\u011fu gecede, yazar\u0131n &#8220;Ayakkab\u0131n\u0131n \u00d6yk\u00fcs\u00fc\/Die Schuhe&#8221; adl\u0131 Almanca ve T\u00fcrk\u00e7e kitab\u0131n\u0131 okuyan \u00f6\u011frenciler; kitab\u0131n i\u00e7eri\u011fi do\u011frultusunda seramikten ayakkab\u0131 yapt\u0131lar.<\/p>\n<p style=\"text-align: justify;\">\u00d6zel ALEV \u0130lk\u00f6\u011fretim Okulu, \u00f6\u011frencilerine k\u00fct\u00fcphaneyi benimsetmek ve i\u015flevsel hale getirmek amac\u0131yla ger\u00e7ekle\u015ftirdi\u011fi Okuma Gecesi&#8217;nde; d\u00f6nem ba\u015f\u0131ndan 16 Aral\u0131k 2011 tarihine kadar devam eden okuma maratonunda en \u00e7ok kitap okuyan 4. s\u0131n\u0131f \u00f6\u011frencilerini bir geceli\u011fine a\u011f\u0131rlad\u0131.<\/p>\n<p style=\"text-align: justify;\">Gecede \u00f6\u011frenciler, konuk yazar G\u00fcls\u00fcm Cengiz&#8217;in &#8220;Ayakkab\u0131n\u0131n \u00d6yk\u00fcs\u00fc\/Die Schuhe&#8221; adl\u0131, Almanca \u2013T\u00fcrk\u00e7e yaz\u0131lm\u0131\u015f kitab\u0131n\u0131 okuyarak, yazarla kitap \u00fczerine bir s\u00f6yle\u015fi ger\u00e7ekle\u015ftirdiler. Kitab\u0131n Almanca b\u00f6l\u00fcm\u00fcnden se\u00e7ilen s\u00f6zc\u00fcklerle \u00f6\u011frencilere bilgi yar\u0131\u015fmas\u0131 yap\u0131lan Okuma Gecesi&#8217;nde; \u00f6\u011frencilerin bilgi ve k\u00fclt\u00fcrlerini yar\u0131\u015ft\u0131rd\u0131klar\u0131 \u00c7ark\u0131felek Oyunu da oynan\u0131rken, kazanan gruba \u00f6d\u00fcl\u00fc verildi. Okuduklar\u0131 kitab\u0131n i\u00e7eri\u011fi ile ilgili olarak, seramik etkinli\u011finde, seramikten ayakkab\u0131 yapan \u00f6\u011frenciler, e\u011flenceli bir deneyim ya\u015fad\u0131lar.<\/p>\n<p style=\"text-align: justify;\">Okuma Gecesi&#8217;nde geleneksel olarak her y\u0131l k\u00fct\u00fcphanede ger\u00e7ekle\u015ftirilen &#8220;K\u00fct\u00fcphane Rallisi&#8221; etkinli\u011finde ise; \u00f6\u011frenciler k\u00fct\u00fcphanedeki kitaplar\u0131n i\u00e7inde \u015fifrelenmi\u015f mesajlardan yola \u00e7\u0131karak, k\u00fct\u00fcphanede kurulu Dewey Sistemi&#8217;ne (kategorik s\u0131n\u0131flama sistemi) g\u00f6re b\u0131rak\u0131lan hazineleri ke\u015ffettiler.<\/p>\n<p style=\"text-align: justify;\">Yap\u0131lan etkinliklerin ard\u0131ndan, k\u00fct\u00fcphanede uyku tulumlar\u0131na giren \u00f6\u011frencilerle, gecenin ge\u00e7 saatlerine kadar kitap okundu. Okuma Gecesi, ertesi sabah \u00e7ocuklar\u0131n\u0131 almaya gelen velilerle birlikte yap\u0131lan kahvalt\u0131 ile sona erdi.<\/p>\n<p style=\"text-align: justify;\">Kaynak: http:\/\/www.siirtce.net\/<\/p>\n","protected":false},"excerpt":{"rendered":"<p>\u00d6zel ALEV \u0130lk\u00f6\u011fretim Okulu, okul \u00e7\u0131k\u0131\u015f saatinden ertesi sabaha kadar s\u00fcren geleneksel &#8220;Okuma Gecesi&#8221;nin 18.sini; 23 Aral\u0131k 2011, Cuma gecesi ger\u00e7ekle\u015ftirdi. Yazar G\u00fcls\u00fcm Cengiz&#8217;in konuk oldu\u011fu gecede, yazar\u0131n &#8220;Ayakkab\u0131n\u0131n \u00d6yk\u00fcs\u00fc\/Die Schuhe&#8221; adl\u0131 Almanca ve T\u00fcrk\u00e7e kitab\u0131n\u0131 okuyan \u00f6\u011frenciler; kitab\u0131n i\u00e7eri\u011fi do\u011frultusunda seramikten ayakkab\u0131 yapt\u0131lar. \u00d6zel ALEV \u0130lk\u00f6\u011fretim Okulu, \u00f6\u011frencilerine k\u00fct\u00fcphaneyi benimsetmek ve i\u015flevsel hale getirmek [&hellip;]<\/p>\n","protected":false},"author":1,"featured_media":0,"comment_status":"open","ping_status":"open","sticky":false,"template":"","format":"standard","meta":{"footnotes":""},"categories":[1,1495],"tags":[93],"class_list":["post-1953","post","type-post","status-publish","format-standard","hentry","category-genel","category-kitap-okuma-aliskanligi","tag-kutuphane-kullanma-aliskanligi"],"_links":{"self":[{"href":"https:\/\/www.bbyhaber.com\/bby\/wp-json\/wp\/v2\/posts\/1953"}],"collection":[{"href":"https:\/\/www.bbyhaber.com\/bby\/wp-json\/wp\/v2\/posts"}],"about":[{"href":"https:\/\/www.bbyhaber.com\/bby\/wp-json\/wp\/v2\/types\/post"}],"author":[{"embeddable":true,"href":"https:\/\/www.bbyhaber.com\/bby\/wp-json\/wp\/v2\/users\/1"}],"replies":[{"embeddable":true,"href":"https:\/\/www.bbyhaber.com\/bby\/wp-json\/wp\/v2\/comments?post=1953"}],"version-history":[{"count":0,"href":"https:\/\/www.bbyhaber.com\/bby\/wp-json\/wp\/v2\/posts\/1953\/revisions"}],"wp:attachment":[{"href":"https:\/\/www.bbyhaber.com\/bby\/wp-json\/wp\/v2\/media?parent=1953"}],"wp:term":[{"taxonomy":"category","embeddable":true,"href":"https:\/\/www.bbyhaber.com\/bby\/wp-json\/wp\/v2\/categories?post=1953"},{"taxonomy":"post_tag","embeddable":true,"href":"https:\/\/www.bbyhaber.com\/bby\/wp-json\/wp\/v2\/tags?post=1953"}],"curies":[{"name":"wp","href":"https:\/\/api.w.org\/{rel}","templated":true}]}}