{"id":19497,"date":"2016-06-26T09:45:42","date_gmt":"2016-06-26T06:45:42","guid":{"rendered":"http:\/\/www.bbyhaber.com\/bby\/?p=19497"},"modified":"2017-04-28T16:29:38","modified_gmt":"2017-04-28T13:29:38","slug":"200-sozlesmeli-kutuphaneci-alimlarinda-son-karari-mulakat-ekibi-verecek","status":"publish","type":"post","link":"https:\/\/www.bbyhaber.com\/bby\/2016\/06\/26\/200-sozlesmeli-kutuphaneci-alimlarinda-son-karari-mulakat-ekibi-verecek","title":{"rendered":"200 s\u00f6zle\u015fmeli K\u00fct\u00fcphaneci al\u0131mlar\u0131nda son karar\u0131 &#8220;m\u00fclakat ekibi&#8221; verecek!!!"},"content":{"rendered":"<ul>\n<li style=\"text-align: justify;\"><img loading=\"lazy\" decoding=\"async\" class=\"alignleft\" src=\"http:\/\/www.kariyer.net\/ik-blog\/wp-content\/uploads\/2016\/02\/kobi_mulakat5.jpg\" width=\"280\" height=\"140\" \/>T\u00fcrk K\u00fct\u00fcphaneciler Derne\u011fi (TKD) Genel Ba\u015fkan\u0131 Ali Fuat Kartal, K\u00fclt\u00fcr ve Turizm Bakanl\u0131\u011f\u0131&#8217;n\u0131n s\u00f6zle\u015fmeli al\u0131m yapaca\u011f\u0131 200 K\u00fct\u00fcphaneci kadrosuna dair a\u00e7\u0131klama yapt\u0131 ve \u015funlara de\u011findi: &#8220;Bildi\u011finiz gibi 200 k\u00fct\u00fcphaneci istihdam\u0131na ili\u015fkin TKD\u00a0olarak y\u00fcr\u00fctt\u00fc\u011f\u00fcm\u00fcz s\u00fcre\u00e7le ilgili olarak zaman zaman geli\u015fmeleri sizlerle <a href=\"http:\/\/www.bbyhaber.com\/bby\/2016\/06\/01\/ali-fuatkartal-200-sozlesmeli-kutuphaneci-alimina-dair-aciklama-yapti\/\" target=\"_blank\" rel=\"noopener noreferrer\"><span style=\"color: #0000ff;\">payla\u015ft\u0131k<\/span><\/a>.\u00a0Maliye Bakanl\u0131\u011f\u0131 ile yapt\u0131\u011f\u0131m\u0131z g\u00f6r\u00fc\u015fme ile gelinen son a\u015fama \u015fu \u015fekildedir;<!--more-->\u00a024 Haziran 2016 Cuma g\u00fcn\u00fc Maliye Bakanl\u0131\u011f\u0131 200 K\u00fct\u00fcphanecinin s\u00f6zle\u015fmeli olarak al\u0131nmas\u0131n\u0131 vize etmi\u015f ve Ba\u015fbakanl\u0131\u011fa iletmi\u015ftir.\u00a0B\u00fcy\u00fck bir ihtimalle 27 Haziran 2016 tarihinde yap\u0131lacak olan Bakanlar Kurulu toplant\u0131s\u0131nda imzalanarak ilana \u00e7\u0131k\u0131lacakt\u0131r.\u00a0<strong><span style=\"text-decoration: underline;\">Al\u0131mlar 2014 y\u0131l\u0131 KPSS puan\u0131 ile yap\u0131lacakt\u0131r<\/span><\/strong>.\u00a0Ancak <span style=\"text-decoration: underline;\"><strong>kararnamede \u00f6nemli bir de\u011fi\u015fiklik yap\u0131larak al\u0131mlar\u0131n m\u00fclakat ile yap\u0131lmas\u0131na karar verilmi\u015ftir<\/strong><\/span>.\u00a0Bu s\u00fcre\u00e7te K\u00fclt\u00fcr Bakan\u0131 ile g\u00f6r\u00fc\u015fme \u015fans\u0131 bulamad\u0131\u011f\u0131m\u0131z i\u00e7in \u00e7ok fazla yapacak bir \u015fey kalmam\u0131\u015ft\u0131r.\u00a0M\u00fclakatla al\u0131nma durumunun meslekta\u015flar\u0131m\u0131z a\u00e7\u0131s\u0131ndan s\u0131k\u0131nt\u0131 olaca\u011f\u0131n\u0131n fark\u0131nday\u0131m. Ancak, meslekta\u015flar\u0131m\u0131z\u0131n \u00fclke ger\u00e7ekli\u011fini de g\u00f6z \u00f6n\u00fcne alarak bu s\u00fcrece haz\u0131rlanmalar\u0131n\u0131 \u00f6neriyor, t\u00fcm meslekta\u015flar\u0131ma ba\u015far\u0131lar diliyorum.&#8221;<\/li>\n<\/ul>\n<p style=\"text-align: justify;\">Aylard\u0131r bu al\u0131mlara dair kriterlerin a\u00e7\u0131klanmas\u0131n\u0131 bekleyen y\u00fczlerce meslekta\u015f\u0131m\u0131z, al\u0131mlar\u0131n m\u00fclakat ile yap\u0131lacak olmas\u0131n\u0131 \u00f6\u011frenmeleriyle b\u00fcy\u00fck bir \u00fcz\u00fcnt\u00fc ya\u015fam\u0131\u015flard\u0131r. M\u00fclakatl\u0131 al\u0131mlar\u0131n torpilli al\u0131mlar oldu\u011funu dile getirerek b\u00fcy\u00fck bir hak kayb\u0131 ya\u015fanaca\u011f\u0131n\u0131 belirtmektedirler.<\/p>\n<p style=\"text-align: justify;\"><span style=\"color: #0000ff;\"><a style=\"color: #0000ff;\" href=\"http:\/\/www.bbyhaber.com\/bby\/2016\/06\/16\/20161-atama-yapilacak-bby-kadro-kurum-ve-unvan-listesi\/\" target=\"_blank\" rel=\"noopener noreferrer\">2016\/1 KPSS<\/a><\/span> tercihlerinin yap\u0131ld\u0131\u011f\u0131 bu g\u00fcnlerde, K\u00fclt\u00fcr Bakanl\u0131\u011f\u0131&#8217;n\u0131n bizlere hi\u00e7bir kadro a\u00e7may\u0131p bu s\u00f6zle\u015fmeli al\u0131mla yetinmesi ve bu da yetmezmi\u015f gibi bir de s\u00f6zle\u015fmeli al\u0131mlar\u0131n\u00a0m\u00fclakat ile yap\u0131lacak olmas\u0131\u00a0mesle\u011fimizin gelece\u011fi a\u00e7\u0131s\u0131ndan son derece d\u00fc\u015f\u00fcnd\u00fcr\u00fcc\u00fcd\u00fcr! Herkesin gelece\u011fimize sahip \u00e7\u0131kmas\u0131 gerekir!<\/p>\n","protected":false},"excerpt":{"rendered":"<p>T\u00fcrk K\u00fct\u00fcphaneciler Derne\u011fi (TKD) Genel Ba\u015fkan\u0131 Ali Fuat Kartal, K\u00fclt\u00fcr ve Turizm Bakanl\u0131\u011f\u0131&#8217;n\u0131n s\u00f6zle\u015fmeli al\u0131m yapaca\u011f\u0131 200 K\u00fct\u00fcphaneci kadrosuna dair a\u00e7\u0131klama yapt\u0131 ve \u015funlara de\u011findi: &#8220;Bildi\u011finiz gibi 200 k\u00fct\u00fcphaneci istihdam\u0131na ili\u015fkin TKD\u00a0olarak y\u00fcr\u00fctt\u00fc\u011f\u00fcm\u00fcz s\u00fcre\u00e7le ilgili olarak zaman zaman geli\u015fmeleri sizlerle payla\u015ft\u0131k.\u00a0Maliye Bakanl\u0131\u011f\u0131 ile yapt\u0131\u011f\u0131m\u0131z g\u00f6r\u00fc\u015fme ile gelinen son a\u015fama \u015fu \u015fekildedir;<\/p>\n","protected":false},"author":1,"featured_media":19995,"comment_status":"open","ping_status":"open","sticky":false,"template":"","format":"standard","meta":{"footnotes":""},"categories":[31,1604],"tags":[],"class_list":["post-19497","post","type-post","status-publish","format-standard","has-post-thumbnail","hentry","category-bbykpss","category-sozlesmeli-kutuphaneci"],"_links":{"self":[{"href":"https:\/\/www.bbyhaber.com\/bby\/wp-json\/wp\/v2\/posts\/19497"}],"collection":[{"href":"https:\/\/www.bbyhaber.com\/bby\/wp-json\/wp\/v2\/posts"}],"about":[{"href":"https:\/\/www.bbyhaber.com\/bby\/wp-json\/wp\/v2\/types\/post"}],"author":[{"embeddable":true,"href":"https:\/\/www.bbyhaber.com\/bby\/wp-json\/wp\/v2\/users\/1"}],"replies":[{"embeddable":true,"href":"https:\/\/www.bbyhaber.com\/bby\/wp-json\/wp\/v2\/comments?post=19497"}],"version-history":[{"count":1,"href":"https:\/\/www.bbyhaber.com\/bby\/wp-json\/wp\/v2\/posts\/19497\/revisions"}],"predecessor-version":[{"id":21900,"href":"https:\/\/www.bbyhaber.com\/bby\/wp-json\/wp\/v2\/posts\/19497\/revisions\/21900"}],"wp:featuredmedia":[{"embeddable":true,"href":"https:\/\/www.bbyhaber.com\/bby\/wp-json\/"}],"wp:attachment":[{"href":"https:\/\/www.bbyhaber.com\/bby\/wp-json\/wp\/v2\/media?parent=19497"}],"wp:term":[{"taxonomy":"category","embeddable":true,"href":"https:\/\/www.bbyhaber.com\/bby\/wp-json\/wp\/v2\/categories?post=19497"},{"taxonomy":"post_tag","embeddable":true,"href":"https:\/\/www.bbyhaber.com\/bby\/wp-json\/wp\/v2\/tags?post=19497"}],"curies":[{"name":"wp","href":"https:\/\/api.w.org\/{rel}","templated":true}]}}