{"id":1948,"date":"2011-12-27T11:22:30","date_gmt":"2011-12-27T11:22:30","guid":{"rendered":"http:\/\/www.bbyhaber.com\/bby\/?p=1948"},"modified":"2012-05-22T06:45:00","modified_gmt":"2012-05-22T06:45:00","slug":"osmanli-arsivi-6-ay-sonra-kagithanede","status":"publish","type":"post","link":"https:\/\/www.bbyhaber.com\/bby\/2011\/12\/27\/osmanli-arsivi-6-ay-sonra-kagithanede","title":{"rendered":"Osmanl\u0131 ar\u015fivi, 6 ay sonra K\u00e2\u011f\u0131thane&#8217;de"},"content":{"rendered":"<p style=\"text-align: justify;\">Osmanl\u0131 ar\u015fivlerinin bir araya getirilmesi i\u00e7in in\u015fa edilen K\u00e2\u011f\u0131thane Milli Ar\u015fiv Sitesi in\u015faat\u0131 2012&#8217;nin May\u0131s ay\u0131nda tamamlanacak. Binan\u0131n tamamlanmas\u0131n\u0131n ard\u0131ndan 4 farkl\u0131 noktadaki Osmanl\u0131 ar\u015fiv belgeleri, yeni binaya ta\u015f\u0131nacak.<!--more--><\/p>\n<p style=\"text-align: justify;\">2012 y\u0131l\u0131n\u0131n sonunda ise Osmanl\u0131 ar\u015fivleri kap\u0131lar\u0131n\u0131 a\u00e7acak. K\u00fct\u00fcphane, kongre merkezi, sergi salonlar\u0131 ve ar\u015fiv depolar\u0131 gibi b\u00f6l\u00fcmlerden olu\u015fan Ar\u015fiv Sitesi, Osmanl\u0131 mimarisi tarz\u0131nda tasarlanmas\u0131n\u0131n yan\u0131 s\u0131ra belgelerin iyi bir \u015fekilde muhafaza edilebilmesi ve en az d\u00fczeyde zarar g\u00f6rmesi i\u00e7in yang\u0131na ve neme dayan\u0131kl\u0131 \u015fekilde in\u015fa ediliyor. 16 adet bloktan olu\u015fan projenin tahmini maliyeti ise 200 milyon lira.<\/p>\n<p style=\"text-align: justify;\">D\u00fcn ar\u015fiv in\u015faat\u0131n\u0131 ziyaret eden AK Parti Genel Ba\u015fkan Yard\u0131mc\u0131s\u0131 Ekrem Erdem&#8217;e in\u015faat\u0131n \u00f6n\u00fcm\u00fczdeki may\u0131s ay\u0131nda bitece\u011fi m\u00fcjdesi verildi. Ziyarette kendisinin de 5 y\u0131l boyunca ar\u015fivcilik yapt\u0131\u011f\u0131n\u0131 s\u00f6yleyen Erdem, ar\u015fivcili\u011fin bir milletin haf\u0131zas\u0131 anlam\u0131na geldi\u011fini ifade etti.<\/p>\n<p style=\"text-align: justify;\">Kaynak: http:\/\/www.istanbuldan.com<\/p>\n","protected":false},"excerpt":{"rendered":"<p>Osmanl\u0131 ar\u015fivlerinin bir araya getirilmesi i\u00e7in in\u015fa edilen K\u00e2\u011f\u0131thane Milli Ar\u015fiv Sitesi in\u015faat\u0131 2012&#8217;nin May\u0131s ay\u0131nda tamamlanacak. Binan\u0131n tamamlanmas\u0131n\u0131n ard\u0131ndan 4 farkl\u0131 noktadaki Osmanl\u0131 ar\u015fiv belgeleri, yeni binaya ta\u015f\u0131nacak.<\/p>\n","protected":false},"author":1,"featured_media":0,"comment_status":"open","ping_status":"open","sticky":false,"template":"","format":"standard","meta":{"footnotes":""},"categories":[1,1593],"tags":[227,1096,226,228],"class_list":["post-1948","post","type-post","status-publish","format-standard","hentry","category-genel","category-osmanli-arsiv-sitesi","tag-arsiv-sitesi","tag-arsivcilik","tag-milli-arsiv-sitesi","tag-osmanli-arsivi"],"_links":{"self":[{"href":"https:\/\/www.bbyhaber.com\/bby\/wp-json\/wp\/v2\/posts\/1948"}],"collection":[{"href":"https:\/\/www.bbyhaber.com\/bby\/wp-json\/wp\/v2\/posts"}],"about":[{"href":"https:\/\/www.bbyhaber.com\/bby\/wp-json\/wp\/v2\/types\/post"}],"author":[{"embeddable":true,"href":"https:\/\/www.bbyhaber.com\/bby\/wp-json\/wp\/v2\/users\/1"}],"replies":[{"embeddable":true,"href":"https:\/\/www.bbyhaber.com\/bby\/wp-json\/wp\/v2\/comments?post=1948"}],"version-history":[{"count":0,"href":"https:\/\/www.bbyhaber.com\/bby\/wp-json\/wp\/v2\/posts\/1948\/revisions"}],"wp:attachment":[{"href":"https:\/\/www.bbyhaber.com\/bby\/wp-json\/wp\/v2\/media?parent=1948"}],"wp:term":[{"taxonomy":"category","embeddable":true,"href":"https:\/\/www.bbyhaber.com\/bby\/wp-json\/wp\/v2\/categories?post=1948"},{"taxonomy":"post_tag","embeddable":true,"href":"https:\/\/www.bbyhaber.com\/bby\/wp-json\/wp\/v2\/tags?post=1948"}],"curies":[{"name":"wp","href":"https:\/\/api.w.org\/{rel}","templated":true}]}}