{"id":19475,"date":"2016-06-22T15:27:33","date_gmt":"2016-06-22T12:27:33","guid":{"rendered":"http:\/\/www.bbyhaber.com\/bby\/?p=19475"},"modified":"2016-06-22T17:33:09","modified_gmt":"2016-06-22T14:33:09","slug":"okul-kutuphanesinde-cinsel-istismar","status":"publish","type":"post","link":"https:\/\/www.bbyhaber.com\/bby\/2016\/06\/22\/okul-kutuphanesinde-cinsel-istismar","title":{"rendered":"Okul k\u00fct\u00fcphanesinde cinsel istismar"},"content":{"rendered":"<p style=\"text-align: justify;\"><img loading=\"lazy\" decoding=\"async\" class=\"alignleft\" src=\"http:\/\/static.birgun.net\/resim\/haber-detay-resim\/2016\/06\/21\/okul-kutuphanesinde-cinsel-istismar-151736-5.jpg\" width=\"296\" height=\"174\" \/>Ankara&#8217;n\u0131n merkezinde bir ilk\u00f6\u011fretim okulunda k\u00fct\u00fcphanede g\u00f6revli memurun 10 ya\u015f\u0131ndaki k\u0131z \u00e7ocu\u011funa cinsel istismar\u0131, ailenin aylar s\u00fcren \u0131srarl\u0131 \u00e7abalar\u0131 sonucu yarg\u0131ya yans\u0131d\u0131. Kamuoyuna yans\u0131yan \u00e7ocuklara y\u00f6nelik cinsel istismar olaylar\u0131 ailelerin fark\u0131ndal\u0131\u011f\u0131n\u0131 art\u0131r\u0131rken, bu konuda a\u00e7\u0131lan davalara her ge\u00e7en g\u00fcn bir yenisi ekleniyor.<!--more--><\/p>\n<p style=\"text-align: justify;\">Ankara&#8217;n\u0131n merkezinde bir ilk\u00f6\u011fretim okulunda k\u00fct\u00fcphanede g\u00f6revli memurun 10 ya\u015f\u0131ndaki k\u0131z \u00e7ocu\u011funa cinsel istismar\u0131yla ilgili davan\u0131n ilk duru\u015fmas\u0131 23 Haziran&#8217;da yap\u0131lacak. Kurtulu\u015f \u0130lkokulu&#8217;nda 10 ya\u015f\u0131ndaki k\u0131zlar\u0131n\u0131n okulun k\u00fct\u00fcphanesinde, g\u00f6revli memur taraf\u0131ndan taciz edildi\u011fini \u00f6\u011frenen aile \u00f6nce okul y\u00f6netimine ba\u015fvurdu. Okul y\u00f6netiminin kay\u0131ts\u0131z tavr\u0131 \u00fczerine 15 Ocak\u2019ta savc\u0131l\u0131\u011fa ba\u015fvuran aile, bu s\u00fcre\u00e7te olduk\u00e7a s\u0131k\u0131nt\u0131l\u0131 g\u00fcnler ya\u015fad\u0131. Olay\u0131n ortaya \u00e7\u0131kmas\u0131 \u00fczerine ba\u015fka baz\u0131 iddialar da g\u00fcndeme geldi. Ancak ailenin anlat\u0131m\u0131na g\u00f6re &#8220;ikna s\u00fcre\u00e7leri&#8221; sonucu bu iddialar\u0131 g\u00fcndeme getiren baz\u0131 veliler sonradan konuyu yarg\u0131ya yans\u0131tmaktan vazge\u00e7ti.<\/p>\n<p style=\"text-align: justify;\">Bakanl\u0131k a\u011f\u0131rdan ald\u0131. Bu s\u00fcre\u00e7te okul y\u00f6netimi ile zaman zaman s\u00fcrt\u00fc\u015fme de ya\u015fayan aile savc\u0131l\u0131k soru\u015fturmas\u0131 devam ederken, k\u00fct\u00fcphane memuru ile ilgili idari i\u015flem yap\u0131lmas\u0131 i\u00e7in de m\u00fccadeleyi s\u00fcrd\u00fcrd\u00fc. Aile bu s\u00fcre\u00e7le ilgili bilgi almak \u00fczere ba\u015fvurdu\u011fu resmi makamlardan bilgi almakta zorland\u0131\u011f\u0131 i\u00e7in CHP Ankara Milletvekili Ali Haydar Hakverdi&#8217;den destek istedi. Hakverdi, ilgili makamlara birbiri ard\u0131na yaz\u0131l\u0131 ba\u015fvuruda bulunarak, s\u00fcre\u00e7le ilgili bilgi edinmek istedi. Art arda devam eden yaz\u0131\u015fmalar sonunda disiplin soru\u015fturmas\u0131 sonu\u00e7land\u0131r\u0131ld\u0131.<\/p>\n<p style=\"text-align: justify;\">Milli E\u011fitim Bakanl\u0131\u011f\u0131 Y\u00fcksek Disiplin Kurulu, Ocak ay\u0131nda meydana gelen cinsel istismar olay\u0131 ile ilgili s\u00fcreci 5 May\u0131s\u2019ta sonu\u00e7land\u0131rd\u0131. Karar 16 May\u0131s&#8217;ta iletildi. Y\u00fcksek Disiplin Kurulu, \u201cisnat edilen fiilin do\u011fruluk kazand\u0131\u011f\u0131 anla\u015f\u0131ld\u0131\u011f\u0131ndan\u201d E\u011fitim Bir-Sen \u00fcyesi k\u00fct\u00fcphane memuru M.A hakk\u0131nda \u201cDevlet memurlu\u011fundan \u00e7\u0131karma cezas\u0131\u201d verdi. K\u00fct\u00fcphane&#8217;de 10 ya\u015f\u0131ndaki k\u0131z \u00e7ocu\u011funa cinsel istismarla su\u00e7lanan M.A 23 Haziran&#8217;da hakim kar\u015f\u0131s\u0131na \u00e7\u0131kacak.<\/p>\n<p>Kaynak: http:\/\/www.birgun.net\/<\/p>\n","protected":false},"excerpt":{"rendered":"<p>Ankara&#8217;n\u0131n merkezinde bir ilk\u00f6\u011fretim okulunda k\u00fct\u00fcphanede g\u00f6revli memurun 10 ya\u015f\u0131ndaki k\u0131z \u00e7ocu\u011funa cinsel istismar\u0131, ailenin aylar s\u00fcren \u0131srarl\u0131 \u00e7abalar\u0131 sonucu yarg\u0131ya yans\u0131d\u0131. Kamuoyuna yans\u0131yan \u00e7ocuklara y\u00f6nelik cinsel istismar olaylar\u0131 ailelerin fark\u0131ndal\u0131\u011f\u0131n\u0131 art\u0131r\u0131rken, bu konuda a\u00e7\u0131lan davalara her ge\u00e7en g\u00fcn bir yenisi ekleniyor.<\/p>\n","protected":false},"author":1,"featured_media":0,"comment_status":"open","ping_status":"open","sticky":false,"template":"","format":"standard","meta":{"footnotes":""},"categories":[1],"tags":[878],"class_list":["post-19475","post","type-post","status-publish","format-standard","hentry","category-genel","tag-kutuphane-cinsel-istismar"],"_links":{"self":[{"href":"https:\/\/www.bbyhaber.com\/bby\/wp-json\/wp\/v2\/posts\/19475"}],"collection":[{"href":"https:\/\/www.bbyhaber.com\/bby\/wp-json\/wp\/v2\/posts"}],"about":[{"href":"https:\/\/www.bbyhaber.com\/bby\/wp-json\/wp\/v2\/types\/post"}],"author":[{"embeddable":true,"href":"https:\/\/www.bbyhaber.com\/bby\/wp-json\/wp\/v2\/users\/1"}],"replies":[{"embeddable":true,"href":"https:\/\/www.bbyhaber.com\/bby\/wp-json\/wp\/v2\/comments?post=19475"}],"version-history":[{"count":0,"href":"https:\/\/www.bbyhaber.com\/bby\/wp-json\/wp\/v2\/posts\/19475\/revisions"}],"wp:attachment":[{"href":"https:\/\/www.bbyhaber.com\/bby\/wp-json\/wp\/v2\/media?parent=19475"}],"wp:term":[{"taxonomy":"category","embeddable":true,"href":"https:\/\/www.bbyhaber.com\/bby\/wp-json\/wp\/v2\/categories?post=19475"},{"taxonomy":"post_tag","embeddable":true,"href":"https:\/\/www.bbyhaber.com\/bby\/wp-json\/wp\/v2\/tags?post=19475"}],"curies":[{"name":"wp","href":"https:\/\/api.w.org\/{rel}","templated":true}]}}