{"id":19472,"date":"2016-06-22T10:38:57","date_gmt":"2016-06-22T07:38:57","guid":{"rendered":"http:\/\/www.bbyhaber.com\/bby\/?p=19472"},"modified":"2016-06-22T10:40:32","modified_gmt":"2016-06-22T07:40:32","slug":"ramazan-kitap-festivali-saraybosnada-basladi","status":"publish","type":"post","link":"https:\/\/www.bbyhaber.com\/bby\/2016\/06\/22\/ramazan-kitap-festivali-saraybosnada-basladi","title":{"rendered":"Ramazan Kitap Festivali Saraybosna&#8217;da ba\u015flad\u0131"},"content":{"rendered":"<p style=\"text-align: justify;\"><img loading=\"lazy\" decoding=\"async\" class=\"alignleft\" src=\"http:\/\/aa.com.tr\/uploads\/Contents\/2016\/06\/21\/thumbs_b_c_ce5f3cf09e2dabecfb42d5385dbf0694.jpg\" width=\"265\" height=\"149\" \/>Bosna Hersek&#8217;in ba\u015fkenti Saraybosna&#8217;da bu y\u0131l 5&#8217;incisi d\u00fczenlenen Ramazan Kitap Festivali ba\u015flad\u0131.\u00a0Saraybosna \u00c7ocuklar\u0131 Meydan\u0131&#8217;nda d\u00fczenlenen ve \u00fclke genelinden \u00e7ok say\u0131da yay\u0131nevinin kat\u0131ld\u0131\u011f\u0131 festivale, vatanda\u015flar yo\u011fun ilgi g\u00f6sterdi.\u00a0Festival kapsam\u0131nda ge\u00e7mi\u015f y\u0131llarda oldu\u011fu gibi bu y\u0131l da bir k\u00fct\u00fcphane i\u00e7in kitap ba\u011f\u0131\u015flar\u0131 al\u0131nmaya devam ederken, bu y\u0131l toplanan kitaplar\u0131n Doboj&#8217;da kurulacak \u015fehir k\u00fct\u00fcphanesine ba\u011f\u0131\u015flanaca\u011f\u0131 a\u00e7\u0131kland\u0131.<!--more--><\/p>\n<p style=\"text-align: justify;\">Festivalin organizat\u00f6rlerinden Connectum Yay\u0131nevi M\u00fcd\u00fcr\u00fc Ajet Arifi, bu y\u0131l da \u00fclke genelinden bir\u00e7ok \u015fehrinden yay\u0131nevinin festivale kat\u0131ld\u0131\u011f\u0131n\u0131 belirterek, festivalin ihtiya\u00e7 sahibi k\u00fct\u00fcphanelere yard\u0131m gelene\u011fini bu y\u0131l da s\u00fcrd\u00fcrd\u00fc\u011f\u00fcn\u00fc kaydetti.<\/p>\n<p style=\"text-align: justify;\">Festivali ziyaret edenleri b\u00fcy\u00fck indirimlerin bekledi\u011fini s\u00f6yleyen Arifi, ayn\u0131 zamanda her yay\u0131nevinin de 100 avro de\u011ferinde kitap ba\u011f\u0131\u015f\u0131 yapt\u0131\u011f\u0131na da dikkati \u00e7ekti.<\/p>\n<p style=\"text-align: justify;\">Doboj&#8217;da kurulacak k\u00fct\u00fcphanenin koordinat\u00f6r\u00fc Sevlid Kurtic de en az 5 bin kitapl\u0131k bir k\u00fct\u00fcphane a\u00e7may\u0131 hedeflediklerini ifade etti.<\/p>\n<p style=\"text-align: justify;\">Zenica \u015fehrindeki Vrijeme Yay\u0131nevi M\u00fcd\u00fcr\u00fc Muamer Spahic ise yay\u0131nevi olarak sadece Ramazan Kitap Festivali&#8217;ne kat\u0131ld\u0131klar\u0131n\u0131 kaydederek, &#8220;Bu t\u00fcr kitap fuarlar\u0131n\u0131n yay\u0131nc\u0131lara faydadan \u00e7ok zarar\u0131 oldu\u011funu d\u00fc\u015f\u00fcn\u00fcyorduk. Ancak Ramazan Kitap Festivali, sadece Bosna Hersekli yay\u0131nc\u0131lar\u0131n kat\u0131lmas\u0131ndan dolay\u0131 bu fuara \u00f6nem veriyoruz.&#8221; dedi.<\/p>\n<p style=\"text-align: justify;\">5. Ramazan Kitap Festivali, 2 Temmuz&#8217;a kadar ziyaret edilebilecek.<\/p>\n<p style=\"text-align: justify;\">Kaynak:http:\/\/aa.com.tr\/<\/p>\n","protected":false},"excerpt":{"rendered":"<p>Bosna Hersek&#8217;in ba\u015fkenti Saraybosna&#8217;da bu y\u0131l 5&#8217;incisi d\u00fczenlenen Ramazan Kitap Festivali ba\u015flad\u0131.\u00a0Saraybosna \u00c7ocuklar\u0131 Meydan\u0131&#8217;nda d\u00fczenlenen ve \u00fclke genelinden \u00e7ok say\u0131da yay\u0131nevinin kat\u0131ld\u0131\u011f\u0131 festivale, vatanda\u015flar yo\u011fun ilgi g\u00f6sterdi.\u00a0Festival kapsam\u0131nda ge\u00e7mi\u015f y\u0131llarda oldu\u011fu gibi bu y\u0131l da bir k\u00fct\u00fcphane i\u00e7in kitap ba\u011f\u0131\u015flar\u0131 al\u0131nmaya devam ederken, bu y\u0131l toplanan kitaplar\u0131n Doboj&#8217;da kurulacak \u015fehir k\u00fct\u00fcphanesine ba\u011f\u0131\u015flanaca\u011f\u0131 a\u00e7\u0131kland\u0131.<\/p>\n","protected":false},"author":1,"featured_media":0,"comment_status":"open","ping_status":"open","sticky":false,"template":"","format":"standard","meta":{"footnotes":""},"categories":[1,588],"tags":[1410],"class_list":["post-19472","post","type-post","status-publish","format-standard","hentry","category-genel","category-kitap-fuarlari","tag-uluslararasi-kutuphane-haberleri"],"_links":{"self":[{"href":"https:\/\/www.bbyhaber.com\/bby\/wp-json\/wp\/v2\/posts\/19472"}],"collection":[{"href":"https:\/\/www.bbyhaber.com\/bby\/wp-json\/wp\/v2\/posts"}],"about":[{"href":"https:\/\/www.bbyhaber.com\/bby\/wp-json\/wp\/v2\/types\/post"}],"author":[{"embeddable":true,"href":"https:\/\/www.bbyhaber.com\/bby\/wp-json\/wp\/v2\/users\/1"}],"replies":[{"embeddable":true,"href":"https:\/\/www.bbyhaber.com\/bby\/wp-json\/wp\/v2\/comments?post=19472"}],"version-history":[{"count":0,"href":"https:\/\/www.bbyhaber.com\/bby\/wp-json\/wp\/v2\/posts\/19472\/revisions"}],"wp:attachment":[{"href":"https:\/\/www.bbyhaber.com\/bby\/wp-json\/wp\/v2\/media?parent=19472"}],"wp:term":[{"taxonomy":"category","embeddable":true,"href":"https:\/\/www.bbyhaber.com\/bby\/wp-json\/wp\/v2\/categories?post=19472"},{"taxonomy":"post_tag","embeddable":true,"href":"https:\/\/www.bbyhaber.com\/bby\/wp-json\/wp\/v2\/tags?post=19472"}],"curies":[{"name":"wp","href":"https:\/\/api.w.org\/{rel}","templated":true}]}}