{"id":19462,"date":"2016-06-20T12:47:45","date_gmt":"2016-06-20T09:47:45","guid":{"rendered":"http:\/\/www.bbyhaber.com\/bby\/?p=19462"},"modified":"2016-06-20T12:48:01","modified_gmt":"2016-06-20T09:48:01","slug":"sivasta-kutuphane-duvari-coktu","status":"publish","type":"post","link":"https:\/\/www.bbyhaber.com\/bby\/2016\/06\/20\/sivasta-kutuphane-duvari-coktu","title":{"rendered":"Sivas&#8217;ta k\u00fct\u00fcphane duvar\u0131 \u00e7\u00f6kt\u00fc"},"content":{"rendered":"<p style=\"text-align: justify;\"><img loading=\"lazy\" decoding=\"async\" class=\"alignleft\" src=\"http:\/\/i.cnnturk.com\/ps\/cnnturk\/100\/440x299\/5766c12c86857643c4a141d3.jpg\" width=\"274\" height=\"186\" \/>Sivas&#8217;ta 10 Ekim 2015 tarihinde a\u00e7\u0131l\u0131\u015f\u0131 yap\u0131lan \u015eems-i Sivasi \u0130l Halk K\u00fct\u00fcphanesi&#8217;nin Tekel Sokak \u00fczerinde bulunan bodrum kat\u0131 duvar\u0131 ile bina yan\u0131ndaki kald\u0131r\u0131m \u00e7\u00f6kt\u00fc. \u00c7\u00f6kme s\u0131ras\u0131nda kald\u0131r\u0131mdan birinin ge\u00e7memesi olas\u0131 bir faciay\u0131 \u00f6nlerken, olay yerine gelen polis ekipleri alan\u0131n etraf\u0131na g\u00fcvenlik \u015feridi \u00e7ekerek \u00f6nlem ald\u0131.<!--more--><\/p>\n<p style=\"text-align: justify;\">Olay yerinde inceleme yapan bina yetkilileri, s\u00f6z konusu alanda hafta i\u00e7i dolgu \u00e7al\u0131\u015fmas\u0131 yap\u0131ld\u0131\u011f\u0131n\u0131 belirterek bu kazan\u0131n i\u015f\u00e7ilerin \u00e7al\u0131\u015ft\u0131\u011f\u0131 s\u0131rada meydana gelmemi\u015f olmas\u0131n\u0131n sevindirici oldu\u011funa dikkat \u00e7ekti.<\/p>\n<p style=\"text-align: justify;\">Kaynak:http:\/\/www.cnnturk.com\/<\/p>\n","protected":false},"excerpt":{"rendered":"<p>Sivas&#8217;ta 10 Ekim 2015 tarihinde a\u00e7\u0131l\u0131\u015f\u0131 yap\u0131lan \u015eems-i Sivasi \u0130l Halk K\u00fct\u00fcphanesi&#8217;nin Tekel Sokak \u00fczerinde bulunan bodrum kat\u0131 duvar\u0131 ile bina yan\u0131ndaki kald\u0131r\u0131m \u00e7\u00f6kt\u00fc. \u00c7\u00f6kme s\u0131ras\u0131nda kald\u0131r\u0131mdan birinin ge\u00e7memesi olas\u0131 bir faciay\u0131 \u00f6nlerken, olay yerine gelen polis ekipleri alan\u0131n etraf\u0131na g\u00fcvenlik \u015feridi \u00e7ekerek \u00f6nlem ald\u0131.<\/p>\n","protected":false},"author":1,"featured_media":0,"comment_status":"open","ping_status":"open","sticky":false,"template":"","format":"standard","meta":{"footnotes":""},"categories":[1],"tags":[],"class_list":["post-19462","post","type-post","status-publish","format-standard","hentry","category-genel"],"_links":{"self":[{"href":"https:\/\/www.bbyhaber.com\/bby\/wp-json\/wp\/v2\/posts\/19462"}],"collection":[{"href":"https:\/\/www.bbyhaber.com\/bby\/wp-json\/wp\/v2\/posts"}],"about":[{"href":"https:\/\/www.bbyhaber.com\/bby\/wp-json\/wp\/v2\/types\/post"}],"author":[{"embeddable":true,"href":"https:\/\/www.bbyhaber.com\/bby\/wp-json\/wp\/v2\/users\/1"}],"replies":[{"embeddable":true,"href":"https:\/\/www.bbyhaber.com\/bby\/wp-json\/wp\/v2\/comments?post=19462"}],"version-history":[{"count":0,"href":"https:\/\/www.bbyhaber.com\/bby\/wp-json\/wp\/v2\/posts\/19462\/revisions"}],"wp:attachment":[{"href":"https:\/\/www.bbyhaber.com\/bby\/wp-json\/wp\/v2\/media?parent=19462"}],"wp:term":[{"taxonomy":"category","embeddable":true,"href":"https:\/\/www.bbyhaber.com\/bby\/wp-json\/wp\/v2\/categories?post=19462"},{"taxonomy":"post_tag","embeddable":true,"href":"https:\/\/www.bbyhaber.com\/bby\/wp-json\/wp\/v2\/tags?post=19462"}],"curies":[{"name":"wp","href":"https:\/\/api.w.org\/{rel}","templated":true}]}}