{"id":19442,"date":"2016-06-03T20:23:23","date_gmt":"2016-06-03T17:23:23","guid":{"rendered":"http:\/\/www.bbyhaber.com\/bby\/?p=19442"},"modified":"2016-08-12T16:26:33","modified_gmt":"2016-08-12T13:26:33","slug":"istanbul-medeniyet-universitesi-uzman-ilani-son-basvuru-17-haziran-2016-2","status":"publish","type":"post","link":"https:\/\/www.bbyhaber.com\/bby\/2016\/06\/03\/istanbul-medeniyet-universitesi-uzman-ilani-son-basvuru-17-haziran-2016-2","title":{"rendered":"\u0130stanbul Medeniyet \u00dcniversitesi Uzman \u0130lan\u0131-Son Ba\u015fvuru-17 Haziran 2016"},"content":{"rendered":"<p style=\"text-align: justify;\"><a href=\"http:\/\/www.bbyhaber.com\/bby\/category\/bby-is-ilanlari\/\"><img loading=\"lazy\" decoding=\"async\" class=\"alignleft colorbox-9771\" src=\"http:\/\/www.bbyhaber.com\/bby\/wp-content\/uploads\/is-ilanlari-arsivi.jpg\" alt=\"\" width=\"250\" height=\"150\" \/><\/a>\u0130STANBUL MEDEN\u0130YET \u00dcN\u0130VERS\u0130TES\u0130&#8212;&gt;EDEB\u0130YAT FAK\u00dcLTES\u0130&#8212;&gt;B\u0130LG\u0130 VE BELGE Y\u00d6NET\u0130M\u0130 B\u00d6L\u00dcM\u00dc&#8217;ne &#8220;<strong><span style=\"text-decoration: underline;\">K\u00fct\u00fcphanecilik alan\u0131nda doktora yapm\u0131\u015f olmak. Doktora sonras\u0131 bu alanda en az 10 y\u0131l tecr\u00fcbeli olmak.<\/span><\/strong> &#8221; \u00f6zel \u015fart\u0131 ile <span style=\"color: #ff0000;\"><strong>1<\/strong><\/span> <span style=\"color: #0000ff;\"><strong>UZMAN<\/strong><\/span> al\u0131nacakt\u0131r. <!--more--><\/p>\n<table style=\"color: #000000; font-family: Arial, Tahoma, Verdana; font-size: 15px; line-height: 18px;\" border=\"1\" width=\"344\" cellspacing=\"0\" cellpadding=\"0\">\n<colgroup>\n<col width=\"233\" \/>\n<col width=\"111\" \/> <\/colgroup>\n<tbody>\n<tr>\n<td width=\"233\" height=\"20\">Kadro Unvan<\/td>\n<td width=\"111\"><strong>UZMAN<br \/>\n<\/strong><\/td>\n<\/tr>\n<tr>\n<td height=\"20\">ALES<\/td>\n<td><strong>70<\/strong><\/td>\n<\/tr>\n<tr>\n<td height=\"20\">\u00dcDS\/Dengi<\/td>\n<td>50<\/td>\n<\/tr>\n<tr>\n<td height=\"20\">Kadro Say\u0131s\u0131<\/td>\n<td><span style=\"color: #ff0000;\"><strong>1<\/strong><\/span><\/td>\n<\/tr>\n<tr>\n<td height=\"20\">Kadro Derecesi<\/td>\n<td>1<\/td>\n<\/tr>\n<tr>\n<td height=\"20\">Ba\u015fvuru Tipi<\/td>\n<td><strong>Posta, \u015eahsen<\/strong><\/td>\n<\/tr>\n<tr>\n<td height=\"20\"><strong><span style=\"color: #0000ff;\">\u00d6zel \u015eart<\/span><\/strong><\/td>\n<td><strong>K\u00fct\u00fcphanecilik alan\u0131nda doktora yapm\u0131\u015f olmak. Doktora sonras\u0131 bu alanda en az 10 y\u0131l tecr\u00fcbeli olmak.<br \/>\n<\/strong><\/td>\n<\/tr>\n<tr>\n<td height=\"20\">Ba\u015fvuru Yeri<\/td>\n<td><strong>\u0130stanbul Medeniyet \u00dcniversitesi Rekt\u00f6rl\u00fc\u011f\u00fc\/ Dumlup\u0131nar Mah. D-100 Karayolu No:98 Kad\u0131k\u00f6y\/\u0130STANBUL<br \/>\n<\/strong><\/td>\n<\/tr>\n<tr>\n<td height=\"20\"><strong style=\"color: #ff0000; font-family: Arial, Tahoma, Verdana; font-size: 15px; line-height: 18px;\">Son Ba\u015fvuru Tarihi<\/strong><\/td>\n<td><span style=\"font-family: Arial, Tahoma, Verdana;\"><span style=\"font-size: 15px;\"><strong>17.06.2016<\/strong><\/span><\/span><\/td>\n<\/tr>\n<tr>\n<td height=\"20\">\u00d6n De\u011ferlendirme Tarihi<\/td>\n<td>20.06.2016<\/td>\n<\/tr>\n<tr>\n<td height=\"20\">S\u0131nav Giri\u015f Tarihi<\/td>\n<td>21.06.2016<\/td>\n<\/tr>\n<tr>\n<td height=\"20\"><span style=\"color: #0000ff;\"><strong>Sonu\u00e7 A\u00e7\u0131klama Tarihi<\/strong><\/span><\/td>\n<td><strong>22.06.2016<\/strong><\/td>\n<\/tr>\n<\/tbody>\n<\/table>\n<p><strong>BA\u015eVURUDA \u0130STENEN BELGELER:<\/strong><\/p>\n<p>-Ba\u015fvurduklar\u0131 b\u00f6l\u00fcm ve anabilim dallar\u0131n\u0131, ilan tarihini, \u0130lan Numaras\u0131n\u0131, yaz\u0131\u015fma adreslerini, telefon numaralar\u0131n\u0131 ve e-mail adreslerini belirten dilek\u00e7e,<\/p>\n<p>-\u00d6zge\u00e7mi\u015f,<\/p>\n<p>-Merkezi S\u0131nav (ALES) belgesi,<\/p>\n<p>-YDS veya E\u015fde\u011ferlili\u011fi Y\u00fcksek\u00f6\u011fretim Kurulu Taraf\u0131ndan Kabul Edilen Bir S\u0131nav\u0131n Sonu\u00e7 Belgesi<\/p>\n<p>-Y\u00fcksek Lisans veya Doktora yapm\u0131\u015f\/yap\u0131yor olmak \u015fart\u0131 aranan ilanlarda \u00f6\u011frenci belgesi ve\/veya mezuniyet belgesi eklenecektir. (asl\u0131 veya asl\u0131 gibidir onayl\u0131)(yabanc\u0131 y\u00fcksek\u00f6\u011fretim kurumu mezunlar\u0131n\u0131n diplomalar\u0131n\u0131n Y\u00fcksek\u00f6\u011fretim Kurulu Ba\u015fkanl\u0131\u011f\u0131nca denkli\u011fini g\u00f6steren onayl\u0131 belge)<\/p>\n<p>-Lisans mezuniyet belgesi (asl\u0131 veya asl\u0131 gibidir onayl\u0131) ) (yabanc\u0131 y\u00fcksek\u00f6\u011fretim kurumu mezunlar\u0131n\u0131n diplomalar\u0131n\u0131n Y\u00fcksek\u00f6\u011fretim Kurulu Ba\u015fkanl\u0131\u011f\u0131nca denkli\u011fini g\u00f6steren onayl\u0131 belge)<\/p>\n<p>-Lisans transkripti (asl\u0131 veya asl\u0131 gibidir onayl\u0131)<\/p>\n<p>-N\u00fcfus c\u00fczdan\u0131 fotokopisi<\/p>\n<p>-2 Adet vesikal\u0131k foto\u011fraf (son alt\u0131 ay i\u00e7inde \u00e7ekilmi\u015f olmal\u0131)<\/p>\n<p>-Erkek adaylar i\u00e7in askerlik terhis veya tecil belgesi<\/p>\n<p>-Hizmet belgesi (Kamuda \u00e7al\u0131\u015fm\u0131\u015f veya \u00e7al\u0131\u015f\u0131yor olanlar i\u00e7in)<\/p>\n<p>-Alan\u0131nda \u0130\u015f Tecr\u00fcbe \u015fart\u0131 aranmas\u0131 halinde \u00e7al\u0131\u015f\u0131lan i\u015fyerinden al\u0131nan \u00e7al\u0131\u015ft\u0131\u011f\u0131n\u0131 g\u00f6sterir belge.<\/p>\n<p>-Sa\u011fl\u0131k raporu (Giri\u015f s\u0131nav\u0131nda ba\u015far\u0131l\u0131 olan adaylar i\u00e7in ge\u00e7erlidir)<\/p>\n<p>-\u0130yi Hal Ka\u011f\u0131d\u0131 (Giri\u015f s\u0131nav\u0131nda ba\u015far\u0131l\u0131 olan adaylar i\u00e7in ge\u00e7erlidir)<\/p>\n<p><a href=\"https:\/\/yoksis.yok.gov.tr\/ilansayfa\/?sessionid=50270\" target=\"_blank\"><span style=\"color: #0000ff;\"><strong><span style=\"color: #0000ff;\">Daha fazla bilgi ve belge i\u00e7in t\u0131klay\u0131n\u0131z<\/span><\/strong><\/span><\/a><\/p>\n","protected":false},"excerpt":{"rendered":"<p>\u0130STANBUL MEDEN\u0130YET \u00dcN\u0130VERS\u0130TES\u0130&#8212;&gt;EDEB\u0130YAT FAK\u00dcLTES\u0130&#8212;&gt;B\u0130LG\u0130 VE BELGE Y\u00d6NET\u0130M\u0130 B\u00d6L\u00dcM\u00dc&#8217;ne &#8220;K\u00fct\u00fcphanecilik alan\u0131nda doktora yapm\u0131\u015f olmak. Doktora sonras\u0131 bu alanda en az 10 y\u0131l tecr\u00fcbeli olmak. &#8221; \u00f6zel \u015fart\u0131 ile 1 UZMAN al\u0131nacakt\u0131r.<\/p>\n","protected":false},"author":1,"featured_media":0,"comment_status":"open","ping_status":"open","sticky":false,"template":"","format":"standard","meta":{"footnotes":""},"categories":[],"tags":[1393],"class_list":["post-19442","post","type-post","status-publish","format-standard","hentry","tag-bby-is-ilanlari-arsivi"],"_links":{"self":[{"href":"https:\/\/www.bbyhaber.com\/bby\/wp-json\/wp\/v2\/posts\/19442"}],"collection":[{"href":"https:\/\/www.bbyhaber.com\/bby\/wp-json\/wp\/v2\/posts"}],"about":[{"href":"https:\/\/www.bbyhaber.com\/bby\/wp-json\/wp\/v2\/types\/post"}],"author":[{"embeddable":true,"href":"https:\/\/www.bbyhaber.com\/bby\/wp-json\/wp\/v2\/users\/1"}],"replies":[{"embeddable":true,"href":"https:\/\/www.bbyhaber.com\/bby\/wp-json\/wp\/v2\/comments?post=19442"}],"version-history":[{"count":0,"href":"https:\/\/www.bbyhaber.com\/bby\/wp-json\/wp\/v2\/posts\/19442\/revisions"}],"wp:attachment":[{"href":"https:\/\/www.bbyhaber.com\/bby\/wp-json\/wp\/v2\/media?parent=19442"}],"wp:term":[{"taxonomy":"category","embeddable":true,"href":"https:\/\/www.bbyhaber.com\/bby\/wp-json\/wp\/v2\/categories?post=19442"},{"taxonomy":"post_tag","embeddable":true,"href":"https:\/\/www.bbyhaber.com\/bby\/wp-json\/wp\/v2\/tags?post=19442"}],"curies":[{"name":"wp","href":"https:\/\/api.w.org\/{rel}","templated":true}]}}