{"id":19429,"date":"2016-06-16T10:42:36","date_gmt":"2016-06-16T07:42:36","guid":{"rendered":"http:\/\/www.bbyhaber.com\/bby\/?p=19429"},"modified":"2016-06-16T10:43:07","modified_gmt":"2016-06-16T07:43:07","slug":"el-yazmasi-kuran-i-kerimler-milli-kutuphanede-sergileniyor","status":"publish","type":"post","link":"https:\/\/www.bbyhaber.com\/bby\/2016\/06\/16\/el-yazmasi-kuran-i-kerimler-milli-kutuphanede-sergileniyor","title":{"rendered":"El Yazmas\u0131 Kur\u2019an-\u0131 Kerimler Mill\u00ee K\u00fct\u00fcphane&#8217;de sergileniyor"},"content":{"rendered":"<div style=\"text-align: justify;\"><img loading=\"lazy\" decoding=\"async\" class=\"alignleft\" src=\"http:\/\/basin.kulturturizm.gov.tr\/Resim\/168653,dsc0989jpg.png?0\" width=\"155\" height=\"233\" \/>G\u00fcn\u00fcm\u00fcz teknolojisine kar\u015f\u0131n de\u011feri hi\u00e7bir zaman kaybolmayan ve y\u0131llar ge\u00e7tik\u00e7e daha da de\u011ferlenen yazma eserler T\u00fcrkiye\u2019de adeta ya\u015fam buluyor. Ge\u00e7mi\u015fin izlerini gelece\u011fe ta\u015f\u0131yan bu nadide miras\u0131 restore ederek d\u00fcnyaya \u0131\u015f\u0131k tutan ve \u00e7a\u011fda\u015f hat sanat\u0131n\u0131n merkezi olan \u00fclkemizde birbirinden de\u011ferli eserler \u00e7e\u015fitli sergilerle merakl\u0131lar\u0131yla bulu\u015fturuluyor.<\/div>\n<p><!--more--><\/p>\n<div style=\"text-align: justify;\"><\/div>\n<div style=\"text-align: justify;\">Geleneksel el sanatlar\u0131m\u0131z\u0131n nadide \u00f6rneklerinden el yazmas\u0131 eserlere, padi\u015fah tu\u011fralar\u0131ndan eski film afi\u015flerine bir\u00e7ok hat\u0131ran\u0131n sergilenmesine \u00f6nc\u00fcl\u00fck eden Mill\u00ee K\u00fct\u00fcphane Ba\u015fkanl\u0131\u011f\u0131 \u015fimdi de \u201cPadi\u015fahlar Tu\u011fra ve Paralar &amp; El Yazmas\u0131 Kur\u2019an-\u0131 Kerimler\u201d adl\u0131 yazma eserler sergisine ev sahipli\u011fi yap\u0131yor.<\/div>\n<div style=\"text-align: justify;\"><\/div>\n<div style=\"text-align: justify;\">Hat sanat\u0131n\u0131n bu topraklarda do\u011fdu\u011funu ve geli\u015fti\u011fini belirten K\u00fclt\u00fcr ve Turizm Bakan\u0131 Nabi Avc\u0131, serginin a\u00e7\u0131l\u0131\u015f\u0131nda yapt\u0131\u011f\u0131 konu\u015fmada Mill\u00ee K\u00fct\u00fcphane ile ilgili son g\u00fcnlerde \u00e7\u0131kan haberlere de\u011finerek, Mill\u00ee K\u00fct\u00fcphane\u2019nin hizmet a\u011f\u0131n\u0131 T\u00fcrkiye\u2019ye yayma \u00e7abas\u0131nda oldu\u011funun alt\u0131n\u0131 \u00e7izdi.<\/div>\n<div style=\"text-align: justify;\"><\/div>\n<div style=\"text-align: justify;\"><strong>Hat Sanat\u0131 Bu Topraklarda Do\u011fdu ve Geli\u015fti<\/strong><\/div>\n<div style=\"text-align: justify;\"><\/div>\n<div style=\"text-align: justify;\">\u201cBizim co\u011frafyam\u0131zda ve k\u00fclt\u00fcr\u00fcm\u00fczde \u2018hakikatin \u00f6z\u00fc s\u00f6z, sanat\u0131n \u00f6z\u00fc yaz\u0131\u2019 olmu\u015ftur. Bu anlamda hat sanat\u0131, minyat\u00fcr, ebru, \u00e7ini gibi kendine \u00f6zg\u00fc bir\u00e7ok eser bu topraklardan \u00e7\u0131km\u0131\u015f veya bu topraklarda en g\u00fczel \u00fcr\u00fcnlerini vermi\u015ftir.<\/div>\n<div style=\"text-align: justify;\"><\/div>\n<div style=\"text-align: justify;\">Bunlar aras\u0131nda \u00f6zellikle hat sanat\u0131n\u0131n son y\u0131llarda \u00e7ok ra\u011fbet g\u00f6rmeye ba\u015flamas\u0131 sevindirici bir geli\u015fmedir. Ge\u00e7mi\u015fte yasaklanan pek \u00e7ok \u00e7al\u0131\u015fma bug\u00fcn art\u0131k \u00e7ok \u015f\u00fck\u00fcr her d\u00fczeyde ra\u011fbet g\u00f6r\u00fcyor. \u0130lk bak\u0131\u015fta, sadece g\u00fczel yaz\u0131 sanat\u0131 olarak alg\u0131lansa da, asl\u0131nda \u00e7\u0131k\u0131\u015f noktas\u0131 itibariyle Kitab\u0131 Kerim\u2019in en g\u00fczel, en g\u00f6rkemli \u015fekilde g\u00f6zler \u00f6n\u00fcne serilmesinden al\u0131yor as\u0131l cazibesini.<\/div>\n<div style=\"text-align: justify;\"><\/div>\n<div style=\"text-align: justify;\">Derler ki; \u2018Kur\u2019an-\u0131 Kerim Mekke\u2019de nazil oldu, Kahire\u2019de okundu, \u0130stanbul\u2019da yaz\u0131ya d\u00f6k\u00fcld\u00fc.\u2019 Hat sanat\u0131n\u0131n do\u011fumu ve geli\u015fmesi \u00f6zellikle bu topraklarda ger\u00e7ekle\u015fti. G\u00fcn\u00fcm\u00fczde de \u00e7a\u011fda\u015f hat sanat\u0131 b\u00fct\u00fcn d\u00fcnyada \u00e7ok \u015f\u00fck\u00fcr T\u00fcrkiye merkezli olarak geli\u015fiyor. Bu hepimiz i\u00e7in hem bir gurur kayna\u011f\u0131 hem de bir memnuniyet vesilesi.\u201d<\/div>\n<div style=\"text-align: justify;\"><\/div>\n<div style=\"text-align: justify;\"><strong>Bu Nadide Eserlerin G\u00f6r\u00fclmesini \u00d6zellikle Tavsiye Ediyorum<\/strong><\/div>\n<div style=\"text-align: justify;\"><\/div>\n<div style=\"text-align: justify;\">\u201cBug\u00fcn sergilenmeye ba\u015flanacak olan el yazmas\u0131 eserler, g\u00fcn\u00fcm\u00fczde teknolojinin geli\u015fmesiyle birlikte de\u011feri hi\u00e7bir zaman kaybolmayan tam aksine y\u0131llar ge\u00e7tik\u00e7e daha da de\u011ferlenen \u00e7ok de\u011ferli eserler.<\/div>\n<div style=\"text-align: justify;\"><\/div>\n<div style=\"text-align: justify;\">El yazmas\u0131 eserlerin ge\u00e7mi\u015fle ilgili en iyi bilgi edinme kayna\u011f\u0131 oldu\u011funu da hepimiz biliyoruz. Bu \u00e7at\u0131 alt\u0131nda 11 g\u00fcn boyunca sergilenecek olan Kuran-\u0131 Kerim\u2019ler ilim, irfan sahibi \u00e2limler, sanatk\u00e2rlar taraf\u0131ndan yaz\u0131lm\u0131\u015f cevher niteli\u011finde \u015faheserlerdir.<\/div>\n<div style=\"text-align: justify;\"><\/div>\n<div style=\"text-align: justify;\">Bu nedenle merakl\u0131lar\u0131n yan\u0131 s\u0131ra \u00f6zellikle gen\u00e7lerimizin, \u00f6\u011fretmenlerimizin, \u00f6\u011frencilerimizin gelip buray\u0131 ziyaret etmelerini ve bu nadide eserleri yak\u0131ndan g\u00f6rmelerini \u00f6zellikle tavsiye ediyorum. 20 y\u0131ldan bu yana \u00f6zellikle \u0130slam ve Osmanl\u0131 sanat tarihi ara\u015ft\u0131rmas\u0131 yapan ve sanat tarihi konusunda \u00e7ok \u00f6nemli ara\u015ft\u0131rmalar\u0131 bulunan Say\u0131n Fahreddin Suat Yanova, Osmanl\u0131 G\u00fczel Sanatlar At\u00f6lyesinde \u00fcretti\u011fi eserleri el yazmas\u0131 eserlerle birle\u015ftirerek, bu \u00f6nemli sanat dallar\u0131na bir kez daha katk\u0131da bulunuyor. Kendisine ayr\u0131ca te\u015fekk\u00fcrlerimi sunuyorum.\u201d<\/div>\n<div style=\"text-align: justify;\"><\/div>\n<div style=\"text-align: justify;\"><strong>Mill\u00ee K\u00fct\u00fcphane Hizmet A\u011f\u0131n\u0131 T\u00fcrkiye\u2019ye Yayma \u00c7abas\u0131ndad\u0131r<\/strong><\/div>\n<div style=\"text-align: justify;\"><\/div>\n<div style=\"text-align: justify;\">\u201cBug\u00fcnlerde Mill\u00ee K\u00fct\u00fcphane yalan yanl\u0131\u015f haberlere konu oluyor. Onun i\u00e7in Mill\u00ee K\u00fct\u00fcphanenin ne oldu\u011funu, ne olmad\u0131\u011f\u0131n\u0131 bir kere de K\u00fclt\u00fcr ve Turizm Bakan\u0131 olarak vurgulama ihtiyac\u0131 duyuyorum.<\/div>\n<div style=\"text-align: justify;\"><\/div>\n<div style=\"text-align: justify;\">Mill\u00ee K\u00fct\u00fcphane memleketimizin k\u00fclt\u00fcr, sanat ve tarihini yans\u0131tan say\u0131s\u0131z esere ev sahipli\u011fi yapmas\u0131n\u0131n yan\u0131nda mill\u00ee bilgi a\u011f\u0131n\u0131n merkezi haline gelmi\u015ftir. Mill\u00ee K\u00fct\u00fcphane, koleksiyonunda bulunan zengin i\u00e7eri\u011fi ile ara\u015ft\u0131rmac\u0131lara, akademisyenlere, bilim adamlar\u0131na ve b\u00fct\u00fcn okuyuculara yenilik\u00e7i anlay\u0131\u015fla 8 ayr\u0131 okuma salonunda hizmet veriyor.<\/div>\n<div style=\"text-align: justify;\"><\/div>\n<div style=\"text-align: justify;\">Mill\u00ee K\u00fct\u00fcphane koleksiyonunun en \u00f6nemli bile\u015fenleri; 27 bin 548 el yazmas\u0131 kitap, 1928 harf ink\u0131l\u00e2b\u0131 \u00f6ncesine ait 88 bin T\u00fcrk\u00e7e kitap, bin 241 cilt Latin harfli nadir matbu kitaplard\u0131r. Ayr\u0131ca buras\u0131 derleme k\u00fct\u00fcphanesi de oldu\u011fu i\u00e7in s\u00fcrekli yeni yay\u0131nlarla besleniyor.<\/div>\n<div style=\"text-align: justify;\"><\/div>\n<div style=\"text-align: justify;\">Osmanl\u0131 d\u00f6nemine ait ilk ansiklopedik eser olan Bedr-i Dil\u015f\u00e2d\u2019\u0131n 1428 y\u0131l\u0131nda yazd\u0131\u011f\u0131 M\u00fcellif Hatt\u0131 Mur\u00e2t-n\u00e2me\u2019si, yine Osmanl\u0131 d\u00f6neminde eski harflerimizle yaz\u0131lm\u0131\u015f olan ilk m\u00fcteferrika bask\u0131lar\u0131ndan Vankulu Lugati (ki Yazma Eserler Kurumumuz onun tekrar t\u0131pk\u0131bas\u0131m\u0131n\u0131 ger\u00e7ekle\u015ftirdi), K\u00e2tip \u00c7elebi\u2019nin Tuhfet\u00fc\u2019l-Kib\u00e2r Fi Esfari\u2019l-Bih\u00e2r\u2019\u0131 gibi \u00e7ok \u00f6nemli eserler bu Mill\u00ee K\u00fct\u00fcphane koleksiyonu i\u00e7erisinde yer al\u0131yor.<\/div>\n<div style=\"text-align: justify;\"><\/div>\n<div style=\"text-align: justify;\">Bilgi toplumu geli\u015fmelerine uyum sa\u011flayarak ara\u015ft\u0131rmac\u0131lar\u0131m\u0131za daha verimli ve daha h\u0131zl\u0131 bir hizmet sunma gayretinde olan Mill\u00ee K\u00fct\u00fcphane bas\u0131l\u0131 eserlerin d\u0131\u015f\u0131nda teknolojik imk\u00e2nlar\u0131 da kullanarak hizmet a\u011f\u0131n\u0131 b\u00fct\u00fcn T\u00fcrkiye\u2019ye yayma \u00e7abas\u0131ndad\u0131r.<\/div>\n<div style=\"text-align: justify;\"><\/div>\n<div style=\"text-align: justify;\">Kuran\u2019\u0131 Kerim\u2019in yery\u00fcz\u00fcn\u00fc \u015fereflendirdi\u011fi bu m\u00fcbarek ramazan ay\u0131nda bu etkinli\u011fin ger\u00e7ekle\u015fmesi de hepimiz i\u00e7in ayr\u0131 bir anlam ta\u015f\u0131yor.<\/div>\n<div style=\"text-align: justify;\"><\/div>\n<div style=\"text-align: justify;\">Kaynak:http:\/\/basin.kulturturizm.gov.tr\/<\/div>\n","protected":false},"excerpt":{"rendered":"<p>G\u00fcn\u00fcm\u00fcz teknolojisine kar\u015f\u0131n de\u011feri hi\u00e7bir zaman kaybolmayan ve y\u0131llar ge\u00e7tik\u00e7e daha da de\u011ferlenen yazma eserler T\u00fcrkiye\u2019de adeta ya\u015fam buluyor. Ge\u00e7mi\u015fin izlerini gelece\u011fe ta\u015f\u0131yan bu nadide miras\u0131 restore ederek d\u00fcnyaya \u0131\u015f\u0131k tutan ve \u00e7a\u011fda\u015f hat sanat\u0131n\u0131n merkezi olan \u00fclkemizde birbirinden de\u011ferli eserler \u00e7e\u015fitli sergilerle merakl\u0131lar\u0131yla bulu\u015fturuluyor.<\/p>\n","protected":false},"author":1,"featured_media":0,"comment_status":"open","ping_status":"open","sticky":false,"template":"","format":"standard","meta":{"footnotes":""},"categories":[1475,1],"tags":[767,1450],"class_list":["post-19429","post","type-post","status-publish","format-standard","hentry","category-ankara-milli-kutuphane","category-genel","tag-kuran-i-kerim","tag-milli-kutuphaneler"],"_links":{"self":[{"href":"https:\/\/www.bbyhaber.com\/bby\/wp-json\/wp\/v2\/posts\/19429"}],"collection":[{"href":"https:\/\/www.bbyhaber.com\/bby\/wp-json\/wp\/v2\/posts"}],"about":[{"href":"https:\/\/www.bbyhaber.com\/bby\/wp-json\/wp\/v2\/types\/post"}],"author":[{"embeddable":true,"href":"https:\/\/www.bbyhaber.com\/bby\/wp-json\/wp\/v2\/users\/1"}],"replies":[{"embeddable":true,"href":"https:\/\/www.bbyhaber.com\/bby\/wp-json\/wp\/v2\/comments?post=19429"}],"version-history":[{"count":0,"href":"https:\/\/www.bbyhaber.com\/bby\/wp-json\/wp\/v2\/posts\/19429\/revisions"}],"wp:attachment":[{"href":"https:\/\/www.bbyhaber.com\/bby\/wp-json\/wp\/v2\/media?parent=19429"}],"wp:term":[{"taxonomy":"category","embeddable":true,"href":"https:\/\/www.bbyhaber.com\/bby\/wp-json\/wp\/v2\/categories?post=19429"},{"taxonomy":"post_tag","embeddable":true,"href":"https:\/\/www.bbyhaber.com\/bby\/wp-json\/wp\/v2\/tags?post=19429"}],"curies":[{"name":"wp","href":"https:\/\/api.w.org\/{rel}","templated":true}]}}