{"id":19406,"date":"2016-06-15T03:26:48","date_gmt":"2016-06-15T00:26:48","guid":{"rendered":"http:\/\/www.bbyhaber.com\/bby\/?p=19406"},"modified":"2016-06-15T16:22:56","modified_gmt":"2016-06-15T13:22:56","slug":"bakan-avci-gezici-kutuphane-araci-46ya-yukseldi","status":"publish","type":"post","link":"https:\/\/www.bbyhaber.com\/bby\/2016\/06\/15\/bakan-avci-gezici-kutuphane-araci-46ya-yukseldi","title":{"rendered":"Bakan Avc\u0131: Gezici k\u00fct\u00fcphane arac\u0131 46&#8217;ya y\u00fckseldi"},"content":{"rendered":"<p style=\"text-align: justify;\"><img loading=\"lazy\" decoding=\"async\" class=\"alignleft\" src=\"http:\/\/www.memurlar.net\/common\/news\/images\/590562\/headline.jpg\" alt=\"Bakan Avc\u0131: Gezici k\u00fct\u00fcphane arac\u0131 46'ya y\u00fckseldi\" width=\"279\" height=\"212\" \/>K\u00fclt\u00fcr ve Turizm Bakan\u0131 Nabi Avc\u0131, &#8220;T\u00fcrkiye ger\u00e7ekten yay\u0131nc\u0131l\u0131k alan\u0131nda son 15 y\u0131lda \u00e7ok b\u00fcy\u00fck at\u0131l\u0131mlar ger\u00e7ekle\u015ftirdi. \u015eu anda 2 milyar 300 k\u00fcsur milyon dolarl\u0131k bir ciro ile T\u00fcrk yay\u0131nc\u0131l\u0131k sekt\u00f6r\u00fc d\u00fcnyada 11&#8217;inci s\u0131rada. <!--more-->\u0130n\u015fallah \u00f6n\u00fcm\u00fczdeki y\u0131l yay\u0131nc\u0131l\u0131k sekt\u00f6r\u00fcm\u00fcz ilk 10&#8217;a girecek. B\u00f6ylece b\u00fct\u00fcn alanlarda \u00f6n\u00fcm\u00fcze koydu\u011fumuz d\u00fcnyada ilk 10&#8217;a girme hedefini yay\u0131nc\u0131l\u0131k sekt\u00f6r\u00fcnde ger\u00e7ekle\u015ftirmi\u015f olaca\u011f\u0131z.&#8221; dedi.<\/p>\n<p style=\"text-align: justify;\">Bakan Avc\u0131, K\u00fct\u00fcphaneler ve Yay\u0131mlar Genel M\u00fcd\u00fcrl\u00fc\u011f\u00fcnde d\u00fczenlenen &#8220;Gezici K\u00fct\u00fcphane Ara\u00e7lar\u0131n\u0131n \u0130llere Teslim T\u00f6reni&#8221;nde, 31 gezici k\u00fct\u00fcphane arac\u0131na, 15 yeni arac\u0131n daha eklendi\u011fini ve ara\u00e7 say\u0131s\u0131n\u0131n 46&#8217;ya y\u00fckseldi\u011fini belirtti.<\/p>\n<p style=\"text-align: justify;\">Gezici k\u00fct\u00fcphaneler ve burada bulunan kitaplar i\u00e7in eme\u011fi ge\u00e7en, kendisinden \u00f6nceki bakanlara ve yetkililere te\u015fekk\u00fcr eden Avc\u0131, bu k\u00fct\u00fcphanelerde 39 bin 97 kay\u0131tl\u0131 \u00fcye bulundu\u011funu ifade etti.<\/p>\n<p style=\"text-align: justify;\">Bu say\u0131y\u0131 100 bine \u00e7\u0131karmay\u0131 hedeflediklerini aktaran Avc\u0131, s\u00f6zlerini \u015f\u00f6yle s\u00fcrd\u00fcrd\u00fc:<\/p>\n<p style=\"text-align: justify;\">&#8220;Gezici k\u00fct\u00fcphanelerde 105 bin kitap var. Bu kitaplar 465 noktada bug\u00fcne kadar 466 bin okuyucuyla bulu\u015ftu. Bu ger\u00e7ekten k\u00fc\u00e7\u00fcmsenmeyecek bir rakam ama in\u015fallah bunu da en k\u0131sa zamanda daha yukar\u0131lara ta\u015f\u0131yaca\u011f\u0131z. \u00c7\u00fcnk\u00fc T\u00fcrkiye ger\u00e7ekten yay\u0131nc\u0131l\u0131k alan\u0131nda son 15 y\u0131lda \u00e7ok b\u00fcy\u00fck at\u0131l\u0131mlar ger\u00e7ekle\u015ftirdi.<\/p>\n<p style=\"text-align: justify;\">\u015eu anda 2 milyar 300 k\u00fcs\u00fcr milyon dolarl\u0131k bir ciro ile T\u00fcrk yay\u0131nc\u0131l\u0131k sekt\u00f6r\u00fc d\u00fcnyada 11&#8217;inci s\u0131rada. \u0130n\u015fallah \u00f6n\u00fcm\u00fczdeki y\u0131l yay\u0131nc\u0131l\u0131k sekt\u00f6r\u00fcm\u00fcz ilk 10&#8217;a girecek. B\u00f6ylece b\u00fct\u00fcn alanlarda \u00f6n\u00fcm\u00fcze koydu\u011fumuz d\u00fcnyada ilk 10&#8217;a girme hedefini yay\u0131nc\u0131l\u0131k sekt\u00f6r\u00fcnde ger\u00e7ekle\u015ftirmi\u015f olaca\u011f\u0131z. Yay\u0131nc\u0131l\u0131k sekt\u00f6r\u00fc 2014&#8217;e g\u00f6re 2015&#8217;te y\u00fczde 12 b\u00fcy\u00fcd\u00fc. Bu h\u0131zla in\u015fallah, sadece ilk 10&#8217;a de\u011fil, ilk 5&#8217;e de h\u0131zla y\u00fckselece\u011fiz. Bu rakamlar\u0131 \u00f6zellikle de veriyorum. Art\u0131k bir \u015fehir efsanesi haline gelen s\u0131k s\u0131k tekrarlanan bir kli\u015fe var, &#8216;Biz kitap okumuyoruz.&#8217; Hay\u0131r efendim, biz de \u00e7ok g\u00fczel kitap okuyoruz. 39-40 bin kay\u0131tl\u0131 \u00fcye sadece gezici k\u00fct\u00fcphanelerden yararlan\u0131yor. Yar\u0131m milyon okuyucu da ge\u00e7ti\u011fimiz y\u0131l i\u00e7erisinde bu kitaplardan yararland\u0131, okudu.&#8221;<\/p>\n<p style=\"text-align: justify;\">Bir okuma seferberli\u011fi bulundu\u011funa i\u015faret eden Avc\u0131, bu konuda katk\u0131 sa\u011flayanlara te\u015fekk\u00fcr etti.<\/p>\n<p style=\"text-align: justify;\">Program\u0131n ard\u0131ndan Bakan Avc\u0131&#8217;n\u0131n iste\u011fi do\u011frultusunda, gezici k\u00fct\u00fcphanelerin kurdelesini \u00e7ocuklar kesti. Bakan Avc\u0131 daha sonra \u00e7ocuklarla gezici k\u00fct\u00fcphaneleri gezdi ve \u00e7ocuklara kitap hediye etti.<\/p>\n<p style=\"text-align: justify;\">Gezici k\u00fct\u00fcphane sistemine eklenen 15 ara\u00e7 Ayd\u0131n, Bursa, Burdur, \u00c7orum, Elaz\u0131\u011f, I\u011fd\u0131r, Isparta, K\u0131r\u015fehir, Konya, K\u00fctahya, Manisa, Mardin, Nev\u015fehir, Tekirda\u011f ve Trabzon&#8217;da vatanda\u015flar\u0131n kullan\u0131m\u0131na sunulacak. Bu ara\u00e7lar\u0131n hepsine gittikleri illerde edebiyat ve d\u00fc\u015f\u00fcnce alan\u0131nda \u00f6ne \u00e7\u0131kan ki\u015filerin isimleri verilecek.<\/p>\n<p style=\"text-align: justify;\">Bu kapsamda, Ayd\u0131n&#8217;a gidecek gezici k\u00fct\u00fcphaneye eski K\u00fclt\u00fcr ve Turizm Bakan\u0131 Atilla Ko\u00e7&#8217;un isminin verilece\u011fi \u00f6\u011frenildi.<\/p>\n<p style=\"text-align: justify;\">Ara\u00e7larda her kesime uygun g\u00fcncel koleksiyonlar, e\u011fitici ve \u00f6\u011fretici ama\u00e7l\u0131 kullan\u0131lmak \u00fczere LCD televizyon, DVD oynat\u0131c\u0131, internet ba\u011flant\u0131s\u0131 bulunan diz\u00fcst\u00fc bilgisayarlar, okurlar i\u00e7in tasarlanm\u0131\u015f oturma grubu, satran\u00e7 masas\u0131 ve gezici k\u00fct\u00fcphane \u00e7al\u0131\u015fanlar\u0131 i\u00e7in gerekli her t\u00fcrl\u00fc ara\u00e7 gere\u00e7 (mini buzdolab\u0131, su \u0131s\u0131t\u0131c\u0131) bulunuyor. Vatanda\u015flar\u0131n gezici k\u00fct\u00fcphaneler arac\u0131l\u0131\u011f\u0131yla sadece bas\u0131l\u0131 bilgi kaynaklar\u0131na de\u011fil, elektronik ortamda sunulan bilgilere de eri\u015febilmeleri, ayn\u0131 zamanda e-devlet uygulamalar\u0131n\u0131 kullanabilmeleri ama\u00e7lan\u0131yor.<\/p>\n<p style=\"text-align: justify;\">Kaynak:\u00a0<a href=\"http:\/\/www.memurlar.net\/\" target=\"_blank\">http:\/\/www.memurlar.net\/<\/a><\/p>\n","protected":false},"excerpt":{"rendered":"<p>K\u00fclt\u00fcr ve Turizm Bakan\u0131 Nabi Avc\u0131, &#8220;T\u00fcrkiye ger\u00e7ekten yay\u0131nc\u0131l\u0131k alan\u0131nda son 15 y\u0131lda \u00e7ok b\u00fcy\u00fck at\u0131l\u0131mlar ger\u00e7ekle\u015ftirdi. \u015eu anda 2 milyar 300 k\u00fcsur milyon dolarl\u0131k bir ciro ile T\u00fcrk yay\u0131nc\u0131l\u0131k sekt\u00f6r\u00fc d\u00fcnyada 11&#8217;inci s\u0131rada.<\/p>\n","protected":false},"author":129,"featured_media":0,"comment_status":"open","ping_status":"open","sticky":false,"template":"","format":"standard","meta":{"footnotes":""},"categories":[1,1486],"tags":[1440,872],"class_list":["post-19406","post","type-post","status-publish","format-standard","hentry","category-genel","category-gezici-kutuphane","tag-gezici-kutuphaneler","tag-nabi-avci"],"_links":{"self":[{"href":"https:\/\/www.bbyhaber.com\/bby\/wp-json\/wp\/v2\/posts\/19406"}],"collection":[{"href":"https:\/\/www.bbyhaber.com\/bby\/wp-json\/wp\/v2\/posts"}],"about":[{"href":"https:\/\/www.bbyhaber.com\/bby\/wp-json\/wp\/v2\/types\/post"}],"author":[{"embeddable":true,"href":"https:\/\/www.bbyhaber.com\/bby\/wp-json\/wp\/v2\/users\/129"}],"replies":[{"embeddable":true,"href":"https:\/\/www.bbyhaber.com\/bby\/wp-json\/wp\/v2\/comments?post=19406"}],"version-history":[{"count":0,"href":"https:\/\/www.bbyhaber.com\/bby\/wp-json\/wp\/v2\/posts\/19406\/revisions"}],"wp:attachment":[{"href":"https:\/\/www.bbyhaber.com\/bby\/wp-json\/wp\/v2\/media?parent=19406"}],"wp:term":[{"taxonomy":"category","embeddable":true,"href":"https:\/\/www.bbyhaber.com\/bby\/wp-json\/wp\/v2\/categories?post=19406"},{"taxonomy":"post_tag","embeddable":true,"href":"https:\/\/www.bbyhaber.com\/bby\/wp-json\/wp\/v2\/tags?post=19406"}],"curies":[{"name":"wp","href":"https:\/\/api.w.org\/{rel}","templated":true}]}}