{"id":19402,"date":"2016-06-15T02:03:26","date_gmt":"2016-06-14T23:03:26","guid":{"rendered":"http:\/\/www.bbyhaber.com\/bby\/?p=19402"},"modified":"2016-06-16T10:05:20","modified_gmt":"2016-06-16T07:05:20","slug":"izmir-kaynakcasi-yayina-hazir","status":"publish","type":"post","link":"https:\/\/www.bbyhaber.com\/bby\/2016\/06\/15\/izmir-kaynakcasi-yayina-hazir","title":{"rendered":"\u0130zmir Kaynak\u00e7as\u0131 Yay\u0131na Haz\u0131r"},"content":{"rendered":"<p style=\"text-align: justify;\">\u0130zmir \u0130l K\u00fclt\u00fcr ve Turizm M\u00fcd\u00fcrl\u00fc\u011f\u00fc, K\u00fct\u00fcphaneler ve Yay\u0131mlar \u015eube M\u00fcd\u00fcrl\u00fc\u011f\u00fc\u2019nde g\u00f6revli Ali Aksakal taraf\u0131ndan haz\u0131rlanan \u0130zmir Kaynak\u00e7as\u0131\u00a0kitab\u0131 yay\u0131na haz\u0131r hale getirildi.\u00a0<strong>\u0130zmir Bilgi Kaynaklar\u0131 kitab\u0131<\/strong>, \u0130zmir hakk\u0131nda akademik \u00e7al\u0131\u015fma yapmak isteyen ara\u015ft\u0131rmac\u0131lar i\u00e7in ihtiya\u00e7 duyulan, \u0130zmir hakk\u0131nda yay\u0131nlanm\u0131\u015f ve k\u00fct\u00fcphanelerde kay\u0131t alt\u0131na al\u0131nm\u0131\u015f bilgi kaynaklar\u0131n\u0131n tespiti amac\u0131yla haz\u0131rlanm\u0131\u015ft\u0131r.<!--more--> Gerek k\u00fct\u00fcphane kataloglar\u0131nda ve gerekse akademik camiada yap\u0131lan ara\u015ft\u0131rmalar sonucunda; bug\u00fcne kadar \u0130zmir ile ilgili bu boyutta ve kapsaml\u0131 bir \u00e7al\u0131\u015fman\u0131n yap\u0131lmad\u0131\u011f\u0131 g\u00f6r\u00fclm\u00fc\u015ft\u00fcr. A\u015fa\u011f\u0131da verilen \u00f6rneklerden de anla\u015f\u0131laca\u011f\u0131 gibi, \u00e7ok s\u0131n\u0131rl\u0131 say\u0131da haz\u0131rlanm\u0131\u015f yay\u0131nlar ise; \u00fcniversite yay\u0131nlar\u0131, \u0130zmir\u2019de bas\u0131lan kitaplar, vb. gibi dar kapsaml\u0131 yay\u0131n katalo\u011fu ve yay\u0131n bibliyografyas\u0131 niteli\u011findedir.<\/p>\n<p style=\"text-align: justify;\">Bug\u00fcne kadar \u00fclkemizde; \u015fehir bibliyografyalar\u0131 ile o \u015fehirdeki k\u00fct\u00fcphanelerde bulunan kitaplar\u0131n kataloglar\u0131 da yay\u0131nlanm\u0131\u015ft\u0131r. \u201cAtat\u00fcrk Kitapl\u0131\u011f\u0131 \u0130stanbul Kitaplar\u0131 Katalo\u011fu- \u0130stanbul: B\u00fcy\u00fck\u015fehir Belediyesi Yay\u0131nlar\u0131\u201d, \u201cAnkara \u015eehri K\u00fct\u00fcphaneleri Atat\u00fcrk Kitaplar\u0131 Toplu Katalo\u011fu-Ankara: A\u00d6HK, 1981,156s\u201d, \u201c\u0130stanbul K\u00fct\u00fcphaneleri Fihristi\u201d, \u201cKonya Vilayeti Toplu Katalo\u011fu (1874)\u201d, \u201cBursa K\u00fct\u00fcphaneleri Toplu Katalo\u011fu (1887)\u201d.\u00a0T\u00fcrkiye\u2019de, bir \u015fehir hakk\u0131nda yay\u0131nlanm\u0131\u015f kitap, vb. bas\u0131l\u0131 kaynaklar\u0131 kapsayan, uluslararas\u0131 ilk konu toplu katalo\u011fu, benim haz\u0131rlad\u0131\u011f\u0131m \u201dSalihli Bilgi Kaynaklar\u0131 Toplu Katalo\u011fu\/Ali Aksakal\u2013Salihli: Ticaret ve Sanayi Odas\u0131, 2007, IV , 134 s.\u201d eserdir. \u0130l baz\u0131nda ise b\u00f6yle bir katalog hen\u00fcz yay\u0131nlanmam\u0131\u015ft\u0131r. \u201c\u0130zmir Bilgi Kaynaklar\u0131\u201d da yine bu konuda bir ilk olma \u00f6zelli\u011fi ta\u015f\u0131maktad\u0131r.<\/p>\n<p>K\u0130TAP \u0130\u00c7\u0130N \u00c7OK GEN\u0130\u015e ARA\u015eTIRMA YAPILDI<\/p>\n<p style=\"text-align: justify;\">Bu Toplu Katalog haz\u0131rlan\u0131rken; T\u00fcrkiye\u2019deki Ankara Mill\u00ee K\u00fct\u00fcphane ba\u015fta olmak \u00fczere, K\u00fclt\u00fcr ve Turizm Bakanl\u0131\u011f\u0131\u2019na ba\u011fl\u0131 b\u00fct\u00fcn Halk K\u00fct\u00fcphaneleri ve \u0130htisas K\u00fct\u00fcphaneleri; Y\u00d6K\u2019e ba\u011fl\u0131 b\u00fct\u00fcn \u00dcniversite K\u00fct\u00fcphaneleri (devlet ve vak\u0131f), Ba\u015fbakanl\u0131k Devlet Ar\u015fivleri Genel M\u00fcd\u00fcrl\u00fc\u011f\u00fc\u2019ne ba\u011fl\u0131 Ar\u015fivler (Cumhuriyet ve Osmanl\u0131) ve Dok\u00fcmantasyon Merkezi; Atat\u00fcrk K\u00fclt\u00fcr, Dil ve Tarih Y\u00fcksek Kurumu\u2019na ba\u011fl\u0131 birim k\u00fct\u00fcphaneleri (Atat\u00fcrk Ara\u015ft\u0131rma Merkezi, T\u00fcrk Dil Kurumu ve T\u00fcrk Tarih Kurumu); Bakanl\u0131k, vb. resmi kurum\/kurulu\u015f k\u00fct\u00fcphaneleri; \u0130zmir Milli K\u00fct\u00fcphanesi ba\u015fta olmak \u00fczere di\u011fer vak\u0131f ve \u00f6zel k\u00fct\u00fcphaneler; d\u00fcnyan\u0131n en b\u00fcy\u00fck\/en \u00f6nemli mill\u00ee k\u00fct\u00fcphaneleri say\u0131lan ABD-The Library of Congress, \u0130ngiltere-The British Library, Fransa-Bibliotheque Nationale ve Almanya-Deutche National Bibliotek k\u00fct\u00fcphaneleri; Uluslararas\u0131 \u00d6rg\u00fct K\u00fct\u00fcphaneleri (BM, NATO, IRCICA, vb.) kataloglar\u0131 olmak \u00fczere toplam <strong>1355 K\u00fct\u00fcphane Katalo\u011fu taranarak, <span style=\"color: #ff0000;\">toplam 100.946 bilgi kayna\u011f\u0131na ula\u015f\u0131lm\u0131\u015ft\u0131r<\/span>.<\/strong> <strong>Bu kaynaklar i\u00e7erisinden, do\u011frudan \u0130zmir ve il\u00e7eleri ile ilgili olan, 7.466 T\u00fcrk\u00e7e kaynak ve 1.165 Yabanc\u0131 Dillerde kaynak tespit edilerek \u0130zmir Bilgi Kaynaklar\u0131 kitab\u0131na al\u0131nm\u0131\u015ft\u0131r.<\/strong> Yabanc\u0131 dillerdeki kaynaklar\u0131n da\u011f\u0131l\u0131m\u0131; <strong>\u0130ngilizce 764 kaynak, Almanca 184 kaynak, Frans\u0131zca 115 kaynak ve di\u011fer \u00e7e\u015fitli dilerde 102 kaynak.\u00a0\u0130zmir Bilgi Kaynaklar\u0131 kitab\u0131nda Toplam 8.631 kaynak yer almaktad\u0131r.\u00a0B\u00fct\u00fcn yay\u0131nlar\u0131n; bibliyografik bilgilerinin en sonunda, parantez (..) i\u00e7inde yay\u0131n\u0131n hangi k\u00fct\u00fcphanede bulundu\u011funu\/ yay\u0131n\u0131n eri\u015fim numaras\u0131n\u0131 (Yer\/Eri\u015fim numaras\u0131 yoksa Demirba\u015f Numaras\u0131) vererek, kullan\u0131c\u0131lar\u0131n yay\u0131nlara daha kolay ula\u015f\u0131m\u0131 ama\u00e7lanm\u0131\u015ft\u0131r.<\/strong> K\u00fct\u00fcphane ad\u0131 ve Eri\u015fim numaras\u0131 verilirken, kullan\u0131c\u0131lar\u0131m\u0131z taraf\u0131ndan daha kolay ula\u015f\u0131labilece\u011fi i\u00e7in, T\u00fcrk k\u00fct\u00fcphaneleri tercih edilmi\u015ftir. E\u011fer bir yay\u0131n, T\u00fcrk k\u00fct\u00fcphanelerinin hi\u00e7 birisinde de yoksa; sadece bu yay\u0131nlar\u0131n bibliyografik bilgilerinin sonunda yabanc\u0131 \u00fclkedeki k\u00fct\u00fcphanenin ad\u0131 ve eri\u015fim numaralar\u0131 verilmi\u015ftir. Ayr\u0131ca, ki\u015fisel kaynaklarda, kaynak kimde bulunuyorsa o ki\u015finin ad\u0131 verilmi\u015ftir.<\/p>\n<p style=\"text-align: justify;\">T\u00fcrk ve yabanc\u0131 \u00fclke k\u00fct\u00fcphaneleri kataloglar\u0131ndan taranarak tespit edilen <strong>toplam 100.946 bilgi kayna\u011f\u0131ndan <span style=\"text-decoration: underline;\">8.631 adedinin bu kitapta yer alm\u0131\u015f olmas\u0131n\u0131n sebebi; ayn\u0131 kitab\u0131n birden fazla k\u00fct\u00fcphanede bulunuyor olmas\u0131 ve ayn\u0131 kitab\u0131n defalarca bas\u0131lm\u0131\u015f olmas\u0131 sebebiyle en yeni bask\u0131n\u0131n esas al\u0131nmas\u0131ndan kaynaklanmaktad\u0131r.<\/span><\/strong> Bu durumda da T\u00fcrkiye\u2019deki k\u00fct\u00fcphaneler tercih edilmi\u015ftir; hatta T\u00fcrkiye\u2019deki k\u00fct\u00fcphaneler i\u00e7erisinde de ara\u015ft\u0131rmac\u0131lar daha kolay ula\u015fabilsinler diye, \u0130zmir\u2019e en yak\u0131n olan k\u00fct\u00fcphaneler tercih edilmi\u015ftir.<\/p>\n<p style=\"text-align: justify;\">SON B\u00d6L\u00dcMDE \u00dc\u00c7 D\u0130Z\u0130N YER ALIYOR<\/p>\n<p style=\"text-align: justify;\">Son b\u00f6l\u00fcmde; kullan\u0131c\u0131lar\u0131n \u0130zmir ile ilgili arad\u0131klar\u0131 kitap, yazar ve konulara daha kolay ula\u015fmalar\u0131n\u0131 sa\u011flamak amac\u0131yla haz\u0131rlad\u0131\u011f\u0131m\u0131z; bilgi kaynaklar\u0131n\u0131n yazarlar\u0131 ile ilgili \u201cAlfabetik Yazar Adlar\u0131 Dizini\u201d, kaynaklar\u0131n konusu ile ilgili \u201cAlfabetik Konu Ba\u015fl\u0131klar\u0131 Dizini\u201d ve kaynaklar\u0131n dillerine g\u00f6re de en fazla kaynak olan dilden ba\u015flayarak s\u0131ralad\u0131\u011f\u0131m\u0131z \u201cDillerine G\u00f6re Yabanc\u0131 Dil Kaynaklar Dizini\u201d olmak \u00fczere \u00fc\u00e7 dizin yer almaktad\u0131r.<\/p>\n<p style=\"text-align: justify;\">Bir yazar\u0131n eserleri ile ayn\u0131 yazar hakk\u0131nda yaz\u0131lm\u0131\u015f eserler \u201cYazar Ad\u0131 Dizini\u201d i\u00e7inde birle\u015ftirilerek verilmi\u015ftir.\u00a0Her kaynak i\u00e7inde i\u015flenmi\u015f olan b\u00fct\u00fcn konulara \u201cKonu Ba\u015fl\u0131klar\u0131 Dizini\u201d i\u00e7inde yer verilmi\u015ftir. Ancak alt konusu tam olarak belirlenemeyen kaynaklar sadece \u201c\u0130zmir\u201d ba\u015fl\u0131\u011f\u0131 alt\u0131nda verilmi\u015ftir. Yine i\u00e7inde \u0130zmir ile ilgili birden \u00e7ok konunun i\u015flendi\u011fi kaynaklarda, \u00e7ok \u00f6nemli olanlar i\u00e7in ayr\u0131 bir konu ba\u015fl\u0131\u011f\u0131 verilmi\u015f,ikinci derecede \u00f6nemli olanlar ise \u201c\u0130zmir\u201d ba\u015fl\u0131\u011f\u0131 alt\u0131nda verilmi\u015ftir.\u00a0Kitap; toplam 655-660 sayfa aras\u0131nda olacakt\u0131r.<\/p>\n<p>Kaynak:\u00a0www.haberhurriyeti.com<\/p>\n","protected":false},"excerpt":{"rendered":"<p>\u0130zmir \u0130l K\u00fclt\u00fcr ve Turizm M\u00fcd\u00fcrl\u00fc\u011f\u00fc, K\u00fct\u00fcphaneler ve Yay\u0131mlar \u015eube M\u00fcd\u00fcrl\u00fc\u011f\u00fc\u2019nde g\u00f6revli Ali Aksakal taraf\u0131ndan haz\u0131rlanan \u0130zmir Kaynak\u00e7as\u0131\u00a0kitab\u0131 yay\u0131na haz\u0131r hale getirildi.\u00a0\u0130zmir Bilgi Kaynaklar\u0131 kitab\u0131, \u0130zmir hakk\u0131nda akademik \u00e7al\u0131\u015fma yapmak isteyen ara\u015ft\u0131rmac\u0131lar i\u00e7in ihtiya\u00e7 duyulan, \u0130zmir hakk\u0131nda yay\u0131nlanm\u0131\u015f ve k\u00fct\u00fcphanelerde kay\u0131t alt\u0131na al\u0131nm\u0131\u015f bilgi kaynaklar\u0131n\u0131n tespiti amac\u0131yla haz\u0131rlanm\u0131\u015ft\u0131r.<\/p>\n","protected":false},"author":129,"featured_media":0,"comment_status":"open","ping_status":"open","sticky":false,"template":"","format":"standard","meta":{"footnotes":""},"categories":[1],"tags":[870,871,1408,877],"class_list":["post-19402","post","type-post","status-publish","format-standard","hentry","category-genel","tag-ali-aksakal","tag-izmir-kaynakcasi","tag-kitap-tanitimlari","tag-sehir-bibliyografyalari"],"_links":{"self":[{"href":"https:\/\/www.bbyhaber.com\/bby\/wp-json\/wp\/v2\/posts\/19402"}],"collection":[{"href":"https:\/\/www.bbyhaber.com\/bby\/wp-json\/wp\/v2\/posts"}],"about":[{"href":"https:\/\/www.bbyhaber.com\/bby\/wp-json\/wp\/v2\/types\/post"}],"author":[{"embeddable":true,"href":"https:\/\/www.bbyhaber.com\/bby\/wp-json\/wp\/v2\/users\/129"}],"replies":[{"embeddable":true,"href":"https:\/\/www.bbyhaber.com\/bby\/wp-json\/wp\/v2\/comments?post=19402"}],"version-history":[{"count":0,"href":"https:\/\/www.bbyhaber.com\/bby\/wp-json\/wp\/v2\/posts\/19402\/revisions"}],"wp:attachment":[{"href":"https:\/\/www.bbyhaber.com\/bby\/wp-json\/wp\/v2\/media?parent=19402"}],"wp:term":[{"taxonomy":"category","embeddable":true,"href":"https:\/\/www.bbyhaber.com\/bby\/wp-json\/wp\/v2\/categories?post=19402"},{"taxonomy":"post_tag","embeddable":true,"href":"https:\/\/www.bbyhaber.com\/bby\/wp-json\/wp\/v2\/tags?post=19402"}],"curies":[{"name":"wp","href":"https:\/\/api.w.org\/{rel}","templated":true}]}}