{"id":19396,"date":"2016-06-14T19:15:35","date_gmt":"2016-06-14T16:15:35","guid":{"rendered":"http:\/\/www.bbyhaber.com\/bby\/?p=19396"},"modified":"2016-06-15T12:53:39","modified_gmt":"2016-06-15T09:53:39","slug":"coruma-gezici-kutuphane-araci","status":"publish","type":"post","link":"https:\/\/www.bbyhaber.com\/bby\/2016\/06\/14\/coruma-gezici-kutuphane-araci","title":{"rendered":"\u00c7orum\u2019a Gezici K\u00fct\u00fcphane Arac\u0131"},"content":{"rendered":"<p style=\"text-align: justify;\"><img loading=\"lazy\" decoding=\"async\" class=\"alignleft\" src=\"http:\/\/www.herihaber.net\/wp-content\/uploads\/2016\/06\/167423.jpg\" width=\"309\" height=\"152\" \/>K\u00fclt\u00fcr ve Turizm Bakan\u0131 Nabi Avc\u0131, \u201cT\u00fcrkiye ger\u00e7ekten yay\u0131nc\u0131l\u0131k alan\u0131nda son 15 y\u0131lda \u00e7ok b\u00fcy\u00fck at\u0131l\u0131mlar ger\u00e7ekle\u015ftirdi.\u00a0\u015eu anda 2 milyar 300 milyon dolarl\u0131k bir ciroyla T\u00fcrk yay\u0131nc\u0131l\u0131k sekt\u00f6r\u00fc d\u00fcnyada 11. s\u0131rada. \u0130n\u015fallah \u00f6n\u00fcm\u00fczdeki y\u0131l ilk 10\u2019a da girecek\u201d dedi.\u00a0K\u00fclt\u00fcr ve Turizm Bakanl\u0131\u011f\u0131, 31 gezici k\u00fct\u00fcphane arac\u0131na, 15 yeni ara\u00e7 daha ekledi. K\u00fclt\u00fcr ve Turizm Bakan\u0131 Nabi Avc\u0131, \u201c<strong>Gezici K\u00fct\u00fcphane Ara\u00e7lar\u0131n\u0131n \u0130llere Teslim T\u00f6reni<\/strong>\u201d ne kat\u0131ld\u0131.<!--more--><\/p>\n<p style=\"text-align: justify;\"><strong>\u201c15 YEN\u0130 GEZ\u0130C\u0130 K\u00dcT\u00dcPHANEM\u0130Z\u0130 F\u0130LOMUZA DAH\u0130L ED\u0130YORUZ\u201d<\/strong><br \/>\nTeslim t\u00f6reninde bir konu\u015fma yapan Bakan Avc\u0131, b\u00f6yle g\u00fczel bir vesileyle burada birlikte olmaktan mutlu oldu\u011funu belirterek, \u201cBug\u00fcn 15 yeni gezici k\u00fct\u00fcphanemizi filomuza dahil ediyoruz. Bunlarla birlikte K\u00fclt\u00fcr ve Turizm Bakanl\u0131\u011f\u0131n\u0131n Gezici K\u00fct\u00fcphane filosu 46\u2019ya ula\u015fm\u0131\u015f oluyor, yani 46 Gezici K\u00fct\u00fcphanemiz Anadolu yollar\u0131nda da\u011f, bay\u0131r, k\u00f6ylerimize, kasabalar\u0131m\u0131za, engellilerimizin oldu\u011fu mahallelere, evlere kitap ta\u015f\u0131yacak. Benden \u00f6nce vazife yapan b\u00fct\u00fcn K\u00fclt\u00fcr ve Turizm Bakanlar\u0131m\u0131za hem bu yay\u0131nlar i\u00e7in, bu g\u00fczel kitaplar i\u00e7in hem de bu g\u00fczel kitaplar\u0131, \u00e7ocuklar\u0131m\u0131za, gen\u00e7lerimize, \u00f6\u011fretmenlerimize, yurtta\u015flar\u0131m\u0131za ula\u015ft\u0131ran bu Gezici K\u00fct\u00fcphaneler i\u00e7in b\u00fct\u00fcn eme\u011fi ge\u00e7enlere ve \u00f6zellikle b\u00fcy\u00fck bir nezaket g\u00f6stererek asl\u0131nda bu t\u00f6reni benim yapmam\u0131 isteyen Mahir \u00dcnal beyefendiye \u00e7ok te\u015fekk\u00fcr ediyorum\u201d ifadelerini kulland\u0131.<\/p>\n<p style=\"text-align: justify;\"><strong>\u201cT\u00dcRK YAYINCILIK SEKT\u00d6R\u00dc D\u00dcNYADA 11. SIRADA\u201d<\/strong><br \/>\n\u201c46 ara\u00e7l\u0131k k\u00fct\u00fcphane kervan\u0131m\u0131z\u0131n 39 bin 97 kay\u0131tl\u0131 \u00fcyesi var. \u0130n\u015fallah en k\u0131sa zamanda bunu 100 bine \u00e7\u0131karaca\u011f\u0131z\u201d diyen Bakan Avc\u0131, \u015funlar\u0131 kaydetti:\u00a0\u201cKoleksiyonumuzda bu Gezici K\u00fct\u00fcphanelerimizde 105 bin kitab\u0131m\u0131z var. 105 bin kitap 465 noktada bug\u00fcne kadar 466 bin okuyucuyla bulu\u015ftu. Bu ger\u00e7ekten k\u00fc\u00e7\u00fcmsenmeyecek bir rakam ama in\u015fallah bunlar\u0131 da en k\u0131sa zamanda daha yukar\u0131lara ta\u015f\u0131yaca\u011f\u0131z. \u00c7\u00fcnk\u00fc T\u00fcrkiye ger\u00e7ekten yay\u0131nc\u0131l\u0131k alan\u0131nda son 15 y\u0131lda \u00e7ok b\u00fcy\u00fck at\u0131l\u0131mlar ger\u00e7ekle\u015ftirdi. \u015eu anda 2 milyar 300 milyon dolarl\u0131k bir ciroyla T\u00fcrk yay\u0131nc\u0131l\u0131k sekt\u00f6r\u00fc d\u00fcnyada 11. s\u0131rada. \u0130n\u015fallah \u00f6n\u00fcm\u00fczdeki y\u0131l ilk 10\u2019a da girecek. B\u00f6ylece b\u00fct\u00fcn alanlarda \u00f6n\u00fcm\u00fcze koydu\u011fumuz d\u00fcnyada ilk 10\u2019a girme hedefi yay\u0131nc\u0131l\u0131k sekt\u00f6r\u00fcnde ger\u00e7ekle\u015ftirmi\u015f olaca\u011f\u0131z.\u201d<\/p>\n<p style=\"text-align: justify;\"><strong>\u201cB\u0130Z K\u0130TAP OKUMUYORUZ D\u0130YE B\u0130R KL\u0130\u015eE VAR HAYIR B\u0130Z DE \u00c7OK G\u00dcZEL K\u0130TAP OKUYORUZ\u201d<\/strong><br \/>\n2015 y\u0131l\u0131nda 2014 y\u0131l\u0131na g\u00f6re yay\u0131nc\u0131l\u0131k sekt\u00f6r\u00fcn\u00fcn y\u00fczde 12 b\u00fcy\u00fcd\u00fc\u011f\u00fcn\u00fcn alt\u0131n\u0131 \u00e7izen Avc\u0131 \u015f\u00f6yle devam etti:\u00a0\u201cBu b\u00fcy\u00fcme h\u0131z\u0131yla biz in\u015fallah sadece ilk 10\u2019a de\u011fil, ilk 5\u2019e de h\u0131zla y\u00fckselece\u011fiz. B\u00fct\u00fcn bu rakamlar\u0131 \u015funun i\u00e7in veriyorum art\u0131k bir \u015fehir efsanesi haline gelen s\u0131k s\u0131k tekrarlanan bir kli\u015fe var, \u2018biz kitap okumuyoruz\u2019 hay\u0131r biz de \u00e7ok g\u00fczel kitap okuyoruz. \u0130\u015fte s\u00f6yl\u00fcyorum size 39 bin kay\u0131tl\u0131 \u00fcye sadece \u015fu Gezici K\u00fct\u00fcphanelerden yararlan\u0131yor. Yar\u0131m milyon okuyucu da ge\u00e7ti\u011fimiz y\u0131l i\u00e7erisinde bu kitaplardan yararland\u0131, okudu. Okul k\u00fct\u00fcphanelerimiz de ayr\u0131, il halk k\u00fct\u00fcphanelerimiz de ayr\u0131 \u00e7ok ciddi bir okuma seferberli\u011fi var. Bu olmasa zaten yay\u0131nc\u0131l\u0131k sekt\u00f6r\u00fcm\u00fcz bir y\u0131l i\u00e7erisinde y\u00fczde 12 b\u00fcy\u00fcmezdi ve T\u00fcrkiye yay\u0131nc\u0131l\u0131k sekt\u00f6r\u00fcnde d\u00fcnyan\u0131n ilk 11 \u00fclkesinden biri olmazd\u0131. Bu Gezici K\u00fct\u00fcphanelerimizin ba\u015fta \u00e7ocuklar\u0131m\u0131z olmak \u00fczere b\u00fct\u00fcn gen\u00e7lerimize, okuyucular\u0131m\u0131za, milletimize hay\u0131rl\u0131 u\u011furlu olmas\u0131n\u0131 diliyorum. Nice g\u00fczel kitapl\u0131 g\u00fcnler de yine birlikte olmak dile\u011fiyle.\u201d<\/p>\n<p style=\"text-align: justify;\">Bakan Avc\u0131, konu\u015fma sonras\u0131 \u0130l K\u00fclt\u00fcr ve Turizm M\u00fcd\u00fcrleri ile \u0130l Halk K\u00fct\u00fcphanesi M\u00fcd\u00fcrlerine Gezici K\u00fct\u00fcphane ara\u00e7lar\u0131n\u0131n anahtarlar\u0131n\u0131 teslim etti. Anahtarlar\u0131n teslim edilmesinin ard\u0131ndan Bakan Avc\u0131, \u00e7ocuklarla birlikte Gezici K\u00fct\u00fcphane ara\u00e7lar\u0131n\u0131 gezerek foto\u011fraf \u00e7ekindi.<\/p>\n<p style=\"text-align: justify;\">Teslimi yap\u0131lan ara\u00e7lar\u0131n gidece\u011fi iller ise \u015f\u00f6yle:<\/p>\n<p style=\"text-align: justify;\">\u201cAyd\u0131n, Bursa, Burdur, \u00c7orum, Elaz\u0131\u011f, I\u011fd\u0131r, Isparta, K\u0131r\u015fehir, Konya, K\u00fctahya, Manisa, Mardin, Nev\u015fehir, Tekirda\u011f, Trabzon.\u201d<\/p>\n<p style=\"text-align: justify;\">Kaynak:<a href=\"http:\/\/www.herihaber.net\/\" target=\"_blank\">http:\/\/www.herihaber.net\/<\/a><\/p>\n","protected":false},"excerpt":{"rendered":"<p>K\u00fclt\u00fcr ve Turizm Bakan\u0131 Nabi Avc\u0131, \u201cT\u00fcrkiye ger\u00e7ekten yay\u0131nc\u0131l\u0131k alan\u0131nda son 15 y\u0131lda \u00e7ok b\u00fcy\u00fck at\u0131l\u0131mlar ger\u00e7ekle\u015ftirdi.\u00a0\u015eu anda 2 milyar 300 milyon dolarl\u0131k bir ciroyla T\u00fcrk yay\u0131nc\u0131l\u0131k sekt\u00f6r\u00fc d\u00fcnyada 11. s\u0131rada. \u0130n\u015fallah \u00f6n\u00fcm\u00fczdeki y\u0131l ilk 10\u2019a da girecek\u201d dedi.\u00a0K\u00fclt\u00fcr ve Turizm Bakanl\u0131\u011f\u0131, 31 gezici k\u00fct\u00fcphane arac\u0131na, 15 yeni ara\u00e7 daha ekledi. K\u00fclt\u00fcr ve Turizm Bakan\u0131 [&hellip;]<\/p>\n","protected":false},"author":1,"featured_media":0,"comment_status":"open","ping_status":"open","sticky":false,"template":"","format":"standard","meta":{"footnotes":""},"categories":[1,1486],"tags":[1440],"class_list":["post-19396","post","type-post","status-publish","format-standard","hentry","category-genel","category-gezici-kutuphane","tag-gezici-kutuphaneler"],"_links":{"self":[{"href":"https:\/\/www.bbyhaber.com\/bby\/wp-json\/wp\/v2\/posts\/19396"}],"collection":[{"href":"https:\/\/www.bbyhaber.com\/bby\/wp-json\/wp\/v2\/posts"}],"about":[{"href":"https:\/\/www.bbyhaber.com\/bby\/wp-json\/wp\/v2\/types\/post"}],"author":[{"embeddable":true,"href":"https:\/\/www.bbyhaber.com\/bby\/wp-json\/wp\/v2\/users\/1"}],"replies":[{"embeddable":true,"href":"https:\/\/www.bbyhaber.com\/bby\/wp-json\/wp\/v2\/comments?post=19396"}],"version-history":[{"count":0,"href":"https:\/\/www.bbyhaber.com\/bby\/wp-json\/wp\/v2\/posts\/19396\/revisions"}],"wp:attachment":[{"href":"https:\/\/www.bbyhaber.com\/bby\/wp-json\/wp\/v2\/media?parent=19396"}],"wp:term":[{"taxonomy":"category","embeddable":true,"href":"https:\/\/www.bbyhaber.com\/bby\/wp-json\/wp\/v2\/categories?post=19396"},{"taxonomy":"post_tag","embeddable":true,"href":"https:\/\/www.bbyhaber.com\/bby\/wp-json\/wp\/v2\/tags?post=19396"}],"curies":[{"name":"wp","href":"https:\/\/api.w.org\/{rel}","templated":true}]}}