{"id":19354,"date":"2016-06-10T17:22:52","date_gmt":"2016-06-10T14:22:52","guid":{"rendered":"http:\/\/www.bbyhaber.com\/bby\/?p=19354"},"modified":"2016-06-10T19:00:22","modified_gmt":"2016-06-10T16:00:22","slug":"efes-celsus-kutuphanesine-yakisan-bir-kutuphane-istiyoruz-izmir-selcuk","status":"publish","type":"post","link":"https:\/\/www.bbyhaber.com\/bby\/2016\/06\/10\/efes-celsus-kutuphanesine-yakisan-bir-kutuphane-istiyoruz-izmir-selcuk","title":{"rendered":"Efes Celsus K\u00fct\u00fcphanesi&#8217;ne yak\u0131\u015fan bir k\u00fct\u00fcphane istiyoruz-\u0130zmir-Sel\u00e7uk"},"content":{"rendered":"<p style=\"text-align: justify;\"><img loading=\"lazy\" decoding=\"async\" class=\"alignleft\" src=\"http:\/\/www.turkcebilgi.com\/uploads\/media\/resim\/celsus_library_3.jpg\" width=\"233\" height=\"178\" \/>Tolga Mert ad\u0131ndaki bir tarih\u00e7i &#8220;<a href=\"https:\/\/www.facebook.com\/groups\/762755260532956\" target=\"_blank\">SEL\u00c7UK, EFES CELSUS K\u00dcT\u00dcPHANES\u0130 &#8216;ne YAKI\u015eAN K\u00dcT\u00dcPHANE \u0130ST\u0130YOR<\/a>&#8221; ad\u0131 ile bir Facebook grubu kurdu ve ya\u015fad\u0131\u011f\u0131 yerde bir k\u00fct\u00fcphane kurulmas\u0131 y\u00f6n\u00fcnde \u00e7al\u0131\u015fmalar\u0131n yap\u0131lmas\u0131n\u0131 istedi. Mert, bu grubun a\u00e7\u0131klamas\u0131nda da \u015funlar\u0131 ifade etti,\u00a0&#8220;Celsus K\u00fct\u00fcphanesi Milattan Sonra 135 y\u0131l\u0131nda Roma\u2019n\u0131n Asya eyaletinin b\u00f6lge valisi \u201cTiberius Julius Celsus Polemaeanus onuruna o\u011flu \u201cGaius Julius Aquila taraf\u0131ndan tapt\u0131r\u0131lm\u0131\u015ft\u0131r. Bunu nereden mi biliyoruz? K\u00fct\u00fcphaneye girerken sa\u011f tarafta bir k\u0131sm\u0131 k\u0131r\u0131k olan yaz\u0131tta aynen \u015fu \u015fekilde yazmaktad\u0131r.<!--more--><\/p>\n<div class=\"text_exposed_show\">\n<p style=\"text-align: justify;\">\u201c Asia prokonsul\u2019\u00fc Tibernus Julius Celsus Polemaeanus i\u00e7in, o\u011flu consul Tiberius Julius Celsus Polemaeanus kendi serveti ile Celsus k\u00fct\u00fcphane binas\u0131n\u0131, b\u00fct\u00fcn dekorasyonu, sanat eserleri ve kitaplar\u0131 ile birlikte kurdu\u201d yazmaktad\u0131r. K\u00fct\u00fcphanenin tamam\u0131n\u0131 kendi imk\u00e2nlar\u0131 ile yapmas\u0131ndan ziyade sadece kitaplar i\u00e7in 25.000 alt\u0131n para (g\u00fcn\u00fcm\u00fcz 400.000 dolar\u0131) ba\u011f\u0131\u015flam\u0131\u015ft\u0131r. Bu ba\u011flamda k\u00fct\u00fcphane i\u00e7erisinde 12.000 rulo ve par\u015f\u00f6men kitaplar bulunmaktayd\u0131.<\/p>\n<p style=\"text-align: justify;\">D\u0131\u015far\u0131dan bak\u0131ld\u0131\u011f\u0131nda 2 katl\u0131 bir yap\u0131 olmas\u0131na kar\u015f\u0131n i\u00e7i 3 katl\u0131 idi. Muazzam mimarisi ile yetinilmemi\u015f bir de \u00f6n cephesine d\u00f6rt adet kad\u0131n heykeli yerle\u015ftirilmi\u015ftir. Bu heykeller s\u0131ras\u0131 ile Bilgeli\u011fi, Erdemi, Zek\u00e2y\u0131 ve \u0130limi simgelemektedir\u00a0(Bu heykellerin orijinalleri Avusturya Efes M\u00fczesi\u2019nde ama bu ayr\u0131 mesele).\u00a0K\u00fct\u00fcphane yakla\u015f\u0131k 150 y\u0131l i\u015flevini s\u00fcrd\u00fcrebilmi\u015ftir. 262 y\u0131llar\u0131nda Gotlar\u0131n istilalar\u0131 ile ya\u011fmalanarak hem i\u00e7erideki sanat eserleri hem de kitaplar talan edilip yak\u0131lm\u0131\u015ft\u0131r.<\/p>\n<p style=\"text-align: justify;\">Mesele \u015fu ki anlat anlat bitmez Celsus K\u00fct\u00fcphanesi\u2026 Fakat bizim \u00e7\u0131karmam\u0131z gereken \u015fey mimarisi osu busu de\u011fil. Efes hakk\u0131nda hi\u00e7bir \u015fey bilmesek bile k\u00fct\u00fcphanenin \u00f6n\u00fcnden bakt\u0131\u011f\u0131m\u0131zda ne kadar b\u00fcy\u00fck bir medeniyetin i\u00e7inde bulundu\u011fumuzu anlar\u0131z.<\/p>\n<p style=\"text-align: justify;\">Peki, ge\u00e7mi\u015fimizde b\u00f6ylesine dolu dolu bir k\u00fct\u00fcphanemiz varken, \u015fimdi ya\u015fad\u0131\u011f\u0131m\u0131z \u201cSon Efes\u201d kenti Sel\u00e7uk\u2019ta neden tarihimize yak\u0131\u015f\u0131r k\u00fct\u00fcphanemiz yok? Zaman ge\u00e7tik\u00e7e zamanda geriye mi gidiyoruz biz? Bir tane bile Julius Celsus ve o\u011flu gibi kitaplara, ilme sahip \u00e7\u0131kacak birisi yok mu bu kentte? Var olan bir k\u00fct\u00fcphanemiz vard\u0131 belediyenin b\u00fcnyesinde o ve kitaplar\u0131 da rafa kald\u0131r\u0131ld\u0131. B\u00f6yle bir tarihe yak\u0131\u015fan bir k\u00fct\u00fcphane laz\u0131m. Kitaplara dokunmadan, k\u00fct\u00fcphaneye girmeden b\u00fcy\u00fcyen bir nesil var \u015fu an bu kentte. Kimse rahats\u0131z olmuyor mu?<\/p>\n<p style=\"text-align: justify;\">Diyeceksiniz ki kitaplar kar\u0131n m\u0131 doyuruyor? Evet, kar\u0131n doyuruyor. Akl\u0131 doyan birisi kendisinin de, kentinin de, \u00fclkesinin de, insanl\u0131\u011f\u0131n da karn\u0131n\u0131 doyurmaya u\u011fra\u015f verir.<\/p>\n<p style=\"text-align: justify;\">Yapal\u0131m hep birlikte Celsus K\u00fct\u00fcphanesi gibi bir k\u00fct\u00fcphane, o zaman bu kente, bu kentin tarihine, insanl\u0131\u011fa olan borcumuzu az da olsa \u00f6demi\u015f oluruz.<\/p>\n<p style=\"text-align: justify;\">\u0130lginize ve desteklerinize sunulur \u2026<\/p>\n<p style=\"text-align: justify;\">Tarih\u00e7i Tolga MERT<\/p>\n<\/div>\n","protected":false},"excerpt":{"rendered":"<p>Tolga Mert ad\u0131ndaki bir tarih\u00e7i &#8220;SEL\u00c7UK, EFES CELSUS K\u00dcT\u00dcPHANES\u0130 &#8216;ne YAKI\u015eAN K\u00dcT\u00dcPHANE \u0130ST\u0130YOR&#8221; ad\u0131 ile bir Facebook grubu kurdu ve ya\u015fad\u0131\u011f\u0131 yerde bir k\u00fct\u00fcphane kurulmas\u0131 y\u00f6n\u00fcnde \u00e7al\u0131\u015fmalar\u0131n yap\u0131lmas\u0131n\u0131 istedi. Mert, bu grubun a\u00e7\u0131klamas\u0131nda da \u015funlar\u0131 ifade etti,\u00a0&#8220;Celsus K\u00fct\u00fcphanesi Milattan Sonra 135 y\u0131l\u0131nda Roma\u2019n\u0131n Asya eyaletinin b\u00f6lge valisi \u201cTiberius Julius Celsus Polemaeanus onuruna o\u011flu \u201cGaius Julius [&hellip;]<\/p>\n","protected":false},"author":1,"featured_media":0,"comment_status":"open","ping_status":"open","sticky":false,"template":"","format":"standard","meta":{"footnotes":""},"categories":[1],"tags":[862],"class_list":["post-19354","post","type-post","status-publish","format-standard","hentry","category-genel","tag-efes-celsus-kutuphanesi"],"_links":{"self":[{"href":"https:\/\/www.bbyhaber.com\/bby\/wp-json\/wp\/v2\/posts\/19354"}],"collection":[{"href":"https:\/\/www.bbyhaber.com\/bby\/wp-json\/wp\/v2\/posts"}],"about":[{"href":"https:\/\/www.bbyhaber.com\/bby\/wp-json\/wp\/v2\/types\/post"}],"author":[{"embeddable":true,"href":"https:\/\/www.bbyhaber.com\/bby\/wp-json\/wp\/v2\/users\/1"}],"replies":[{"embeddable":true,"href":"https:\/\/www.bbyhaber.com\/bby\/wp-json\/wp\/v2\/comments?post=19354"}],"version-history":[{"count":0,"href":"https:\/\/www.bbyhaber.com\/bby\/wp-json\/wp\/v2\/posts\/19354\/revisions"}],"wp:attachment":[{"href":"https:\/\/www.bbyhaber.com\/bby\/wp-json\/wp\/v2\/media?parent=19354"}],"wp:term":[{"taxonomy":"category","embeddable":true,"href":"https:\/\/www.bbyhaber.com\/bby\/wp-json\/wp\/v2\/categories?post=19354"},{"taxonomy":"post_tag","embeddable":true,"href":"https:\/\/www.bbyhaber.com\/bby\/wp-json\/wp\/v2\/tags?post=19354"}],"curies":[{"name":"wp","href":"https:\/\/api.w.org\/{rel}","templated":true}]}}