{"id":19339,"date":"2016-06-09T19:15:18","date_gmt":"2016-06-09T16:15:18","guid":{"rendered":"http:\/\/www.bbyhaber.com\/bby\/?p=19339"},"modified":"2016-06-09T19:15:29","modified_gmt":"2016-06-09T16:15:29","slug":"bitliste-bir-kitap-bin-sevgi-kampanyasi","status":"publish","type":"post","link":"https:\/\/www.bbyhaber.com\/bby\/2016\/06\/09\/bitliste-bir-kitap-bin-sevgi-kampanyasi","title":{"rendered":"Bitlis&#8217;te &#8220;Bir Kitap Bin Sevgi&#8221; kampanyas\u0131"},"content":{"rendered":"<p style=\"text-align: justify;\"><img loading=\"lazy\" decoding=\"async\" class=\"alignleft\" src=\"http:\/\/image.cdn.haber7.com\/\/haber\/haber7\/photos\/2016\/23\/73840483d3eacf801b9a535c1b02efd1_a.jpg\" width=\"245\" height=\"137\" \/>Kampanyada toplanan kitaplarla, Mutki il\u00e7esindeki Salman K\u00f6y\u00fc \u0130lkokulu&#8217;na k\u00fct\u00fcphane kuruldu. AK Parti Bitlis \u0130l Gen\u00e7lik Kollar\u0131 Ba\u015fkan\u0131 Ahmet \u015eems Nas\u0131r, yapt\u0131\u011f\u0131 yaz\u0131l\u0131 a\u00e7\u0131klamada, gelece\u011fin teminat\u0131 olan \u00e7ocuklar\u0131 ayd\u0131nlatman\u0131n \u00e7ok \u00f6nemli oldu\u011funu belirtti. K\u00fct\u00fcphane kurmaya k\u0131rsal kesimlerdeki okullarda ba\u015flad\u0131klar\u0131n\u0131 kaydeden Nas\u0131r, a\u00e7\u0131klamas\u0131nda \u015funlara yer verdi:<!--more--><\/p>\n<p style=\"text-align: justify;\">&#8220;Kitap toplama ve k\u00fct\u00fcphane kurma kampanyam\u0131z devam edecektir. Kampanyam\u0131za destek olmak i\u00e7in fazla kitaplar\u0131n\u0131z\u0131 AK Parti \u0130l Ba\u015fkanl\u0131\u011f\u0131 binas\u0131nda bizlere ula\u015ft\u0131rabilirsiniz. B\u00fct\u00fcn halk\u0131m\u0131z\u0131 kitap toplama davet ediyorum. Destek olan herkese \u015f\u00fckranlar\u0131m\u0131z\u0131 sunuyorum. \u00d6n\u00fcm\u00fczdeki g\u00fcnlerde de &#8216;Karde\u015fim Birlikteyiz&#8217; projesiyle AK Parti \u0130l Gen\u00e7lik Kollar\u0131 Ba\u015fkanl\u0131klar\u0131 taraf\u0131ndan ilimizde de\u011ferlendirilmek \u00fczere binlerce kitap elimize ula\u015facakt\u0131r. Ayr\u0131ca kitap toplama kampanyas\u0131 yan\u0131nda k\u0131rtasiye malzemesi toplamaktay\u0131z.&#8221;Sivil Toplum ve Halkla \u0130li\u015fkiler Ba\u015fkan\u0131 Do\u011fan Daldag\u00fcl ise &#8220;Bir Kitap Bin Sevgi&#8221; adl\u0131 kitap toplama kampanyas\u0131 kapsam\u0131nda ilk k\u00fct\u00fcphaneye kurduklar\u0131n\u0131 belirterek, bunun hay\u0131rlara vesile olmas\u0131n\u0131 diledi.<\/p>\n<p style=\"text-align: justify;\">Kaynak: <a href=\"http:\/\/www.haber7.com\/\" target=\"_blank\">http:\/\/www.haber7.com\/<\/a><\/p>\n","protected":false},"excerpt":{"rendered":"<p>Kampanyada toplanan kitaplarla, Mutki il\u00e7esindeki Salman K\u00f6y\u00fc \u0130lkokulu&#8217;na k\u00fct\u00fcphane kuruldu. AK Parti Bitlis \u0130l Gen\u00e7lik Kollar\u0131 Ba\u015fkan\u0131 Ahmet \u015eems Nas\u0131r, yapt\u0131\u011f\u0131 yaz\u0131l\u0131 a\u00e7\u0131klamada, gelece\u011fin teminat\u0131 olan \u00e7ocuklar\u0131 ayd\u0131nlatman\u0131n \u00e7ok \u00f6nemli oldu\u011funu belirtti. K\u00fct\u00fcphane kurmaya k\u0131rsal kesimlerdeki okullarda ba\u015flad\u0131klar\u0131n\u0131 kaydeden Nas\u0131r, a\u00e7\u0131klamas\u0131nda \u015funlara yer verdi:<\/p>\n","protected":false},"author":1,"featured_media":0,"comment_status":"open","ping_status":"open","sticky":false,"template":"","format":"standard","meta":{"footnotes":""},"categories":[1,1494,1497],"tags":[],"class_list":["post-19339","post","type-post","status-publish","format-standard","hentry","category-genel","category-kitap-kampanyasi","category-kitap-toplama"],"_links":{"self":[{"href":"https:\/\/www.bbyhaber.com\/bby\/wp-json\/wp\/v2\/posts\/19339"}],"collection":[{"href":"https:\/\/www.bbyhaber.com\/bby\/wp-json\/wp\/v2\/posts"}],"about":[{"href":"https:\/\/www.bbyhaber.com\/bby\/wp-json\/wp\/v2\/types\/post"}],"author":[{"embeddable":true,"href":"https:\/\/www.bbyhaber.com\/bby\/wp-json\/wp\/v2\/users\/1"}],"replies":[{"embeddable":true,"href":"https:\/\/www.bbyhaber.com\/bby\/wp-json\/wp\/v2\/comments?post=19339"}],"version-history":[{"count":0,"href":"https:\/\/www.bbyhaber.com\/bby\/wp-json\/wp\/v2\/posts\/19339\/revisions"}],"wp:attachment":[{"href":"https:\/\/www.bbyhaber.com\/bby\/wp-json\/wp\/v2\/media?parent=19339"}],"wp:term":[{"taxonomy":"category","embeddable":true,"href":"https:\/\/www.bbyhaber.com\/bby\/wp-json\/wp\/v2\/categories?post=19339"},{"taxonomy":"post_tag","embeddable":true,"href":"https:\/\/www.bbyhaber.com\/bby\/wp-json\/wp\/v2\/tags?post=19339"}],"curies":[{"name":"wp","href":"https:\/\/api.w.org\/{rel}","templated":true}]}}