{"id":19325,"date":"2016-06-06T18:44:46","date_gmt":"2016-06-06T15:44:46","guid":{"rendered":"http:\/\/www.bbyhaber.com\/bby\/?p=19325"},"modified":"2016-06-06T18:44:58","modified_gmt":"2016-06-06T15:44:58","slug":"4-bin-kitaptan-olusturulan-kutuphanenin-acilisi-yapildi","status":"publish","type":"post","link":"https:\/\/www.bbyhaber.com\/bby\/2016\/06\/06\/4-bin-kitaptan-olusturulan-kutuphanenin-acilisi-yapildi","title":{"rendered":"4 Bin Kitaptan Olu\u015fturulan K\u00fct\u00fcphanenin A\u00e7\u0131l\u0131\u015f\u0131 Yap\u0131ld\u0131"},"content":{"rendered":"<p style=\"text-align: justify;\"><strong><img loading=\"lazy\" decoding=\"async\" class=\"alignleft\" src=\"http:\/\/www.ajans12gazetesi.com\/files\/news\/default\/4-bin-kitaptan-olusturulan-kutuphanenin-acilisi-yapildi0f0962ce500a0c26467e.jpg\" width=\"258\" height=\"172\" \/>Bing\u00f6l<\/strong>-\u00c7ocuklar\u0131n hizmetine sunulan k\u00fct\u00fcphanenin a\u00e7\u0131l\u0131\u015f\u0131na Milli E\u011fitim M\u00fcd\u00fcr\u00fc Kadri Engin, \u015eube M\u00fcd\u00fcr\u00fc Orhan Seven, okul idarecileri, \u00f6\u011fretmenler ve \u00f6\u011frenciler kat\u0131ld\u0131. \u0130limiz A\u015fa\u011f\u0131 Yeniba\u015flar \u0130lkokulunda g\u00f6rev yapan Anas\u0131n\u0131f\u0131 \u00f6\u011fretmeni \u015eahender Ulusdalm\u0131\u015f, Okul M\u00fcd\u00fcr\u00fc S\u0131d\u0131k K\u0131z\u0131lbo\u011fa\u2019n\u0131n da deste\u011fini alarak okulun k\u00fct\u00fcphane eksi\u011fini gidermek i\u00e7in sosyal medya \u00fczerinden kampanya ba\u015flatt\u0131.<!--more--><\/p>\n<p style=\"text-align: justify;\">Ulusdalm\u0131\u015f\u2019\u0131n yard\u0131m \u00e7a\u011fr\u0131s\u0131 \u00fczerine Bing\u00f6l\u2019de \u015eehit edilen eski Belediye Ba\u015fkan\u0131 Hikmet Tekin an\u0131s\u0131na yap\u0131lmak \u00fczere Mahmut Tekin taraf\u0131ndan okula g\u00f6nderilen malzemelerle Hikmet Tekin k\u00fct\u00fcphanesi olu\u015fturuldu.<\/p>\n<p style=\"text-align: justify;\">K\u00fct\u00fcphanenin dolap ve raflar\u0131n\u0131n Yeniba\u015flar k\u00f6y\u00fcn\u00fcn yeti\u015ftirdi\u011fi ender insanlardan Mahmut Tekin taraf\u0131ndan kar\u015f\u0131land\u0131\u011f\u0131n\u0131 vurgulayan Ulusdalm\u0131\u015f, k\u00fct\u00fcphanede bulunan kitaplar\u0131n\u00a0 tamam\u0131n\u0131 sosyal medya \u00fczerinden irtibata ge\u00e7erek toplad\u0131\u011f\u0131n\u0131 kaydederek, kitap ba\u011f\u0131\u015f\u0131nda bulunan hay\u0131rsever \u0130stanbul Bilim Koleji, \u0130stanbul Ba\u015fak\u015fehir NEV Okuluna, Ankara Metin Oktay Ortaokuluna, A\u015fhane Bah\u00e7elievler g\u00f6n\u00fcll\u00fcleri derne\u011fi, Kars D\u00fcnya \u0130yilik Hareketi derne\u011fine ve T\u00fcrk Hava G\u00f6n\u00fcll\u00fcleri Yard\u0131m Kul\u00fcb\u00fcne te\u015fekk\u00fcr etti.<\/p>\n<p style=\"text-align: justify;\">\u00a0Kitap okuman\u0131n \u00f6nemine vurgu yapan \u0130l Milli E\u011fitim M\u00fcd\u00fcr\u00fc Kadri Engin, \u201cA\u00e7\u0131l\u0131\u015f\u0131n\u0131 yapt\u0131\u011f\u0131m\u0131z bu k\u00fct\u00fcphane ile \u00e7ocuklar\u0131m\u0131z bo\u015f vakitlerini kitap okuyarak ge\u00e7irecekler. B\u00f6ylelikle \u00e7ocuklar\u0131m\u0131z bilgi ve k\u00fclt\u00fcr seviyelerini daha \u00fcst seviyeye \u00e7\u0131karacaklar\u201d dedi.<\/p>\n<p style=\"text-align: justify;\">Engin ba\u015fta k\u00fct\u00fcphanemizin kurumas\u0131n\u0131 sa\u011flayan Mahmut Tekin\u2019e okul idaresine ve okulda g\u00f6rev yapan \u00f6\u011fretmenlere k\u00fct\u00fcphane kurma \u00e7abas\u0131ndan dolay\u0131 te\u015fekk\u00fcr ediyorum dedi.<\/p>\n<p style=\"text-align: justify;\">Kaynak: <a href=\"http:\/\/www.ajans12gazetesi.com\/\" target=\"_blank\">http:\/\/www.ajans12gazetesi.com\/<\/a><\/p>\n","protected":false},"excerpt":{"rendered":"<p>Bing\u00f6l-\u00c7ocuklar\u0131n hizmetine sunulan k\u00fct\u00fcphanenin a\u00e7\u0131l\u0131\u015f\u0131na Milli E\u011fitim M\u00fcd\u00fcr\u00fc Kadri Engin, \u015eube M\u00fcd\u00fcr\u00fc Orhan Seven, okul idarecileri, \u00f6\u011fretmenler ve \u00f6\u011frenciler kat\u0131ld\u0131. \u0130limiz A\u015fa\u011f\u0131 Yeniba\u015flar \u0130lkokulunda g\u00f6rev yapan Anas\u0131n\u0131f\u0131 \u00f6\u011fretmeni \u015eahender Ulusdalm\u0131\u015f, Okul M\u00fcd\u00fcr\u00fc S\u0131d\u0131k K\u0131z\u0131lbo\u011fa\u2019n\u0131n da deste\u011fini alarak okulun k\u00fct\u00fcphane eksi\u011fini gidermek i\u00e7in sosyal medya \u00fczerinden kampanya ba\u015flatt\u0131.<\/p>\n","protected":false},"author":1,"featured_media":0,"comment_status":"open","ping_status":"open","sticky":false,"template":"","format":"standard","meta":{"footnotes":""},"categories":[1],"tags":[],"class_list":["post-19325","post","type-post","status-publish","format-standard","hentry","category-genel"],"_links":{"self":[{"href":"https:\/\/www.bbyhaber.com\/bby\/wp-json\/wp\/v2\/posts\/19325"}],"collection":[{"href":"https:\/\/www.bbyhaber.com\/bby\/wp-json\/wp\/v2\/posts"}],"about":[{"href":"https:\/\/www.bbyhaber.com\/bby\/wp-json\/wp\/v2\/types\/post"}],"author":[{"embeddable":true,"href":"https:\/\/www.bbyhaber.com\/bby\/wp-json\/wp\/v2\/users\/1"}],"replies":[{"embeddable":true,"href":"https:\/\/www.bbyhaber.com\/bby\/wp-json\/wp\/v2\/comments?post=19325"}],"version-history":[{"count":0,"href":"https:\/\/www.bbyhaber.com\/bby\/wp-json\/wp\/v2\/posts\/19325\/revisions"}],"wp:attachment":[{"href":"https:\/\/www.bbyhaber.com\/bby\/wp-json\/wp\/v2\/media?parent=19325"}],"wp:term":[{"taxonomy":"category","embeddable":true,"href":"https:\/\/www.bbyhaber.com\/bby\/wp-json\/wp\/v2\/categories?post=19325"},{"taxonomy":"post_tag","embeddable":true,"href":"https:\/\/www.bbyhaber.com\/bby\/wp-json\/wp\/v2\/tags?post=19325"}],"curies":[{"name":"wp","href":"https:\/\/api.w.org\/{rel}","templated":true}]}}