{"id":1932,"date":"2011-12-26T15:15:29","date_gmt":"2011-12-26T12:15:29","guid":{"rendered":"http:\/\/www.bbyhaber.com\/bby\/?p=1932"},"modified":"2013-01-14T13:16:33","modified_gmt":"2013-01-14T11:16:33","slug":"istanbul-il-ozel-idaresi-mesihat-defter-ve-arsivlerini-elektronik-ortama-aktariyor","status":"publish","type":"post","link":"https:\/\/www.bbyhaber.com\/bby\/2011\/12\/26\/istanbul-il-ozel-idaresi-mesihat-defter-ve-arsivlerini-elektronik-ortama-aktariyor","title":{"rendered":"\u0130stanbul \u0130l \u00d6zel \u0130daresi, Me\u015fihat defter ve ar\u015fivlerini elektronik ortama aktar\u0131yor"},"content":{"rendered":"<p style=\"text-align: justify;\"><a href=\"http:\/\/www.bbyhaber.com\/bby\/wp-content\/uploads\/2011\/12\/1932.jpg\"><img loading=\"lazy\" decoding=\"async\" class=\"alignleft\" title=\"\u0130stanbul \u0130l \u00d6zel \u0130daresi, Me\u015fihat defter ve ar\u015fivlerini elektronik ortama aktar\u0131yor\" src=\"http:\/\/www.bbyhaber.com\/bby\/wp-content\/uploads\/2011\/12\/1932.jpg\" alt=\"\" width=\"267\" height=\"180\" \/><\/a>\u0130stanbul \u0130l \u00d6zel \u0130daresi, k\u00fclt\u00fcr miras\u0131m\u0131z\u0131n korunmas\u0131 ve gelecek ku\u015faklara aktar\u0131lmas\u0131 amac\u0131 ile Me\u015fihat defter ve ar\u015fivlerini elektronik ortama aktar\u0131yor.<!--more--><\/p>\n<p style=\"text-align: justify;\">\u0130stanbul M\u00fcft\u00fcl\u00fc\u011f\u00fc\u2019n\u00fcn c\u00fcmle kap\u0131s\u0131n\u0131n giri\u015finde, sol taraftaki iki katl\u0131 kargir binan\u0131n alt kat\u0131nda yer alan Me\u015fihat Ar\u015fivi\u2019nde, yazma ve matbu muteber fetva kitaplar\u0131 ba\u015fta olmak \u00fczere;\u015eeyh\u00fclisl\u00e2ml\u0131k Defterleri, Sicil-i Ahv\u00e2l M\u00fcd\u00fcriyeti Defterleri, Nak\u00eeb\u00fc\u2019l-e\u015fr\u00e2fl\u0131k Defterleri, Anadolu ve Rumeli Kad\u0131askerli\u011fi Defterleri, M\u00fch\u00fcr Tatbik Defterleri, Sicill\u00e2t-\u0131 \u015eer\u2018iyye Kay\u0131t Defterlerinin yan\u0131 s\u0131ra 19. y\u00fczy\u0131lda \u015eeyh\u00fclisl\u00e2ml\u0131kta te\u015fekk\u00fcl eden meclis ve dairelere ait toplam 5211 defter bulunuyor.<\/p>\n<p style=\"text-align: justify;\">Ayr\u0131ca son d\u00f6nem Osmanl\u0131 ulemas\u0131na ait yakla\u015f\u0131k 6000 civar\u0131nda Terc\u00fcme-i h\u00e2l (sicil) dosyas\u0131 da burada muhafaza ediliyor. Bu dosyalar i\u00e7erisinde kad\u0131, naib, m\u00fcderris, dersiam, vaiz gibi g\u00f6revlilere ait \u00e7e\u015fitli bilgiler yer al\u0131yor. Bu sicil dosyalar\u0131nda \u015fahs\u0131n ismi, soyu, do\u011fum yeri ve tarihi, e\u011fitim g\u00f6rd\u00fc\u011f\u00fc okullar, memuriyete tayininden emekli oluncaya kadarki ser\u00fcveni, icazetnamesi, varsa yazd\u0131\u011f\u0131 risaleler gibi muhtelif bilgiler de mevcut.<\/p>\n<p style=\"text-align: justify;\">Me\u015fihat Ar\u015fivi\u2019nin defter ve evrak\u0131n\u0131n korunmas\u0131 ad\u0131na \u0130stanbul \u0130l \u00d6zel \u0130daresi ve \u0130l M\u00fcft\u00fcl\u00fc\u011f\u00fc kontrol\u00f6rl\u00fc\u011f\u00fcnde ba\u015flat\u0131lan projeile nadir eser s\u0131n\u0131f\u0131ndaki bu ar\u015fiv evrak ve defterlerinin s\u00fcrekli ara\u015ft\u0131rmac\u0131lara sunulmak \u00fczere ortam\u0131ndan d\u0131\u015far\u0131 \u00e7\u0131kar\u0131lmas\u0131 engellenerek, insan elindeki nemden, hava \u015fartlar\u0131ndan ve olabilecek k\u00f6t\u00fc kullan\u0131m bi\u00e7imlerinden korunmas\u0131 sa\u011flanacak.<\/p>\n<p style=\"text-align: justify;\">Proje kapsam\u0131nda evrak\u0131n taranmas\u0131 i\u00e7in 2 adet A0, 5 adet ise A3 boyutundaki cihazlarla; defterlerin taranmas\u0131 i\u00e7in ise 2 adet b\u00fcy\u00fck, 3 adet k\u00fc\u00e7\u00fck makine ile tarama i\u015flemine ba\u015fland\u0131. Evrak\u0131n tarama i\u015flemi s\u0131ras\u0131nda \u00e7al\u0131\u015fanlar, evraka herhangi bir zarar gelmemesi i\u00e7in eldiven, evraktaki tozlardan korunmak i\u00e7in ise maske kullan\u0131yor. Evrak tarama i\u015fleminde \u00e7al\u0131\u015fan her personel g\u00fcnl\u00fck 750\u2013800 evrak tar\u0131yor. Toplamda proje s\u00fcresi kapsam\u0131nda %10 opsiyonla 1.000.000 adet Me\u015fihat Evrak\u0131 ve 5.300 adet Me\u015fihat Ar\u015fivi Defteri (yakla\u015f\u0131k 800.000 varak) ve 2.000 adet Nadir Eser (yakla\u015f\u0131k 400.000 varak) dijital ortama aktar\u0131lacak. 300\u2013400 DPI \u00e7\u00f6z\u00fcn\u00fcrl\u00fckte ayr\u0131 ayr\u0131 taranan her bir evrak bu say\u0131salla\u015ft\u0131rma projesi kapsam\u0131nda TIFF, JPEG ve PDF formatlar\u0131na d\u00f6n\u00fc\u015ft\u00fcr\u00fclecek.<\/p>\n<p style=\"text-align: justify;\">Ayr\u0131ca yine proje kapsam\u0131nda 5.300 adet Me\u015fihat Ar\u015fivi Defteri ve 2.000 adet nadir esere ait k\u00fcnye bilgileri eserler i\u00e7erisinden okunarak \u00e7\u0131kart\u0131lacak ve g\u00f6r\u00fcnt\u00fcleme ile e\u015f zamanl\u0131 olarak \u0130stanbul \u0130l M\u00fcft\u00fcl\u00fc\u011f\u00fc\u2019n\u00fcn mevcut veri taban\u0131 i\u00e7erisine y\u00fcklenerek dijital ortama aktar\u0131lan materyallerin kuruma ait ar\u015fiv y\u00f6netim otomasyon program\u0131na ba\u011flanacak.<\/p>\n<p style=\"text-align: justify;\">Bu i\u015flemin ger\u00e7ekle\u015fmesiyle birlikte koleksiyonda bulunan materyaller zarar g\u00f6rmeden ve y\u0131pranmadan en sa\u011fl\u0131kl\u0131 bi\u00e7imde gelecek ku\u015faklara aktar\u0131labilinecek ve internet arac\u0131l\u0131\u011f\u0131yla (katalog bilgilerinin) yurti\u00e7inden ve yurtd\u0131\u015f\u0131ndan ara\u015ft\u0131rmac\u0131lara kaliteli, kolay ve h\u0131zl\u0131 bir \u015fekilde hizmet sunulabilecek. Me\u015fihat Ar\u015fivleri ile i\u00e7indeki nadir eserleri gelece\u011fe ta\u015f\u0131man\u0131n hedeflendi\u011fi bu \u00e7al\u0131\u015fman\u0131n 2012 y\u0131l\u0131n\u0131n Haziran ay\u0131nda bitirilmesi hedefleniyor.<\/p>\n<p style=\"text-align: justify;\">Kaynak: http:\/\/www.ioi.gov.tr<\/p>\n","protected":false},"excerpt":{"rendered":"<p>\u0130stanbul \u0130l \u00d6zel \u0130daresi, k\u00fclt\u00fcr miras\u0131m\u0131z\u0131n korunmas\u0131 ve gelecek ku\u015faklara aktar\u0131lmas\u0131 amac\u0131 ile Me\u015fihat defter ve ar\u015fivlerini elektronik ortama aktar\u0131yor.<\/p>\n","protected":false},"author":1,"featured_media":0,"comment_status":"open","ping_status":"open","sticky":false,"template":"","format":"standard","meta":{"footnotes":""},"categories":[1479,1559,1500,1509],"tags":[1096,438,225,224,1441],"class_list":["post-1932","post","type-post","status-publish","format-standard","hentry","category-dijital-kopyalama","category-dijital-kutuphane","category-nadir-eserler","category-yazma-eserler","tag-arsivcilik","tag-el-yazmalari","tag-mesihat-arsivi","tag-mesihat-defterleri","tag-yazma-eser-kutuphaneleri"],"_links":{"self":[{"href":"https:\/\/www.bbyhaber.com\/bby\/wp-json\/wp\/v2\/posts\/1932"}],"collection":[{"href":"https:\/\/www.bbyhaber.com\/bby\/wp-json\/wp\/v2\/posts"}],"about":[{"href":"https:\/\/www.bbyhaber.com\/bby\/wp-json\/wp\/v2\/types\/post"}],"author":[{"embeddable":true,"href":"https:\/\/www.bbyhaber.com\/bby\/wp-json\/wp\/v2\/users\/1"}],"replies":[{"embeddable":true,"href":"https:\/\/www.bbyhaber.com\/bby\/wp-json\/wp\/v2\/comments?post=1932"}],"version-history":[{"count":0,"href":"https:\/\/www.bbyhaber.com\/bby\/wp-json\/wp\/v2\/posts\/1932\/revisions"}],"wp:attachment":[{"href":"https:\/\/www.bbyhaber.com\/bby\/wp-json\/wp\/v2\/media?parent=1932"}],"wp:term":[{"taxonomy":"category","embeddable":true,"href":"https:\/\/www.bbyhaber.com\/bby\/wp-json\/wp\/v2\/categories?post=1932"},{"taxonomy":"post_tag","embeddable":true,"href":"https:\/\/www.bbyhaber.com\/bby\/wp-json\/wp\/v2\/tags?post=1932"}],"curies":[{"name":"wp","href":"https:\/\/api.w.org\/{rel}","templated":true}]}}