{"id":19309,"date":"2016-06-05T13:27:17","date_gmt":"2016-06-05T10:27:17","guid":{"rendered":"http:\/\/www.bbyhaber.com\/bby\/?p=19309"},"modified":"2016-06-08T20:51:51","modified_gmt":"2016-06-08T17:51:51","slug":"turkiyede-bir-ilk-alevi-kitap-fuari-acildi","status":"publish","type":"post","link":"https:\/\/www.bbyhaber.com\/bby\/2016\/06\/05\/turkiyede-bir-ilk-alevi-kitap-fuari-acildi","title":{"rendered":"T\u00fcrkiye&#8217;de bir ilk &#8216;Alevi Kitap Fuar\u0131&#8217; a\u00e7\u0131ld\u0131"},"content":{"rendered":"<p style=\"text-align: justify;\">T\u00fcrkiye\u2019de ilk kez d\u00fczenlenen <strong>Alevi Kitap Fuar\u0131<\/strong>, geni\u015f bir kat\u0131l\u0131mla a\u00e7\u0131ld\u0131. 42 yay\u0131nevinin ve 28 yazar\u0131n kat\u0131ld\u0131\u011f\u0131 fuar\u0131n a\u00e7\u0131l\u0131\u015f\u0131n\u0131 Alevi kurum y\u00f6neticileri ile Kad\u0131k\u00f6y Belediye Ba\u015fkan\u0131 Aykurt Nuho\u011flu ve Kad\u0131k\u00f6y Kaymakam\u0131 Birol Kurubal birlikte yapt\u0131lar. Proje koordinat\u00f6r\u00fc Ayd\u0131n \u0130leri\u2019nin sundu\u011fu a\u00e7\u0131l\u0131\u015f t\u00f6reni semahla ba\u015flad\u0131\u2026 A\u00e7\u0131l\u0131\u015f konu\u015fmas\u0131n\u0131 yapan \u015eahkulu Sultan Vakf\u0131 Ba\u015fkan\u0131 Mehmet \u00c7amur, Alevi Kitap Fuar\u0131\u2019n\u0131n bir ilk oldu\u011funa vurgu yaparak, eme\u011fi ge\u00e7en, katk\u0131 sunan herkese te\u015fekk\u00fcr etti. Alevilikte bilimin \u00f6nemine vurgu yaparak, kitap fuar\u0131n\u0131n ayd\u0131nlanma ve karde\u015flik i\u00e7in \u00f6nemli bir ad\u0131m oldu\u011funu s\u00f6yledi.<!--more--><\/p>\n<p style=\"text-align: justify;\"><a href=\"http:\/\/sahkulu.org\/wp-content\/uploads\/2016\/06\/alevikitapfuar%C4%B1_005.jpg\"><img loading=\"lazy\" decoding=\"async\" class=\"alignnone\" src=\"http:\/\/sahkulu.org\/wp-content\/uploads\/2016\/06\/alevikitapfuar%C4%B1_005.jpg\" width=\"149\" height=\"99\" \/><\/a> <a href=\"http:\/\/sahkulu.org\/wp-content\/uploads\/2016\/06\/alevikitapfuar%C4%B1_17.jpg\"><img loading=\"lazy\" decoding=\"async\" class=\"alignnone\" src=\"http:\/\/sahkulu.org\/wp-content\/uploads\/2016\/06\/alevikitapfuar%C4%B1_17.jpg\" width=\"149\" height=\"99\" \/><\/a><\/p>\n<p style=\"text-align: justify;\">\u00a0<a href=\"http:\/\/sahkulu.org\/wp-content\/uploads\/2016\/06\/alevikitapfuar%C4%B1_11.jpg\"><img loading=\"lazy\" decoding=\"async\" class=\"alignnone\" src=\"http:\/\/sahkulu.org\/wp-content\/uploads\/2016\/06\/alevikitapfuar%C4%B1_11.jpg\" width=\"149\" height=\"99\" \/><\/a> <a href=\"http:\/\/sahkulu.org\/wp-content\/uploads\/2016\/06\/alevikitapfuar%C4%B1_03.jpg\"><img loading=\"lazy\" decoding=\"async\" class=\"alignnone\" src=\"http:\/\/sahkulu.org\/wp-content\/uploads\/2016\/06\/alevikitapfuar%C4%B1_03.jpg\" width=\"149\" height=\"99\" \/><\/a><\/p>\n<p style=\"text-align: justify;\">Alevi Kitap Fuar\u0131 Genel Koordinat\u00f6r\u00fc Necdet Sara\u00e7 ise yapt\u0131\u011f\u0131 konu\u015fmada, \u201cAleviler hep sorunlarla an\u0131l\u0131yor, Aleviler de buna g\u00f6re davran\u0131yor, bir ezberi daha bozuyoruz. 42 yay\u0131nevi, 28 yazar, y\u00fczlerce kitap ile kar\u015f\u0131n\u0131zday\u0131z\u2026 Kitaplar\u0131n bile \u201ckarde\u015f\u201d olmad\u0131\u011f\u0131 bir ortamda kitaplar \u00fczerinden \u201cKitaplar\u0131n karde\u015fli\u011fi\u201dni yakalamak m\u00fcmk\u00fcn\u2026 Kitap Fuar\u0131 yeni bir ba\u015flang\u0131\u00e7, <strong>bu ba\u015flang\u0131\u00e7, Alevi Bilgi Merkezi ile s\u00fcrecek<\/strong>. Bizim amac\u0131m\u0131z inan\u00e7lar ve kimlikler aras\u0131nda ayr\u0131mlar\u0131 art\u0131rmak de\u011fil, kimliklerin rahat telaffuz edilmesini sa\u011flayarak, \u00f6zg\u00fcrl\u00fcklerin \u00f6n\u00fcn\u00fc a\u00e7arak, laik-demokratik bir T\u00fcrkiye\u2019de karde\u015f\u00e7e ya\u015famak.<\/p>\n<p style=\"text-align: justify;\">Kad\u0131k\u00f6y Belediye Ba\u015fkan\u0131 Aykurt Nuho\u011flu ise Alevi Kitap Fuar\u0131 a\u00e7\u0131l\u0131\u015f\u0131nda yapt\u0131\u011f\u0131 konu\u015fmada, \u201c1400 \u00f6ncesi \u015eeyh Bedrettin\u2019in dedi\u011fi gibi cennette cehennemde bu d\u00fcnyada. Bu d\u00fcnyay\u0131 kitapla, bilimle, anlay\u0131\u015fla cennet yapmak m\u00fcmk\u00fcn\u2026 Kad\u0131k\u00f6y\u2019de ayn\u0131 anda iki fuar a\u00e7man\u0131n gururunu ya\u015f\u0131yoruz. Kad\u0131k\u00f6y\u2019de de T\u00fcrkiye\u2019de kitap, okuma k\u00fclt\u00fcr\u00fc \u00e7ok \u00f6nemli, desteklemeye devam edece\u011fiz\u201d dedi.<\/p>\n<p style=\"text-align: justify;\">Kad\u0131k\u00f6y Kaymakam\u0131 Birol Kurubal\u0131, \u201c<strong>\u0130lk emir oku ile ba\u015fl\u0131yor<\/strong>. Kitapla, okumayla aram\u0131zdaki diyalo\u011fu artt\u0131r, sorunlar\u0131 azalt\u0131r\u0131z. Bu t\u00fcr etkinlikler bu nedenle \u00f6nemli\u201d dedi.<\/p>\n<p style=\"text-align: justify;\">Konu\u015fmalardan sonra \u015eahkulu Sultan Vakf\u0131\u2019na katk\u0131lar\u0131ndan dolay\u0131 Kad\u0131k\u00f6y Belediye Ba\u015fkan\u0131 Aykurt Nuho\u011flu\u2019na ve Alevi Bekta\u015fi Enstit\u00fcs\u00fc Ba\u015fkan\u0131 G\u00fclizar Cengiz\u2019e birer plaket sunuldu. Plaket t\u00f6reninde konu\u015fan Alevi Bekta\u015fi Enstit\u00fcs\u00fc Ba\u015fkan\u0131 G\u00fclizar Cengiz, kitap fuar\u0131n\u0131n \u00f6nemine dikkat \u00e7ekerek, bu t\u00fcr \u00f6nemli \u00e7al\u0131\u015fmalara ve bilimsel alandaki \u00e7al\u0131\u015fmalara dikkat \u00e7ekti.<\/p>\n<p style=\"text-align: justify;\">A\u00e7\u0131l\u0131\u015f t\u00f6reni bittikten sonra, Prof. Ali Yaman, Esat Korkmaz, Miyase \u0130lknur ile s\u00f6yle\u015filer yap\u0131ld\u0131.<\/p>\n<p style=\"text-align: justify;\">\u015eahkulu Alevi Kitap Fuar\u0131, Pazar g\u00fcn\u00fc saat 20\u2019ye kadar kitapseverlere hizmet verecek.<\/p>\n<p style=\"text-align: justify;\">Kaynak:<a href=\"http:\/\/www.sahkulu.org\" target=\"_blank\">www.sahkulu.org<\/a><\/p>\n","protected":false},"excerpt":{"rendered":"<p>T\u00fcrkiye\u2019de ilk kez d\u00fczenlenen Alevi Kitap Fuar\u0131, geni\u015f bir kat\u0131l\u0131mla a\u00e7\u0131ld\u0131. 42 yay\u0131nevinin ve 28 yazar\u0131n kat\u0131ld\u0131\u011f\u0131 fuar\u0131n a\u00e7\u0131l\u0131\u015f\u0131n\u0131 Alevi kurum y\u00f6neticileri ile Kad\u0131k\u00f6y Belediye Ba\u015fkan\u0131 Aykurt Nuho\u011flu ve Kad\u0131k\u00f6y Kaymakam\u0131 Birol Kurubal birlikte yapt\u0131lar. Proje koordinat\u00f6r\u00fc Ayd\u0131n \u0130leri\u2019nin sundu\u011fu a\u00e7\u0131l\u0131\u015f t\u00f6reni semahla ba\u015flad\u0131\u2026 A\u00e7\u0131l\u0131\u015f konu\u015fmas\u0131n\u0131 yapan \u015eahkulu Sultan Vakf\u0131 Ba\u015fkan\u0131 Mehmet \u00c7amur, Alevi Kitap [&hellip;]<\/p>\n","protected":false},"author":1,"featured_media":0,"comment_status":"open","ping_status":"open","sticky":false,"template":"","format":"standard","meta":{"footnotes":""},"categories":[588,1493],"tags":[784],"class_list":["post-19309","post","type-post","status-publish","format-standard","hentry","category-kitap-fuarlari","category-kitap-fuarlari-2","tag-alevilik-kutuphane"],"_links":{"self":[{"href":"https:\/\/www.bbyhaber.com\/bby\/wp-json\/wp\/v2\/posts\/19309"}],"collection":[{"href":"https:\/\/www.bbyhaber.com\/bby\/wp-json\/wp\/v2\/posts"}],"about":[{"href":"https:\/\/www.bbyhaber.com\/bby\/wp-json\/wp\/v2\/types\/post"}],"author":[{"embeddable":true,"href":"https:\/\/www.bbyhaber.com\/bby\/wp-json\/wp\/v2\/users\/1"}],"replies":[{"embeddable":true,"href":"https:\/\/www.bbyhaber.com\/bby\/wp-json\/wp\/v2\/comments?post=19309"}],"version-history":[{"count":0,"href":"https:\/\/www.bbyhaber.com\/bby\/wp-json\/wp\/v2\/posts\/19309\/revisions"}],"wp:attachment":[{"href":"https:\/\/www.bbyhaber.com\/bby\/wp-json\/wp\/v2\/media?parent=19309"}],"wp:term":[{"taxonomy":"category","embeddable":true,"href":"https:\/\/www.bbyhaber.com\/bby\/wp-json\/wp\/v2\/categories?post=19309"},{"taxonomy":"post_tag","embeddable":true,"href":"https:\/\/www.bbyhaber.com\/bby\/wp-json\/wp\/v2\/tags?post=19309"}],"curies":[{"name":"wp","href":"https:\/\/api.w.org\/{rel}","templated":true}]}}