{"id":19282,"date":"2016-06-01T15:55:14","date_gmt":"2016-06-01T12:55:14","guid":{"rendered":"http:\/\/www.bbyhaber.com\/bby\/?p=19282"},"modified":"2016-06-26T09:43:21","modified_gmt":"2016-06-26T06:43:21","slug":"ali-fuatkartal-200-sozlesmeli-kutuphaneci-alimina-dair-aciklama-yapti","status":"publish","type":"post","link":"https:\/\/www.bbyhaber.com\/bby\/2016\/06\/01\/ali-fuatkartal-200-sozlesmeli-kutuphaneci-alimina-dair-aciklama-yapti","title":{"rendered":"Ali Fuat KARTAL 200 s\u00f6zle\u015fmeli k\u00fct\u00fcphaneci al\u0131m\u0131na dair a\u00e7\u0131klama yapt\u0131"},"content":{"rendered":"<p style=\"text-align: justify;\"><img loading=\"lazy\" decoding=\"async\" class=\"alignleft\" src=\"http:\/\/www.bbyhaber.com\/bby\/wp-content\/uploads\/2015\/04\/alifuatkartal.jpg\" width=\"324\" height=\"123\" \/>TKD Genel Ba\u015fkan\u0131 Ali Fuat KARTAL 200 s\u00f6zle\u015fmeli k\u00fct\u00fcphaneci al\u0131m\u0131 ile ilgili ya\u015fanan belirsizli\u011fe dair bir a\u00e7\u0131klama yapt\u0131 ve \u015f\u00f6yle ifade etti &#8220;Eski Ba\u015fbakan Say\u0131n Ahmet Davuto\u011flu\u2019nun \u201cS\u00fcrd\u00fcr\u00fclebilir K\u00fclt\u00fcrel Kalk\u0131nma Program\u0131\u201d toplant\u0131s\u0131nda a\u00e7\u0131klad\u0131\u011f\u0131 <span style=\"color: #0000ff;\"><a style=\"color: #0000ff;\" href=\"http:\/\/www.bbyhaber.com\/bby\/2016\/05\/19\/sozlesmeli-200-kutuphaneci-kadrosunda-son-soz-maliyede\/\" target=\"_blank\">200 k\u00fct\u00fcphaneci istihdam<\/a><\/span> edilece\u011fi konusu belirli bir a\u015famaya gelinmi\u015fti.<!--more-->\u00a0Ancak h\u00fck\u00fcmet de\u011fi\u015fikli\u011fi maalesef s\u00fcreci olumsuz etkilemi\u015ftir.\u00a0<strong><span style=\"text-decoration: underline;\">Bug\u00fcn Maliye Bakanl\u0131\u011f\u0131 ile yapt\u0131\u011f\u0131m\u0131z g\u00f6r\u00fc\u015fmede, s\u00f6z konusu kadrolara hen\u00fcz vize verilmedi\u011fini \u00f6\u011frenmi\u015f bulunmaktay\u0131z.<\/span><\/strong><\/p>\n<p style=\"text-align: justify;\">Maliye Bakanl\u0131\u011f\u0131 ilgililerine, meslekta\u015flar\u0131m\u0131z\u0131n ma\u011fdur olmamalar\u0131 i\u00e7in i\u015flemin bir an \u00f6nce tamamlanmas\u0131n\u0131 ve <strong>2014 y\u0131l\u0131 KPSS sonucuna g\u00f6re al\u0131mlar\u0131n yap\u0131lmas\u0131n\u0131 istedik.<\/strong>\u00a0Eski K\u00fclt\u00fcr Bakan\u0131 Say\u0131n Mahir \u00dcnal ile yapt\u0131\u011f\u0131m\u0131z g\u00f6r\u00fc\u015fmeden sonra g\u00f6rd\u00fck ki Say\u0131n Bakan bu konuda ger\u00e7ekten duyarl\u0131 davranm\u0131\u015ft\u0131. Ayn\u0131 duyarl\u0131l\u0131\u011f\u0131 Say\u0131n Nabi Avc\u0131\u2019dan da beklemekteyiz.\u00a0Maliye Bakanl\u0131\u011f\u0131 ile yapt\u0131\u011f\u0131m\u0131z g\u00f6r\u00fc\u015fmeden edindi\u011fimiz izlenim, Say\u0131n Nabi Avc\u0131&#8217;n\u0131n bir an \u00f6nce Maliye Bakan\u0131 ile g\u00f6r\u00fc\u015fmesi, s\u00fcreci h\u0131zland\u0131racakt\u0131r.\u00a0TKD olarak bu konular\u0131 g\u00f6r\u00fc\u015fmek \u00fczere, Say\u0131n Bakandan randevu talebimiz oldu.\u00a0Umar\u0131m bir an \u00f6nce randevu talebimize olumlu yan\u0131t al\u0131r\u0131z.&#8221;<\/p>\n","protected":false},"excerpt":{"rendered":"<p>TKD Genel Ba\u015fkan\u0131 Ali Fuat KARTAL 200 s\u00f6zle\u015fmeli k\u00fct\u00fcphaneci al\u0131m\u0131 ile ilgili ya\u015fanan belirsizli\u011fe dair bir a\u00e7\u0131klama yapt\u0131 ve \u015f\u00f6yle ifade etti &#8220;Eski Ba\u015fbakan Say\u0131n Ahmet Davuto\u011flu\u2019nun \u201cS\u00fcrd\u00fcr\u00fclebilir K\u00fclt\u00fcrel Kalk\u0131nma Program\u0131\u201d toplant\u0131s\u0131nda a\u00e7\u0131klad\u0131\u011f\u0131 200 k\u00fct\u00fcphaneci istihdam edilece\u011fi konusu belirli bir a\u015famaya gelinmi\u015fti.<\/p>\n","protected":false},"author":1,"featured_media":0,"comment_status":"open","ping_status":"open","sticky":false,"template":"","format":"standard","meta":{"footnotes":""},"categories":[31,1,1604],"tags":[],"class_list":["post-19282","post","type-post","status-publish","format-standard","hentry","category-bbykpss","category-genel","category-sozlesmeli-kutuphaneci"],"_links":{"self":[{"href":"https:\/\/www.bbyhaber.com\/bby\/wp-json\/wp\/v2\/posts\/19282"}],"collection":[{"href":"https:\/\/www.bbyhaber.com\/bby\/wp-json\/wp\/v2\/posts"}],"about":[{"href":"https:\/\/www.bbyhaber.com\/bby\/wp-json\/wp\/v2\/types\/post"}],"author":[{"embeddable":true,"href":"https:\/\/www.bbyhaber.com\/bby\/wp-json\/wp\/v2\/users\/1"}],"replies":[{"embeddable":true,"href":"https:\/\/www.bbyhaber.com\/bby\/wp-json\/wp\/v2\/comments?post=19282"}],"version-history":[{"count":0,"href":"https:\/\/www.bbyhaber.com\/bby\/wp-json\/wp\/v2\/posts\/19282\/revisions"}],"wp:attachment":[{"href":"https:\/\/www.bbyhaber.com\/bby\/wp-json\/wp\/v2\/media?parent=19282"}],"wp:term":[{"taxonomy":"category","embeddable":true,"href":"https:\/\/www.bbyhaber.com\/bby\/wp-json\/wp\/v2\/categories?post=19282"},{"taxonomy":"post_tag","embeddable":true,"href":"https:\/\/www.bbyhaber.com\/bby\/wp-json\/wp\/v2\/tags?post=19282"}],"curies":[{"name":"wp","href":"https:\/\/api.w.org\/{rel}","templated":true}]}}