{"id":19271,"date":"2016-05-31T20:27:08","date_gmt":"2016-05-31T17:27:08","guid":{"rendered":"http:\/\/www.bbyhaber.com\/bby\/?p=19271"},"modified":"2018-05-14T11:22:57","modified_gmt":"2018-05-14T08:22:57","slug":"ankosda-yonetim-degisti","status":"publish","type":"post","link":"https:\/\/www.bbyhaber.com\/bby\/2016\/05\/31\/ankosda-yonetim-degisti","title":{"rendered":"ANKOS&#8217;da y\u00f6netim de\u011fi\u015fti"},"content":{"rendered":"<p style=\"text-align: justify;\"><img loading=\"lazy\" decoding=\"async\" class=\"alignleft\" src=\"http:\/\/www.bbyhaber.com\/bby\/wp-content\/uploads\/2016\/05\/ankos-yeni-yonetim2016.jpg\" width=\"239\" height=\"179\" \/>ANKOS&#8217;un Ola\u011fan Genel Kurul Toplant\u0131s\u0131 28 May\u0131s 2016 tarihinde \u0130stanbul Ticaret \u00dcniversite\u2019sinde ger\u00e7ekle\u015ftirildi. A\u00e7\u0131klanan se\u00e7im sonucuna g\u00f6re ANKOS&#8217;un yeni ba\u015fkan\u0131n\u0131n Fatma Tuba Akbayt\u00fcrk oldu\u011fu ifade edildi. Yeni olu\u015fan Y\u00f6netim ve Denetleme Kurulu \u00fcyeleri a\u015fa\u011f\u0131daki gibidir:<!--more--><\/p>\n<p style=\"text-align: justify;\"><strong>Y\u00f6netim Kurulu \u00dcyeleri<\/strong><br \/>\nFatma Tuba Akbayt\u00fcrk (Ba\u015fkan)<span class=\"text_exposed_show\"><br \/>\nCevat G\u00dcVEN (Yazman)<br \/>\nDeniz BALTACI (Sayman)<br \/>\nSami \u00c7UKADAR (\u00dcye)<br \/>\n\u0130smail \u00c7ET\u0130NKAYA (\u00dcye)<br \/>\nAy\u015fen K\u00dcY\u00dcK (\u00dcye)<br \/>\nPervin BEZ\u0130RC\u0130(\u00dcye)<\/span><\/p>\n<div class=\"text_exposed_show\">\n<p style=\"text-align: justify;\"><strong>Denetleme Kurulu \u00dcyeleri<\/strong><br \/>\n\u015eeref DEM\u0130RTA\u015e<br \/>\nYasin DEM\u0130RBA\u015e<br \/>\nS\u00f6nmez \u00c7EL\u0130K<\/p>\n<\/div>\n","protected":false},"excerpt":{"rendered":"<p>ANKOS&#8217;un Ola\u011fan Genel Kurul Toplant\u0131s\u0131 28 May\u0131s 2016 tarihinde \u0130stanbul Ticaret \u00dcniversite\u2019sinde ger\u00e7ekle\u015ftirildi. A\u00e7\u0131klanan se\u00e7im sonucuna g\u00f6re ANKOS&#8217;un yeni ba\u015fkan\u0131n\u0131n Fatma Tuba Akbayt\u00fcrk oldu\u011fu ifade edildi. Yeni olu\u015fan Y\u00f6netim ve Denetleme Kurulu \u00fcyeleri a\u015fa\u011f\u0131daki gibidir:<\/p>\n","protected":false},"author":1,"featured_media":0,"comment_status":"open","ping_status":"open","sticky":false,"template":"","format":"standard","meta":{"footnotes":""},"categories":[1],"tags":[1015],"class_list":["post-19271","post","type-post","status-publish","format-standard","hentry","category-genel","tag-ankos"],"_links":{"self":[{"href":"https:\/\/www.bbyhaber.com\/bby\/wp-json\/wp\/v2\/posts\/19271"}],"collection":[{"href":"https:\/\/www.bbyhaber.com\/bby\/wp-json\/wp\/v2\/posts"}],"about":[{"href":"https:\/\/www.bbyhaber.com\/bby\/wp-json\/wp\/v2\/types\/post"}],"author":[{"embeddable":true,"href":"https:\/\/www.bbyhaber.com\/bby\/wp-json\/wp\/v2\/users\/1"}],"replies":[{"embeddable":true,"href":"https:\/\/www.bbyhaber.com\/bby\/wp-json\/wp\/v2\/comments?post=19271"}],"version-history":[{"count":1,"href":"https:\/\/www.bbyhaber.com\/bby\/wp-json\/wp\/v2\/posts\/19271\/revisions"}],"predecessor-version":[{"id":24328,"href":"https:\/\/www.bbyhaber.com\/bby\/wp-json\/wp\/v2\/posts\/19271\/revisions\/24328"}],"wp:attachment":[{"href":"https:\/\/www.bbyhaber.com\/bby\/wp-json\/wp\/v2\/media?parent=19271"}],"wp:term":[{"taxonomy":"category","embeddable":true,"href":"https:\/\/www.bbyhaber.com\/bby\/wp-json\/wp\/v2\/categories?post=19271"},{"taxonomy":"post_tag","embeddable":true,"href":"https:\/\/www.bbyhaber.com\/bby\/wp-json\/wp\/v2\/tags?post=19271"}],"curies":[{"name":"wp","href":"https:\/\/api.w.org\/{rel}","templated":true}]}}