{"id":1927,"date":"2011-12-26T07:17:37","date_gmt":"2011-12-26T07:17:37","guid":{"rendered":"http:\/\/www.bbyhaber.com\/bby\/?p=1927"},"modified":"2012-06-07T19:09:41","modified_gmt":"2012-06-07T19:09:41","slug":"liseliler-vana-kutuphaneyi-konserle-kuruyor","status":"publish","type":"post","link":"https:\/\/www.bbyhaber.com\/bby\/2011\/12\/26\/liseliler-vana-kutuphaneyi-konserle-kuruyor","title":{"rendered":"Liseliler Van&#8217;a K\u00fct\u00fcphaneyi Konserle Kuruyor"},"content":{"rendered":"<p style=\"text-align: justify;\"><a href=\"http:\/\/www.bbyhaber.com\/bby\/wp-content\/uploads\/2011\/12\/1927.jpg\"><img loading=\"lazy\" decoding=\"async\" class=\"alignleft\" title=\"Liseliler Van\u2019a K\u00fct\u00fcphaneyi Konserle Kuruyor\" src=\"http:\/\/www.bbyhaber.com\/bby\/wp-content\/uploads\/2011\/12\/1927.jpg\" alt=\"\" width=\"194\" height=\"292\" \/><\/a>Liseli Gen\u00e7 Umut olarak 14 Ocak Cumartesi g\u00fcn\u00fc Mimar Sinan G\u00fczel Sanatlar \u00dcniversitesi F\u0131nd\u0131kl\u0131 Kamp\u00fcs\u00fc\u2019nde Van&#8217;daki liseli karde\u015flerimiz i\u00e7in \u2018kitab\u0131n\u0131 al konsere gel\u2019 diyerek bir dayan\u0131\u015fma konseri ger\u00e7ek&#8230;le\u015ftirece\u011fiz. Paras\u0131z olarak ger\u00e7ekle\u015ftirece\u011fimiz konserimizde bilet olarak konsere gelen arkada\u015flar\u0131m\u0131zdan kitap alaca\u011f\u0131z. <!--more-->Toplad\u0131\u011f\u0131m\u0131z bu kitaplarla da Van Belediyesi \u00fczerinden irtibat kurdu\u011fumuz bir liseye k\u00fct\u00fcphane in\u015fa edece\u011fiz, Van halk\u0131n\u0131n ve liseli karde\u015flerimizin yaralar\u0131n\u0131 sarmaya \u00e7al\u0131\u015faca\u011f\u0131z.<\/p>\n<p style=\"text-align: justify;\">Van i\u00e7in neden kitap ?<\/p>\n<p style=\"text-align: justify;\">Liseliler olarak \u00f6zellikle kitap toplamak istedik, \u00e7\u00fcnk\u00fc kitap b\u00f6yle s\u0131k\u0131nt\u0131l\u0131 zamanlarda oradaki bir\u00e7ok liseli arkada\u015f\u0131m\u0131z\u0131n en yak\u0131n dostu olabilir ve i\u00e7ine girdikleri psikolojik y\u0131k\u0131nt\u0131dan bir nebze olsun \u00e7\u0131kartabilir. Ayr\u0131ca liseliler olarak k\u00fct\u00fcphane kurmam\u0131z\u0131n bir di\u011fer nedeni de liselilerin birbirlerine verebilecekleri en g\u00fczel hediye ve dayan\u0131\u015fma g\u00f6stergesi olarak de\u011ferlendirmemiz. \u0130nan\u0131yoruz ki kitaplarla kurulan bir d\u00fcnya en a\u011f\u0131r depremlerde dahi kolay kolay y\u0131k\u0131lmaz. Ayr\u0131ca biz s\u00fcrekli orada olmasak ta g\u00f6nderdi\u011fimiz kitaplar Van&#8217;daki liseli arkada\u015flar\u0131m\u0131zla bizim aram\u0131zda kopar\u0131lmayacak bir ba\u011f geli\u015ftirecek.<\/p>\n<p style=\"text-align: justify;\">Liseliler Van&#8217;a k\u00fct\u00fcphaneyi konserle kuruyor !<\/p>\n<p style=\"text-align: justify;\">Belki de ilk defa kitapla girilen bir konser olmas\u0131 nedeniyle bir o kadar da \u00f6nemli olan bu konserimizde bize sahnede \u015fark\u0131lar\u0131yla Suavi, Onur Ak\u0131n, Bandista ve Karapatl\u0131can e\u015flik edecek. Konuk sanat\u00e7\u0131 olarak o g\u00fcn aram\u0131zda olacak bir\u00e7ok s\u00fcrpriz isimin yan\u0131nda sanat\u00e7\u0131lar, ayd\u0131nlar, yazarlar Van i\u00e7in yapt\u0131\u011f\u0131m\u0131z konserimizde bize deste\u011fini g\u00f6sterecek. 14 Ocak\u2019ta gelin Van\u2019a birlikte k\u00fct\u00fcphane in\u015fa edelim !<\/p>\n<p style=\"text-align: justify;\">Kaynak: http:\/\/www.gencumut.org\/<\/p>\n","protected":false},"excerpt":{"rendered":"<p>Liseli Gen\u00e7 Umut olarak 14 Ocak Cumartesi g\u00fcn\u00fc Mimar Sinan G\u00fczel Sanatlar \u00dcniversitesi F\u0131nd\u0131kl\u0131 Kamp\u00fcs\u00fc\u2019nde Van&#8217;daki liseli karde\u015flerimiz i\u00e7in \u2018kitab\u0131n\u0131 al konsere gel\u2019 diyerek bir dayan\u0131\u015fma konseri ger\u00e7ek&#8230;le\u015ftirece\u011fiz. Paras\u0131z olarak ger\u00e7ekle\u015ftirece\u011fimiz konserimizde bilet olarak konsere gelen arkada\u015flar\u0131m\u0131zdan kitap alaca\u011f\u0131z.<\/p>\n","protected":false},"author":1,"featured_media":0,"comment_status":"open","ping_status":"open","sticky":false,"template":"","format":"standard","meta":{"footnotes":""},"categories":[1555,1,1494],"tags":[223],"class_list":["post-1927","post","type-post","status-publish","format-standard","hentry","category-deprem-kutuphane","category-genel","category-kitap-kampanyasi","tag-liseli-genc-umut"],"_links":{"self":[{"href":"https:\/\/www.bbyhaber.com\/bby\/wp-json\/wp\/v2\/posts\/1927"}],"collection":[{"href":"https:\/\/www.bbyhaber.com\/bby\/wp-json\/wp\/v2\/posts"}],"about":[{"href":"https:\/\/www.bbyhaber.com\/bby\/wp-json\/wp\/v2\/types\/post"}],"author":[{"embeddable":true,"href":"https:\/\/www.bbyhaber.com\/bby\/wp-json\/wp\/v2\/users\/1"}],"replies":[{"embeddable":true,"href":"https:\/\/www.bbyhaber.com\/bby\/wp-json\/wp\/v2\/comments?post=1927"}],"version-history":[{"count":0,"href":"https:\/\/www.bbyhaber.com\/bby\/wp-json\/wp\/v2\/posts\/1927\/revisions"}],"wp:attachment":[{"href":"https:\/\/www.bbyhaber.com\/bby\/wp-json\/wp\/v2\/media?parent=1927"}],"wp:term":[{"taxonomy":"category","embeddable":true,"href":"https:\/\/www.bbyhaber.com\/bby\/wp-json\/wp\/v2\/categories?post=1927"},{"taxonomy":"post_tag","embeddable":true,"href":"https:\/\/www.bbyhaber.com\/bby\/wp-json\/wp\/v2\/tags?post=1927"}],"curies":[{"name":"wp","href":"https:\/\/api.w.org\/{rel}","templated":true}]}}