{"id":19269,"date":"2016-05-31T13:05:29","date_gmt":"2016-05-31T10:05:29","guid":{"rendered":"http:\/\/www.bbyhaber.com\/bby\/?p=19269"},"modified":"2016-05-31T13:10:21","modified_gmt":"2016-05-31T10:10:21","slug":"herkes-icin-kutuphane-projesi-lansmani-gerceklestirildi","status":"publish","type":"post","link":"https:\/\/www.bbyhaber.com\/bby\/2016\/05\/31\/herkes-icin-kutuphane-projesi-lansmani-gerceklestirildi","title":{"rendered":"Herkes \u0130\u00e7in K\u00fct\u00fcphane Projesi lansman\u0131 ger\u00e7ekle\u015ftirildi"},"content":{"rendered":"<p style=\"text-align: justify;\"><img loading=\"lazy\" decoding=\"async\" class=\"alignleft\" src=\"http:\/\/image.cdn.iha.com.tr\/Contents\/images\/2016\/21\/1664565.jpg\" width=\"305\" height=\"162\" \/>Bill Gates Vakf\u0131\u2019n\u0131n maddi deste\u011fi ile T\u00fcrkiye\u2019deki yerel y\u00f6netimlere ba\u011fl\u0131 k\u00fct\u00fcphanelerin toplumsal d\u00f6n\u00fc\u015f\u00fcmde daha etkin yer almalar\u0131n\u0131 ama\u00e7layan &#8220;Herkes i\u00e7in K\u00fct\u00fcphane&#8221; Projesinin lansman\u0131, Antalya\u2019da ger\u00e7ekle\u015ftirildi. Bill ve Melinda Gates Vakf\u0131\u2019n\u0131n finanse etti\u011fi \u201cHerkes i\u00e7in K\u00fct\u00fcphane\u201d projesini Hacettepe \u00dcniversitesi, Hacettepe Teknoloji Transfer Merkezi, T\u00fcrkiye K\u00fct\u00fcphaneciler Derne\u011fi ve Yak\u0131n Do\u011fu \u00dcniversitesi y\u00fcr\u00fct\u00fcyor.<!--more--><\/p>\n<p style=\"text-align: justify;\">&#8220;Herkes \u0130\u00e7in K\u00fct\u00fcphane&#8221; lansman\u0131nda Yak\u0131n Do\u011fu \u00dcniversitesi M\u00fctevelli Heyeti Ba\u015fkan\u0131 Do\u00e7. Dr. \u0130rfan S. G\u00fcnsel ile Yak\u0131n Do\u011fu \u00dcniversitesi B\u00fcy\u00fck K\u00fct\u00fcphane M\u00fcd\u00fcr\u00fc T\u00fcmer Garip, proje orta\u011f\u0131 olarak haz\u0131r bulundu. 200\u2019den fazla kat\u0131l\u0131mc\u0131n\u0131n haz\u0131r oldu\u011fu programda, \u00fcye k\u00fct\u00fcphaneler ve belediyelerin temsilcilerinin yan\u0131 s\u0131ra projeye katk\u0131 sa\u011flayan payda\u015flar\u0131n temsilcileri, medya mensuplar\u0131 ve yurtd\u0131\u015f\u0131ndan davetli konuklar kat\u0131ld\u0131.<\/p>\n<p style=\"text-align: justify;\"><strong>PROJEN\u0130N YOL HAR\u0130TASI VE UYGULANAN D\u0130\u011eER \u00dcLKELERDEN \u00d6RNEKLER ANLATILDI<\/strong><\/p>\n<p style=\"text-align: justify;\">Projenin, \u00fcye k\u00fct\u00fcphanelere ve medyaya tan\u0131t\u0131m\u0131n\u0131n hedeflendi\u011fi lansman kapsam\u0131nda, proje ve \u00e7al\u0131\u015fma gruplar\u0131n\u0131n ger\u00e7ekle\u015ftirdi\u011fi ve ger\u00e7ekle\u015ftirece\u011fi \u00e7al\u0131\u015fmalar ile yol haritalar\u0131, projenin uyguland\u0131\u011f\u0131 di\u011fer \u00fc\u00e7 \u00fclkenin deneyimleri kat\u0131l\u0131mc\u0131larla payla\u015f\u0131ld\u0131.<\/p>\n<p style=\"text-align: justify;\"><strong>\u201cB\u00d6YLE B\u0130R PROJEN\u0130N PROJE ORTA\u011eI OLMAKTAN MUTLUYUZ\u201d<\/strong><\/p>\n<p style=\"text-align: justify;\">Yap\u0131lan toplant\u0131 sonras\u0131 gazetecilere a\u00e7\u0131klamalarda bulunan Yak\u0131n Do\u011fu \u00dcniversitesi M\u00fctevelli Heyeti Ba\u015fkan\u0131 Do\u00e7. Dr. \u0130rfan S. G\u00fcnsel; &#8220;B\u00f6ylesi b\u00fcy\u00fck bir projede, proje orta\u011f\u0131 olarak se\u00e7ilmek bizi gururland\u0131rd\u0131. Projeye, \u0130novasyon Merkezimiz ve S\u00fcper Bilgisayar\u0131m\u0131z ile sistem deste\u011fi veriyoruz ve projenin s\u00fcrd\u00fcrebilirli\u011fini sa\u011fl\u0131yoruz. Proje toplumun hayat standard\u0131n\u0131 de\u011fi\u015ftirmekte \u00f6nemli bir mihenk ta\u015f\u0131 olacakt\u0131r. Bizlerin de katk\u0131s\u0131n\u0131n olabilmesi heyecan vericidir&#8221; dedi.<\/p>\n<p style=\"text-align: justify;\"><strong>\u201cPROJEYE B\u00dcY\u00dcK KATKILARI DOLAYISIYLA YAKIN DO\u011eU \u00dcN\u0130VERS\u0130TES\u0130\u2019NE \u00c7OK TE\u015eEKK\u00dcR EDER\u0130Z<\/strong>\u201d<\/p>\n<p style=\"text-align: justify;\">&#8220;Herkes i\u00e7in K\u00fct\u00fcphane&#8221; projesinin lansman t\u00f6reninde konu\u015fan proje Direkt\u00f6r\u00fc Prof. Mehmet Emin K\u00fc\u00e7\u00fck &#8221; Projenin s\u00fcrd\u00fcr\u00fclebilirli\u011fini Yak\u0131n Do\u011fu \u00dcniversitesi \u0130novasyon Merkezi sa\u011flayacakt\u0131r. Yak\u0131n Do\u011fu \u00dcniversitesi S\u00fcper Bilgisayar\u0131 2018 proje bitiminden itibaren 3 y\u0131l daha her t\u00fcrl\u00fc yedekleme ve sistem deste\u011fi verecektir. Bu projeye katk\u0131lar\u0131ndan dolay\u0131 Yak\u0131n Do\u011fu \u00dcniversitesi M\u00fctevelli Heyeti Ba\u015fkan\u0131 Do\u00e7. Dr. \u0130rfan S. G\u00fcnsel&#8217;e ve Kurucu Rekt\u00f6r Yard\u0131mc\u0131s\u0131 T\u00fcmer Garip&#8217;e sonsuz te\u015fekk\u00fcrlerimizi iletiriz\u201d ifadelerini kulland\u0131.<\/p>\n<p style=\"text-align: justify;\">Kaynak: <a href=\"http:\/\/www.iha.com.tr\/haber-herkes-icin-kutuphane-562414\/\" target=\"_blank\">http:\/\/www.iha.com.tr<\/a>\/<\/p>\n<p style=\"text-align: justify;\">\n","protected":false},"excerpt":{"rendered":"<p>Bill Gates Vakf\u0131\u2019n\u0131n maddi deste\u011fi ile T\u00fcrkiye\u2019deki yerel y\u00f6netimlere ba\u011fl\u0131 k\u00fct\u00fcphanelerin toplumsal d\u00f6n\u00fc\u015f\u00fcmde daha etkin yer almalar\u0131n\u0131 ama\u00e7layan &#8220;Herkes i\u00e7in K\u00fct\u00fcphane&#8221; Projesinin lansman\u0131, Antalya\u2019da ger\u00e7ekle\u015ftirildi. Bill ve Melinda Gates Vakf\u0131\u2019n\u0131n finanse etti\u011fi \u201cHerkes i\u00e7in K\u00fct\u00fcphane\u201d projesini Hacettepe \u00dcniversitesi, Hacettepe Teknoloji Transfer Merkezi, T\u00fcrkiye K\u00fct\u00fcphaneciler Derne\u011fi ve Yak\u0131n Do\u011fu \u00dcniversitesi y\u00fcr\u00fct\u00fcyor.<\/p>\n","protected":false},"author":1,"featured_media":0,"comment_status":"open","ping_status":"open","sticky":false,"template":"","format":"standard","meta":{"footnotes":""},"categories":[1,1577],"tags":[],"class_list":["post-19269","post","type-post","status-publish","format-standard","hentry","category-genel","category-herkes-icin-kutuphane"],"_links":{"self":[{"href":"https:\/\/www.bbyhaber.com\/bby\/wp-json\/wp\/v2\/posts\/19269"}],"collection":[{"href":"https:\/\/www.bbyhaber.com\/bby\/wp-json\/wp\/v2\/posts"}],"about":[{"href":"https:\/\/www.bbyhaber.com\/bby\/wp-json\/wp\/v2\/types\/post"}],"author":[{"embeddable":true,"href":"https:\/\/www.bbyhaber.com\/bby\/wp-json\/wp\/v2\/users\/1"}],"replies":[{"embeddable":true,"href":"https:\/\/www.bbyhaber.com\/bby\/wp-json\/wp\/v2\/comments?post=19269"}],"version-history":[{"count":0,"href":"https:\/\/www.bbyhaber.com\/bby\/wp-json\/wp\/v2\/posts\/19269\/revisions"}],"wp:attachment":[{"href":"https:\/\/www.bbyhaber.com\/bby\/wp-json\/wp\/v2\/media?parent=19269"}],"wp:term":[{"taxonomy":"category","embeddable":true,"href":"https:\/\/www.bbyhaber.com\/bby\/wp-json\/wp\/v2\/categories?post=19269"},{"taxonomy":"post_tag","embeddable":true,"href":"https:\/\/www.bbyhaber.com\/bby\/wp-json\/wp\/v2\/tags?post=19269"}],"curies":[{"name":"wp","href":"https:\/\/api.w.org\/{rel}","templated":true}]}}