{"id":19256,"date":"2016-05-25T20:03:57","date_gmt":"2016-05-25T17:03:57","guid":{"rendered":"http:\/\/www.bbyhaber.com\/bby\/?p=19256"},"modified":"2016-05-28T15:28:22","modified_gmt":"2016-05-28T12:28:22","slug":"otobus-duraginda-kutuphane-hizmeti","status":"publish","type":"post","link":"https:\/\/www.bbyhaber.com\/bby\/2016\/05\/25\/otobus-duraginda-kutuphane-hizmeti","title":{"rendered":"Otob\u00fcs Dura\u011f\u0131nda K\u00fct\u00fcphane Hizmeti"},"content":{"rendered":"<p style=\"text-align: justify;\"><img loading=\"lazy\" decoding=\"async\" class=\"alignleft\" src=\"http:\/\/d.hedefhalk.com\/other\/2016\/05\/25\/suleymanpasa-belediye-baskani-ekrem-eskinat-suleymanpasa-belediyesi-001.jpg\" width=\"276\" height=\"184\" \/>Tekirda\u011f&#8217;da otob\u00fcs dura\u011f\u0131nda k\u00fct\u00fcphane hizmeti ba\u015flad\u0131. S\u00fcleymanpa\u015fa Belediyesi&#8217;nin \u015fehrin belirli b\u00f6lgelerine kurdu\u011fu kitap kumbaralar\u0131 arac\u0131l\u0131\u011f\u0131 ile toplad\u0131\u011f\u0131 kitaplar\u0131 kitap dura\u011f\u0131 ile hizmete sundu\u011fu kitap duraklar\u0131n devam\u0131n\u0131n gelece\u011fi bildirildi. S\u00fcleymanpa\u015fa il\u00e7esinde ilki 100. Y\u0131l Mahallesi Mutlukent \u00c7ay Bah\u00e7esi&#8217;ne yap\u0131lan kitap dura\u011f\u0131n\u0131n kitaplar\u0131 da yerle\u015ftirildi.<!--more--> S\u00fcleymanpa\u015fa Belediye Ba\u015fkan\u0131 Ekrem E\u015fkinat, Belediye Ba\u015fkan Yard\u0131mc\u0131lar\u0131 Berkay \u00c7ak\u0131r ve G\u00fclferah G\u00fcral, S\u00fcleymanpa\u015fa Belediye Meclis \u00dcyeleri \u0130lhan \u0130mrak, Deniz Taner ve G\u00f6n\u00fcl Din\u00e7er ile 100. Y\u0131l Mahallesi Muhtar\u0131 Ali R\u0131za A\u00e7\u0131kg\u00f6z kitap dura\u011fa giderek vatanda\u015flar\u0131 te\u015fvik etmek amac\u0131yla kitap okudu.<\/p>\n<p style=\"text-align: justify;\">&#8220;S\u00dcLEYMANPA\u015eA BELED\u0130YES\u0130 PARKLARINA ARTIK K\u0130TAP OKUYACAK MEKANLAR KAZANDIRMAYA BA\u015eLADI&#8221;<\/p>\n<p style=\"text-align: justify;\">Kitap Durak ile ilgili a\u00e7\u0131klamalarda bulunan S\u00fcleymanpa\u015fa Belediye Ba\u015fkan\u0131 Ekrem E\u015fkinat, &#8220;S\u00fcleymanpa\u015fa Belediyesi parklar\u0131na art\u0131k kitap okuyacak mekanlar kazand\u0131rmaya ba\u015flad\u0131. Buras\u0131 projenin ilk dura\u011f\u0131. 100. Y\u0131l Park\u0131m\u0131z da art\u0131k vatanda\u015flar\u0131m\u0131z\u0131n kitap al\u0131p okuyaca\u011f\u0131 alanlar\u0131 var. Camekanl\u0131 b\u00f6lgeden vatanda\u015flar\u0131m\u0131z kitaplar\u0131n\u0131 al\u0131p burada dinlenerek gece g\u00fcnd\u00fcz rahat rahat kitaplar\u0131n\u0131 okuyacaklar. \u0130sterlerse evlerine de g\u00f6t\u00fcrebilecekler. Ama tekrar geri getirip yerine koymak kayd\u0131yla. Vatanda\u015flar\u0131m\u0131z zaten kitap kumbaralar\u0131na kitaplar\u0131n\u0131 at\u0131p bize teslim ediyorlar. Biz de oradan onlar\u0131 derleyip kitap duraklarda yine onlar\u0131n hizmetlerine sunmaya devam ediyoruz&#8221; dedi.<\/p>\n<p style=\"text-align: justify;\">&#8220;VATANDA\u015eLARIMIZ OTOB\u00dcS BEKLEMEK \u0130\u00c7\u0130N DE\u011e\u0130L K\u0130TAP OKUMAK \u0130\u00c7\u0130N DURACAKLAR&#8221;<\/p>\n<p style=\"text-align: justify;\">Kitap duraklar\u0131n otob\u00fcs beklenen duraklar \u015feklinde olmayaca\u011f\u0131n\u0131n alt\u0131n\u0131 \u00e7izen E\u015fkinat, &#8220;Bizler burada parklar\u0131m\u0131z\u0131 zenginle\u015ftirip insanlar\u0131m\u0131z\u0131n \u00f6zg\u00fcr alanlarda ellerinin alt\u0131nda kitap bulunmas\u0131n\u0131 sa\u011flamak istedik. Bu duraklar san\u0131lan\u0131n aksine otob\u00fcs beklemek i\u00e7in de\u011fil kitap okumak i\u00e7in tasarlanm\u0131\u015f duraklar. Vatanda\u015flar\u0131m\u0131z beklemek i\u00e7in de\u011fil okumak i\u00e7in duracaklar. S\u00fcleymanpa\u015fa Belediyesi&#8217;ne ait parklar\u0131 kitap duraklarla donat\u0131p git gide d\u00fc\u015fen kitap okuma oran\u0131na bir nebze dahi olsa katk\u0131 yapmak istiyoruz&#8221; ifadelerini kulland\u0131.<\/p>\n<p style=\"text-align: justify;\">Kaynak: <a href=\"http:\/\/www.hedefhalk.com\/\" target=\"_blank\">http:\/\/hedefhalk.com\/<\/a><\/p>\n","protected":false},"excerpt":{"rendered":"<p>Tekirda\u011f&#8217;da otob\u00fcs dura\u011f\u0131nda k\u00fct\u00fcphane hizmeti ba\u015flad\u0131. S\u00fcleymanpa\u015fa Belediyesi&#8217;nin \u015fehrin belirli b\u00f6lgelerine kurdu\u011fu kitap kumbaralar\u0131 arac\u0131l\u0131\u011f\u0131 ile toplad\u0131\u011f\u0131 kitaplar\u0131 kitap dura\u011f\u0131 ile hizmete sundu\u011fu kitap duraklar\u0131n devam\u0131n\u0131n gelece\u011fi bildirildi. S\u00fcleymanpa\u015fa il\u00e7esinde ilki 100. Y\u0131l Mahallesi Mutlukent \u00c7ay Bah\u00e7esi&#8217;ne yap\u0131lan kitap dura\u011f\u0131n\u0131n kitaplar\u0131 da yerle\u015ftirildi.<\/p>\n","protected":false},"author":1,"featured_media":0,"comment_status":"open","ping_status":"open","sticky":false,"template":"","format":"standard","meta":{"footnotes":""},"categories":[1566,1,1504],"tags":[],"class_list":["post-19256","post","type-post","status-publish","format-standard","hentry","category-durak-kutuphaneleri","category-genel","category-sokak-kutuphaneleri"],"_links":{"self":[{"href":"https:\/\/www.bbyhaber.com\/bby\/wp-json\/wp\/v2\/posts\/19256"}],"collection":[{"href":"https:\/\/www.bbyhaber.com\/bby\/wp-json\/wp\/v2\/posts"}],"about":[{"href":"https:\/\/www.bbyhaber.com\/bby\/wp-json\/wp\/v2\/types\/post"}],"author":[{"embeddable":true,"href":"https:\/\/www.bbyhaber.com\/bby\/wp-json\/wp\/v2\/users\/1"}],"replies":[{"embeddable":true,"href":"https:\/\/www.bbyhaber.com\/bby\/wp-json\/wp\/v2\/comments?post=19256"}],"version-history":[{"count":0,"href":"https:\/\/www.bbyhaber.com\/bby\/wp-json\/wp\/v2\/posts\/19256\/revisions"}],"wp:attachment":[{"href":"https:\/\/www.bbyhaber.com\/bby\/wp-json\/wp\/v2\/media?parent=19256"}],"wp:term":[{"taxonomy":"category","embeddable":true,"href":"https:\/\/www.bbyhaber.com\/bby\/wp-json\/wp\/v2\/categories?post=19256"},{"taxonomy":"post_tag","embeddable":true,"href":"https:\/\/www.bbyhaber.com\/bby\/wp-json\/wp\/v2\/tags?post=19256"}],"curies":[{"name":"wp","href":"https:\/\/api.w.org\/{rel}","templated":true}]}}