{"id":19236,"date":"2016-05-24T14:18:48","date_gmt":"2016-05-24T11:18:48","guid":{"rendered":"http:\/\/www.bbyhaber.com\/bby\/?p=19236"},"modified":"2016-10-26T17:15:35","modified_gmt":"2016-10-26T14:15:35","slug":"5-ulusal-acik-erisim-calistayi-27-ekim-2016-ankara","status":"publish","type":"post","link":"https:\/\/www.bbyhaber.com\/bby\/2016\/05\/24\/5-ulusal-acik-erisim-calistayi-27-ekim-2016-ankara","title":{"rendered":"5.Ulusal A\u00e7\u0131k Eri\u015fim \u00c7al\u0131\u015ftay\u0131-27 Ekim 2016, Ankara"},"content":{"rendered":"<p style=\"text-align: justify;\"><strong><a href=\"http:\/\/www.bbyhaber.com\/bby\/wp-content\/uploads\/2016\/05\/ae2016_poster.jpg\"><img loading=\"lazy\" decoding=\"async\" class=\"alignleft\" src=\"http:\/\/www.bbyhaber.com\/bby\/wp-content\/uploads\/2016\/05\/ae2016_poster.jpg\" width=\"270\" height=\"128\" \/><\/a><\/strong><\/p>\n<p style=\"text-align: justify;\">Ulusal A\u00e7\u0131k Eri\u015fim \u00c7al\u0131\u015ftay\u0131&#8217;n\u0131n \u0130zmir&#8217;de yap\u0131lmas\u0131 planlanan 5. toplant\u0131s\u0131, \u00fclkemizin i\u00e7inden ge\u00e7mekte oldu\u011fu s\u00fcre\u00e7 nedeniyle <strong><span style=\"color: #ff0000;\">27 Ekim 2016 Per\u015fembe g\u00fcn\u00fc Ankara, T\u00dcB\u0130TAK Feza G\u00fcrsey Salonu<\/span><\/strong>&#8216;nda bir g\u00fcnl\u00fck program \u015feklinde ger\u00e7ekle\u015fecektir. Program\u0131n ayr\u0131nt\u0131lar\u0131 ayr\u0131ca duyurulacakt\u0131r.<\/p>\n<p style=\"text-align: justify;\"><!--more--><\/p>\n<p><span style=\"color: #ff0000;\"><strong>Ulusal A\u00e7\u0131k Eri\u015fim \u00c7al\u0131\u015ftaylar\u0131 Sonu\u00e7 Bildirgeleri:<\/strong><\/span><\/p>\n<p><a href=\"http:\/\/www.bbyhaber.com\/bby\/wp-content\/uploads\/dosyalar\/acikerisim\/belgeler\/1-ulusal-acik-erisim-calistayi-sonuc-bildirgesi-tr.pdf\" target=\"_blank\">1.Ulusal A\u00e7\u0131k Eri\u015fim \u00c7al\u0131\u015ftay\u0131 Sonu\u00e7 Bildirgesi<\/a> (9 Kas\u0131m 2012)<\/p>\n<p><a href=\"http:\/\/www.bbyhaber.com\/bby\/wp-content\/uploads\/dosyalar\/acikerisim\/belgeler\/2-ulusal-acik-erisim-calistayi-sonuc-bildirgesi-tr.pdf\" target=\"_blank\">2.Ulusal A\u00e7\u0131k Eri\u015fim \u00c7al\u0131\u015ftay\u0131 Sonu\u00e7 Bildirgesi<\/a> (22 Ekim 2013)<\/p>\n<p><a href=\"http:\/\/www.bbyhaber.com\/bby\/wp-content\/uploads\/dosyalar\/acikerisim\/belgeler\/3-ulusal-acik-erisim-calistayi-sonuc-bildirgesi-tr.pdf\" target=\"_blank\">3.Ulusal A\u00e7\u0131k Eri\u015fim \u00c7al\u0131\u015ftay\u0131 Sonu\u00e7 Bildirgesi<\/a> (21 Ekim 2014)<\/p>\n<p><a href=\"http:\/\/bbyhaber.com\/bby\/wp-content\/uploads\/dosyalar\/acikerisim\/belgeler\/4-ulusal-acik-erisim-calistayi-sonuc-bildirgesi-tr.pdf\" target=\"_blank\">4.Ulusal A\u00e7\u0131k Eri\u015fim \u00c7al\u0131\u015ftay\u0131 Sonu\u00e7 Bildirgesi<\/a> (21 Ekim 2015)<\/p>\n<p style=\"text-align: justify;\">Uzun zamand\u0131r a\u00e7\u0131k eri\u015fimi konu\u015fuyoruz ve g\u00f6r\u00fcyoruz ki a\u00e7\u0131k eri\u015fim daha bilinir hale geldi. \u015eimdi ara\u015ft\u0131rmac\u0131lar, k\u00fct\u00fcphaneciler, \u00f6\u011frenciler ve a\u00e7\u0131k \u00e7al\u0131\u015fma taahh\u00fcd\u00fcnde bulunan herkesin ara\u015ft\u0131rmalar\u0131 a\u00e7\u0131k yapmak i\u00e7in atabilece\u011fi k\u00fc\u00e7\u00fck ad\u0131mlara odaklanmal\u0131y\u0131z. A\u00e7\u0131k eri\u015fimi tart\u0131\u015fmaktan ziyade \u00f6nemini benimsemi\u015f olarak t\u00fcm payda\u015flar kendi \u00e7al\u0131\u015fmalar\u0131n\u0131 daha a\u00e7\u0131k ve kullan\u0131labilir hale getirerek, meslekta\u015flar\u0131n\u0131 desteklemek ve \u00f6zendirmek i\u00e7in somut ad\u0131mlar atmaya ba\u015flamal\u0131,\u00a0 ara\u015ft\u0131rmada a\u00e7\u0131kl\u0131\u011f\u0131 bir ger\u00e7eklik yapmal\u0131d\u0131r.<\/p>\n<p style=\"text-align: justify;\">\u201cA\u00e7\u0131k Aksiyonda: Anlad\u0131k, Destekledik, S\u0131ra Faaliyette\u201d temas\u0131 ile ger\u00e7ekle\u015ftirilecek olan 5. Ulusal A\u00e7\u0131k Eri\u015fim Konferans\u0131, \u00fclkemizde a\u00e7\u0131k eri\u015fim hareketinin geli\u015fmesinde ve hedeflerin yakalanmas\u0131nda \u00f6nemli bir milat olacakt\u0131r. OpenAIRE Projesi ile ilgili ulusal bir \u00e7al\u0131\u015ftayla ba\u011flant\u0131l\u0131 \u015fekilde ger\u00e7ekle\u015ftirilecek olan konferansta, \u00fclkemiz ve d\u00fcnyadan konusunun uzman\u0131, yetkin davetli konu\u015fmac\u0131lara yer verilecek olup, a\u015fa\u011f\u0131daki ba\u015fl\u0131klar \u00fczerinde durulacakt\u0131r.<\/p>\n<ul style=\"text-align: justify;\">\n<li>A\u00e7\u0131k Bilime Do\u011fru Ara\u015ft\u0131rma Verilerinin Y\u00f6netimi<\/li>\n<li>Ara\u015ft\u0131rma Verisi A\u00e7\u0131k Eri\u015fim Politika \u00d6nerileri<\/li>\n<li>Ara\u015ft\u0131rma Verilerinin Y\u00f6netimi: K\u00fct\u00fcphanecilerin Yetenek ve Yeterlilik Rolleri ve E\u011fitim<\/li>\n<li>Ara\u015ft\u0131rmalarda Verinin Yeniden Kullan\u0131lmas\u0131n\u0131n \u00d6nemi<\/li>\n<li>Ufuk2020 A\u00e7\u0131k Ara\u015ft\u0131rma Verileri Y\u00f6netimi Pilot Uygulamas\u0131<\/li>\n<li>OpenAIRE Altyap\u0131 Hizmetleri<\/li>\n<li>T\u00fcrkiye\u2019de AE Uygulamalar\u0131<\/li>\n<li>AE Kazan\u0131mlar\u0131<\/li>\n<li>A\u00e7\u0131k E\u011fitim Kaynaklar\u0131<\/li>\n<li>Yeni Nesil Kurumsal Ar\u015fivler<\/li>\n<li>T\u00dcB\u0130TAK ve A\u00e7\u0131k Eri\u015fim<\/li>\n<li>Kurumsal ar\u015fivlerde son geli\u015fmeler ve iyi uygulamalar<\/li>\n<\/ul>\n<p style=\"text-align: justify;\">\n","protected":false},"excerpt":{"rendered":"<p>Ulusal A\u00e7\u0131k Eri\u015fim \u00c7al\u0131\u015ftay\u0131&#8217;n\u0131n \u0130zmir&#8217;de yap\u0131lmas\u0131 planlanan 5. toplant\u0131s\u0131, \u00fclkemizin i\u00e7inden ge\u00e7mekte oldu\u011fu s\u00fcre\u00e7 nedeniyle 27 Ekim 2016 Per\u015fembe g\u00fcn\u00fc Ankara, T\u00dcB\u0130TAK Feza G\u00fcrsey Salonu&#8216;nda bir g\u00fcnl\u00fck program \u015feklinde ger\u00e7ekle\u015fecektir. Program\u0131n ayr\u0131nt\u0131lar\u0131 ayr\u0131ca duyurulacakt\u0131r.<\/p>\n","protected":false},"author":1,"featured_media":20018,"comment_status":"open","ping_status":"open","sticky":false,"template":"","format":"standard","meta":{"footnotes":""},"categories":[1472,1473,1501],"tags":[1395],"class_list":["post-19236","post","type-post","status-publish","format-standard","has-post-thumbnail","hentry","category-acik-arsiv","category-acik-erisim","category-open-access","tag-bby-mesleki-etkinlikler-arsivi"],"_links":{"self":[{"href":"https:\/\/www.bbyhaber.com\/bby\/wp-json\/wp\/v2\/posts\/19236"}],"collection":[{"href":"https:\/\/www.bbyhaber.com\/bby\/wp-json\/wp\/v2\/posts"}],"about":[{"href":"https:\/\/www.bbyhaber.com\/bby\/wp-json\/wp\/v2\/types\/post"}],"author":[{"embeddable":true,"href":"https:\/\/www.bbyhaber.com\/bby\/wp-json\/wp\/v2\/users\/1"}],"replies":[{"embeddable":true,"href":"https:\/\/www.bbyhaber.com\/bby\/wp-json\/wp\/v2\/comments?post=19236"}],"version-history":[{"count":0,"href":"https:\/\/www.bbyhaber.com\/bby\/wp-json\/wp\/v2\/posts\/19236\/revisions"}],"wp:featuredmedia":[{"embeddable":true,"href":"https:\/\/www.bbyhaber.com\/bby\/wp-json\/"}],"wp:attachment":[{"href":"https:\/\/www.bbyhaber.com\/bby\/wp-json\/wp\/v2\/media?parent=19236"}],"wp:term":[{"taxonomy":"category","embeddable":true,"href":"https:\/\/www.bbyhaber.com\/bby\/wp-json\/wp\/v2\/categories?post=19236"},{"taxonomy":"post_tag","embeddable":true,"href":"https:\/\/www.bbyhaber.com\/bby\/wp-json\/wp\/v2\/tags?post=19236"}],"curies":[{"name":"wp","href":"https:\/\/api.w.org\/{rel}","templated":true}]}}